{"id":10188,"date":"2013-12-18T11:43:08","date_gmt":"2013-12-18T10:43:08","guid":{"rendered":"http:\/\/www.imakeyousmile.se\/?p=10188"},"modified":"2015-04-19T10:22:30","modified_gmt":"2015-04-19T08:22:30","slug":"gnistrande-vintersminkning","status":"publish","type":"post","link":"https:\/\/www.imakeyousmile.se\/en\/sparkling-winter-make-up\/","title":{"rendered":"Sparkling winter make-up"},"content":{"rendered":"<p>H\u00e4r kommer en sminkning med bara produkter fr\u00e5n<script>\/\/ <![CDATA[\nvar uri = 'http:\/\/impse.tradedoubler.com\/imp?type(js)g(21078810)a(2286222)' + new String (Math.random()).substring (2, 11);\ndocument.write('<sc'+'ript type=\"text\/javascript\" src=\"'+uri+'\" charset=\"ISO-8859-1\"><\/sc'+'ript>');\n\/\/ ]]><\/script>faktiskt!<\/p>\n<p>Ni kanske k\u00e4nner igen den d\u00e4r k\u00e4nslan n\u00e4r man f\u00e5r hem produkter man best\u00e4llt och bara vill testa alltihop p\u00e5 en g\u00e5ng! Helst nyss! S\u00e5 blev det f\u00f6r mig idag :)<\/p>\n<p>En kall partysminkning resulterade det i, perfekt om det \u00e4r mycket sn\u00f6 p\u00e5 ny\u00e5rsafton men den passar s\u00e5klart alla slags vinterfester.<\/p>\n<p>Detta \u00e4r \u00e4ven en sminkning som framh\u00e4ver bruna \u00f6gon f\u00f6r er som har det!<\/p>\n<p><a href=\"http:\/\/www.imakeyousmile.se\/gnistrande-vintersminkning\/img_2587-3\/\" rel=\"attachment wp-att-10189\"><img loading=\"lazy\" decoding=\"async\" class=\"alignnone size-large wp-image-10189\" title=\"IMG_2587\" src=\"http:\/\/www.imakeyousmile.se\/wp-content\/uploads\/2013\/12\/IMG_2587-1024x694.jpg\" alt=\"\" width=\"1024\" height=\"694\" srcset=\"https:\/\/www.imakeyousmile.se\/wp-content\/uploads\/2013\/12\/IMG_2587-1024x694.jpg 1024w, https:\/\/www.imakeyousmile.se\/wp-content\/uploads\/2013\/12\/IMG_2587-300x203.jpg 300w\" sizes=\"(max-width: 1024px) 100vw, 1024px\" \/><\/a><\/p>\n<p>Bl\u00e5tt, silver, skimmer, glitter&#8230; Superh\u00e4rligt!<\/p>\n<p>M\u00e5ste jag understryka att jag \u00e4\u00e4\u00e4\u00e4lskar den bl\u00e5 eyelinern!? :)<\/p>\n<p><a href=\"http:\/\/www.imakeyousmile.se\/gnistrande-vintersminkning\/yves-rocher-nyarssminkning\/\" rel=\"attachment wp-att-10195\"><img loading=\"lazy\" decoding=\"async\" class=\"alignnone size-full wp-image-10195\" title=\"yves rocher ny\u00e5rssminkning\" src=\"http:\/\/www.imakeyousmile.se\/wp-content\/uploads\/2013\/12\/yves-rocher-ny\u00e5rssminkning.jpg\" alt=\"\" width=\"1018\" height=\"506\" srcset=\"https:\/\/www.imakeyousmile.se\/wp-content\/uploads\/2013\/12\/yves-rocher-ny\u00e5rssminkning.jpg 1018w, https:\/\/www.imakeyousmile.se\/wp-content\/uploads\/2013\/12\/yves-rocher-ny\u00e5rssminkning-300x149.jpg 300w\" sizes=\"(max-width: 1018px) 100vw, 1018px\" \/><\/a><\/p>\n<p>H\u00e4r \u00e4r alla grejer jag har anv\u00e4nt, gillar allihop! (Allt \u00e4r fr\u00e5n<script>\/\/ <![CDATA[\nvar uri = 'http:\/\/impse.tradedoubler.com\/imp?type(js)g(21078810)a(2286222)' + new String (Math.random()).substring (2, 11);\ndocument.write('<sc'+'ript type=\"text\/javascript\" src=\"'+uri+'\" charset=\"ISO-8859-1\"><\/sc'+'ript>');\n\/\/ ]]><\/script>)<\/p>\n<p><a href=\"http:\/\/www.imakeyousmile.se\/gnistrande-vintersminkning\/kall-vintersminkning-steg-for-steg\/\" rel=\"attachment wp-att-10192\"><img loading=\"lazy\" decoding=\"async\" class=\"alignnone size-full wp-image-10192\" title=\"kall vintersminkning steg f\u00f6r steg\" src=\"http:\/\/www.imakeyousmile.se\/wp-content\/uploads\/2013\/12\/kall-vintersminkning-steg-f\u00f6r-steg.jpg\" alt=\"\" width=\"2843\" height=\"7487\" \/><\/a><\/p>\n<p>1. <strong><span style=\"color: #0000ff;\">Bl\u00e5 glitter\u00f6gonskugga<\/span><\/strong> innerst p\u00e5 \u00f6gonlocket, <a href=\"https:\/\/dot.yves-rocher.se\/t\/t?a=138068268&#038;as=1548102449&#038;t=2&#038;tk=1&#038;epi=search-replace-yveseyeshadow&#038;url=https:\/\/www.yves-rocher.se\/smink\/ogon\/ogonskugga\/c\/23300?cmSrc=Category\" target=\"_blank\">Yves Rocher Glittrande \u00d6gonskugga (92.Bleu scintillant)<\/a><br \/>\n2. <strong><span style=\"color: #333333;\">Svart glittrig \u00f6gonskugga<\/span><\/strong> ytterst p\u00e5 \u00f6gonlocket, undre fransraden och l\u00e4ngs globlinjen, <a href=\"https:\/\/dot.yves-rocher.se\/t\/t?a=138068268&#038;as=1548102449&#038;t=2&#038;tk=1&#038;epi=search-replace-yveseyeshadow&#038;url=https:\/\/www.yves-rocher.se\/smink\/ogon\/ogonskugga\/c\/23300?cmSrc=Category\" target=\"_blank\">Yves Rocher Glittrande \u00f6gonskugga (83.Noir scintillant)<\/a><br \/>\n3. Sudda kanterna.<br \/>\n4. <strong><span style=\"color: #0000ff;\">Bl\u00e5 kajalpenna<\/span><\/strong> l\u00e4ngs \u00f6vre fransraden och vattenlinjen,<a href=\"https:\/\/dot.yves-rocher.se\/t\/t?a=138068268&#038;as=1548102449&#038;t=2&#038;tk=1&#038;epi=search-replace-yves-penna&#038;url=https:\/\/www.yves-rocher.se\/smink\/ogon\/ogonpenna-och-eyeliner\/c\/23200\" target=\"_blank\"> Yves Rocher Vattenfast \u00f6gonpenna (02. Bleu)<\/a><br \/>\n5. <strong><span style=\"color: #c0c0c0;\">P\u00e4rlemorskimmer<\/span><\/strong> p\u00e5 hela \u00f6gonlocket, <a href=\"https:\/\/dot.yves-rocher.se\/t\/t?a=138068268&#038;as=1548102449&#038;t=2&#038;tk=1&#038;epi=search-replace-yves-parlemo&#038;url=https:\/\/www.yves-rocher.se\/smink\/ansikte\/rouge\/solpuder-paerlemorskimrande-monoi\/p\/86396\" target=\"_blank\">Yves Rocher L\u00f6st P\u00e4rlemorskimmer (05. Kristall P\u00e4rlemor)<\/a><br \/>\n6. \u00a0<strong><span style=\"color: #999999;\">Silverglittrig eyeliner<\/span><\/strong> innerst p\u00e5 undre fransraden, <a href=\"http:\/\/www.yves-rocher.se\/control\/product\/~category_id=22200\/~pcategory=20000\/~product_id=86185N?cmSrc=Category\" target=\"_blank\">Yves Rocher Eyeliner Limited Edition<\/a>.<br \/>\n7.<strong><span style=\"color: #000000;\"> Svart mascara<\/span><\/strong> p\u00e5 alla fransarna, <a href=\"https:\/\/dot.yves-rocher.se\/t\/t?a=138068268&#038;as=1548102449&#038;t=2&#038;tk=1&#038;epi=search-replace-yvesmascara&#038;url=https:\/\/www.yves-rocher.se\/smink\/ogon\/mascara\/c\/23100\" target=\"_blank\">Yves Rocher Lash Plumping Mascara<\/a>.<\/p>\n<p><a href=\"http:\/\/www.imakeyousmile.se\/gnistrande-vintersminkning\/img_2595_111\/\" rel=\"attachment wp-att-10190\"><img loading=\"lazy\" decoding=\"async\" class=\"alignnone size-large wp-image-10190\" title=\"IMG_2595_111\" src=\"http:\/\/www.imakeyousmile.se\/wp-content\/uploads\/2013\/12\/IMG_2595_111-755x1024.jpg\" alt=\"\" width=\"755\" height=\"1024\" srcset=\"https:\/\/www.imakeyousmile.se\/wp-content\/uploads\/2013\/12\/IMG_2595_111-755x1024.jpg 755w, https:\/\/www.imakeyousmile.se\/wp-content\/uploads\/2013\/12\/IMG_2595_111-221x300.jpg 221w, https:\/\/www.imakeyousmile.se\/wp-content\/uploads\/2013\/12\/IMG_2595_111.jpg 1888w\" sizes=\"(max-width: 755px) 100vw, 755px\" \/><\/a><\/p>\n<p><strong><span style=\"color: #ff0000;\">R\u00f6d l\u00e4ppenna<\/span><\/strong>, <a href=\"https:\/\/dot.yves-rocher.se\/t\/t?a=138068268&#038;as=1548102449&#038;t=2&#038;tk=1&#038;epi=search-replace-yves-lipliner&#038;url=https:\/\/www.yves-rocher.se\/smink\/laeppar\/laeppenna\/c\/22300\" target=\"_blank\">Yves Rocher Automatic Lip Liner (31 Rouge)<\/a><\/p>\n<p><a href=\"http:\/\/www.imakeyousmile.se\/gnistrande-vintersminkning\/img_2598_111\/\" rel=\"attachment wp-att-10191\"><img loading=\"lazy\" decoding=\"async\" class=\"alignnone size-large wp-image-10191\" title=\"IMG_2598_111\" src=\"http:\/\/www.imakeyousmile.se\/wp-content\/uploads\/2013\/12\/IMG_2598_111-730x1024.jpg\" alt=\"\" width=\"730\" height=\"1024\" srcset=\"https:\/\/www.imakeyousmile.se\/wp-content\/uploads\/2013\/12\/IMG_2598_111-730x1024.jpg 730w, https:\/\/www.imakeyousmile.se\/wp-content\/uploads\/2013\/12\/IMG_2598_111-214x300.jpg 214w, https:\/\/www.imakeyousmile.se\/wp-content\/uploads\/2013\/12\/IMG_2598_111.jpg 1827w\" sizes=\"(max-width: 730px) 100vw, 730px\" \/><\/a><\/p>\n<p><strong>Hoppas ni gillade sminkningen!<\/strong><\/p>\n","protected":false},"excerpt":{"rendered":"<p>H\u00e4r kommer en sminkning med bara produkter fr\u00e5nfaktiskt! Ni kanske k\u00e4nner igen den d\u00e4r k\u00e4nslan n\u00e4r man f\u00e5r hem produkter man best\u00e4llt och bara vill testa alltihop p\u00e5 en g\u00e5ng! Helst nyss! S\u00e5 blev det f\u00f6r mig idag :) En kall partysminkning resulterade det i, perfekt om det \u00e4r mycket sn\u00f6 p\u00e5 ny\u00e5rsafton men den [&hellip;]<\/p>\n","protected":false},"author":30,"featured_media":10189,"comment_status":"open","ping_status":"closed","sticky":false,"template":"","format":"standard","meta":{"footnotes":""},"categories":[2623],"tags":[35,1457,14,1486,1314],"class_list":["post-10188","post","type-post","status-publish","format-standard","has-post-thumbnail","hentry","category-sminkningar","tag-glittrig-nyarssminkning","tag-new-years-eve-makeup","tag-nyarssminkning","tag-nyarssminkning-steg-for-steg-kall-nyarssminkning","tag-vintersminkning-steg-for-steg"],"yoast_head":"<!-- This site is optimized with the Yoast SEO Premium plugin v14.9 - https:\/\/yoast.com\/wordpress\/plugins\/seo\/ -->\n<meta name=\"description\" content=\"Gnistrande vintersminkning | Helena Amiley - H\u00e4r hittar du senaste infromation om sk\u00f6nhet, livsstil, entrepren\u00f6rskap, makeup &amp; tips.\" \/>\n<meta name=\"robots\" content=\"index, follow, max-snippet:-1, max-image-preview:large, max-video-preview:-1\" \/>\n<link rel=\"canonical\" href=\"https:\/\/www.imakeyousmile.se\/en\/gnistrande-vintersminkning\/\" \/>\n<meta property=\"og:locale\" content=\"en_US\" \/>\n<meta property=\"og:type\" content=\"article\" \/>\n<meta property=\"og:title\" content=\"Gnistrande vintersminkning | Imakeyousmile.se\" \/>\n<meta property=\"og:description\" content=\"Gnistrande vintersminkning | Helena Amiley - H\u00e4r hittar du senaste infromation om sk\u00f6nhet, livsstil, entrepren\u00f6rskap, makeup &amp; tips.\" \/>\n<meta property=\"og:url\" content=\"https:\/\/www.imakeyousmile.se\/en\/gnistrande-vintersminkning\/\" \/>\n<meta property=\"og:site_name\" content=\"Imakeyousmile.se\" \/>\n<meta property=\"article:author\" content=\"https:\/\/www.facebook.com\/imakeyousmile.se\" \/>\n<meta property=\"article:published_time\" content=\"2013-12-18T10:43:08+00:00\" \/>\n<meta property=\"article:modified_time\" content=\"2015-04-19T08:22:30+00:00\" \/>\n<meta property=\"og:image\" content=\"https:\/\/www.imakeyousmile.se\/wp-content\/uploads\/2013\/12\/IMG_2587.jpg\" \/>\n\t<meta property=\"og:image:width\" content=\"2560\" \/>\n\t<meta property=\"og:image:height\" content=\"1735\" \/>\n<meta name=\"twitter:card\" content=\"summary_large_image\" \/>\n<script type=\"application\/ld+json\" class=\"yoast-schema-graph\">{\"@context\":\"https:\/\/schema.org\",\"@graph\":[{\"@type\":\"Organization\",\"@id\":\"https:\/\/www.imakeyousmile.se\/en\/#organization\",\"name\":\"Imakeyousmile\",\"url\":\"https:\/\/www.imakeyousmile.se\/en\/\",\"sameAs\":[],\"logo\":{\"@type\":\"ImageObject\",\"@id\":\"https:\/\/www.imakeyousmile.se\/en\/#logo\",\"inLanguage\":\"en-US\",\"url\":\"https:\/\/www.imakeyousmile.se\/wp-content\/uploads\/2020\/10\/HELENA-AMILEY_SVART-1-e1603367975324.png\",\"width\":280,\"height\":93,\"caption\":\"Imakeyousmile\"},\"image\":{\"@id\":\"https:\/\/www.imakeyousmile.se\/en\/#logo\"}},{\"@type\":\"WebSite\",\"@id\":\"https:\/\/www.imakeyousmile.se\/en\/#website\",\"url\":\"https:\/\/www.imakeyousmile.se\/en\/\",\"name\":\"Imakeyousmile.se\",\"description\":\"Helena Amiley - Beauty, Entrepreneur, Lifestyle\",\"publisher\":{\"@id\":\"https:\/\/www.imakeyousmile.se\/en\/#organization\"},\"potentialAction\":[{\"@type\":\"SearchAction\",\"target\":\"https:\/\/www.imakeyousmile.se\/en\/?s={search_term_string}\",\"query-input\":\"required name=search_term_string\"}],\"inLanguage\":\"en-US\"},{\"@type\":\"ImageObject\",\"@id\":\"https:\/\/www.imakeyousmile.se\/gnistrande-vintersminkning\/#primaryimage\",\"inLanguage\":\"en-US\",\"url\":\"https:\/\/www.imakeyousmile.se\/wp-content\/uploads\/2013\/12\/IMG_2587.jpg\",\"width\":2560,\"height\":1735},{\"@type\":\"WebPage\",\"@id\":\"https:\/\/www.imakeyousmile.se\/gnistrande-vintersminkning\/#webpage\",\"url\":\"https:\/\/www.imakeyousmile.se\/gnistrande-vintersminkning\/\",\"name\":\"Gnistrande vintersminkning | Imakeyousmile.se\",\"isPartOf\":{\"@id\":\"https:\/\/www.imakeyousmile.se\/en\/#website\"},\"primaryImageOfPage\":{\"@id\":\"https:\/\/www.imakeyousmile.se\/gnistrande-vintersminkning\/#primaryimage\"},\"datePublished\":\"2013-12-18T10:43:08+00:00\",\"dateModified\":\"2015-04-19T08:22:30+00:00\",\"description\":\"Gnistrande vintersminkning | Helena Amiley - H\\u00e4r hittar du senaste infromation om sk\\u00f6nhet, livsstil, entrepren\\u00f6rskap, makeup & tips.\",\"inLanguage\":\"en-US\",\"potentialAction\":[{\"@type\":\"ReadAction\",\"target\":[\"https:\/\/www.imakeyousmile.se\/gnistrande-vintersminkning\/\"]}]},{\"@type\":\"Article\",\"@id\":\"https:\/\/www.imakeyousmile.se\/gnistrande-vintersminkning\/#article\",\"isPartOf\":{\"@id\":\"https:\/\/www.imakeyousmile.se\/gnistrande-vintersminkning\/#webpage\"},\"author\":{\"@id\":\"https:\/\/www.imakeyousmile.se\/en\/#\/schema\/person\/b0fd43b1c6bb1c60cfd68bff9b4a10fb\"},\"headline\":\"Gnistrande vintersminkning\",\"datePublished\":\"2013-12-18T10:43:08+00:00\",\"dateModified\":\"2015-04-19T08:22:30+00:00\",\"mainEntityOfPage\":{\"@id\":\"https:\/\/www.imakeyousmile.se\/gnistrande-vintersminkning\/#webpage\"},\"commentCount\":0,\"publisher\":{\"@id\":\"https:\/\/www.imakeyousmile.se\/en\/#organization\"},\"image\":{\"@id\":\"https:\/\/www.imakeyousmile.se\/gnistrande-vintersminkning\/#primaryimage\"},\"keywords\":\"Glittrig ny\\u00e5rssminkning,new years eve makeup,Ny\\u00e5rssminkning,ny\\u00e5rssminkning steg f\\u00f6r steg kall ny\\u00e5rssminkning,vintersminkning steg f\\u00f6r steg\",\"articleSection\":\"Sminkningar\",\"inLanguage\":\"en-US\",\"potentialAction\":[{\"@type\":\"CommentAction\",\"name\":\"Comment\",\"target\":[\"https:\/\/www.imakeyousmile.se\/gnistrande-vintersminkning\/#respond\"]}]},{\"@type\":\"Person\",\"@id\":\"https:\/\/www.imakeyousmile.se\/en\/#\/schema\/person\/b0fd43b1c6bb1c60cfd68bff9b4a10fb\",\"name\":\"Helena Amiley\",\"image\":{\"@type\":\"ImageObject\",\"@id\":\"https:\/\/www.imakeyousmile.se\/en\/#personlogo\",\"inLanguage\":\"en-US\",\"url\":\"https:\/\/secure.gravatar.com\/avatar\/5645558e1e355457a23368d7e1b4c904?s=96&d=mm&r=g\",\"caption\":\"Helena Amiley\"},\"description\":\"Jag skriver mest om sk\\u00f6nhet men bjuder \\u00e4ven p\\u00e5 glimtar fr\\u00e5n entrepren\\u00f6rlivet och bygget av v\\u00e5r egen camper van. Vanlife here we come!\",\"sameAs\":[\"https:\/\/www.facebook.com\/imakeyousmile.se\",\"https:\/\/www.instagram.com\/helenaamiley\",\"https:\/\/www.youtube.com\/channel\/UCR5iB6rvpV6Yr8ZjpQfr5mg?view_as=subscriber\"]}]}<\/script>\n<!-- \/ Yoast SEO Premium plugin. -->","_links":{"self":[{"href":"https:\/\/www.imakeyousmile.se\/en\/wp-json\/wp\/v2\/posts\/10188"}],"collection":[{"href":"https:\/\/www.imakeyousmile.se\/en\/wp-json\/wp\/v2\/posts"}],"about":[{"href":"https:\/\/www.imakeyousmile.se\/en\/wp-json\/wp\/v2\/types\/post"}],"author":[{"embeddable":true,"href":"https:\/\/www.imakeyousmile.se\/en\/wp-json\/wp\/v2\/users\/30"}],"replies":[{"embeddable":true,"href":"https:\/\/www.imakeyousmile.se\/en\/wp-json\/wp\/v2\/comments?post=10188"}],"version-history":[{"count":2,"href":"https:\/\/www.imakeyousmile.se\/en\/wp-json\/wp\/v2\/posts\/10188\/revisions"}],"predecessor-version":[{"id":40434,"href":"https:\/\/www.imakeyousmile.se\/en\/wp-json\/wp\/v2\/posts\/10188\/revisions\/40434"}],"wp:featuredmedia":[{"embeddable":true,"href":"https:\/\/www.imakeyousmile.se\/en\/wp-json\/wp\/v2\/media\/10189"}],"wp:attachment":[{"href":"https:\/\/www.imakeyousmile.se\/en\/wp-json\/wp\/v2\/media?parent=10188"}],"wp:term":[{"taxonomy":"category","embeddable":true,"href":"https:\/\/www.imakeyousmile.se\/en\/wp-json\/wp\/v2\/categories?post=10188"},{"taxonomy":"post_tag","embeddable":true,"href":"https:\/\/www.imakeyousmile.se\/en\/wp-json\/wp\/v2\/tags?post=10188"}],"curies":[{"name":"wp","href":"https:\/\/api.w.org\/{rel}","templated":true}]}}