{"id":1029,"date":"2012-03-10T14:05:00","date_gmt":"2012-03-10T13:05:00","guid":{"rendered":"http:\/\/www.imakeyousmile.se\/vilken-morgon\/"},"modified":"2012-03-10T14:05:00","modified_gmt":"2012-03-10T13:05:00","slug":"vilken-morgon","status":"publish","type":"post","link":"https:\/\/www.imakeyousmile.se\/en\/what-morning\/","title":{"rendered":"What a morning!"},"content":{"rendered":"<p>For several months I have thought that Miska calls me &quot;Mixie&quot;, a little cute nickname like that I think :)<\/p>\n<p>But this morning when I asked him where he actually got it from, he did not understand anything. \u201d<strong>I do not call you that, miksi means <em>why<\/em> in Finnish<\/strong>a. \u201d\u00a0\u00a0\u00a0\u00a0 \u00a0<em>Jaha\u2026.<\/em><\/p>\n<p>A little later he brings out one <span style=\"color: #e06666;\"><strong>pink baby jumpsuit<\/strong><\/span>:<\/p>\n<p><strong>Miska -<\/strong> <em>Check! This is what our daughter will have later<\/em>.<br \/><strong>I -<\/strong><em> Eeeh ..<\/em><br \/><strong>Miska -<\/strong> <em>I&#039;re already started planning everything. Her name will be Dolares!<\/em><br \/><strong>I -<\/strong> <em>He he he\u2026?<\/em><br \/><strong>Miska -<\/strong> <em>Do not laugh, she&#039;s going to be the school bitch.<\/em><\/p>\n<div style=\"clear: both; text-align: center;\"><\/div>\n<div style=\"clear: both; text-align: center;\"><\/div>\n<div style=\"clear: both; text-align: left;\">The second after, he tells me to sit completely\u00a0<span style=\"font-size: x-large;\">still<\/span>, do something on my back and then pick up the camera:<\/div>\n<div style=\"clear: both; text-align: left;\"><\/div>\n<div style=\"clear: both; text-align: left;\"><\/div>\n<div style=\"clear: both; text-align: center;\"><a href=\"http:\/\/2.bp.blogspot.com\/-zBpFB4ZVsUY\/T1s6SGKWi1I\/AAAAAAAAGFc\/ITa607ykbJI\/s1600\/DSC00165.jpg\" style=\"margin-left: 1em; margin-right: 1em;\"><img loading=\"lazy\" decoding=\"async\" border=\"0\" height=\"400\" src=\"http:\/\/2.bp.blogspot.com\/-zBpFB4ZVsUY\/T1s6SGKWi1I\/AAAAAAAAGFc\/ITa607ykbJI\/s400\/DSC00165.jpg\" width=\"337\" yda=\"true\" \/><\/a><\/div>\n<div style=\"text-align: center;\"><span style=\"font-size: x-large;\">I do not have it easy not <\/span><span style=\"font-size: large;\">:)<\/span><\/div>","protected":false},"excerpt":{"rendered":"<p>Jag har i flera m\u00e5naders tid trott att Miska kallar mig f\u00f6r\u00a0&#8221;Mixie&#8221;, lite gulligt smeknamn s\u00e5d\u00e4r tycker jag :) Men i\u00a0morse n\u00e4r jag fr\u00e5gade honom var ifr\u00e5n han egentligen har f\u00e5tt det, s\u00e5 fattade han ingenting. &#8221;Jag kallar dig inte f\u00f6r det, miksi betyder varf\u00f6r p\u00e5 finska.&#8221;\u00a0\u00a0\u00a0\u00a0 \u00a0Jaha&#8230;. Lite\u00a0senare tar han fram en rosa baby [&hellip;]<\/p>\n","protected":false},"author":30,"featured_media":0,"comment_status":"open","ping_status":"open","sticky":false,"template":"","format":"standard","meta":{"footnotes":""},"categories":[3],"tags":[],"class_list":["post-1029","post","type-post","status-publish","format-standard","hentry","category-allmant"],"yoast_head":"<!-- This site is optimized with the Yoast SEO Premium plugin v14.9 - https:\/\/yoast.com\/wordpress\/plugins\/seo\/ -->\n<meta name=\"description\" content=\"Vilken morgon! | Helena Amiley - H\u00e4r hittar du senaste infromation om sk\u00f6nhet, livsstil, entrepren\u00f6rskap, makeup &amp; tips.\" \/>\n<meta name=\"robots\" content=\"index, follow, max-snippet:-1, max-image-preview:large, max-video-preview:-1\" \/>\n<link rel=\"canonical\" href=\"https:\/\/www.imakeyousmile.se\/en\/vilken-morgon\/\" \/>\n<meta property=\"og:locale\" content=\"en_US\" \/>\n<meta property=\"og:type\" content=\"article\" \/>\n<meta property=\"og:title\" content=\"Vilken morgon! | Imakeyousmile.se\" \/>\n<meta property=\"og:description\" content=\"Vilken morgon! | Helena Amiley - H\u00e4r hittar du senaste infromation om sk\u00f6nhet, livsstil, entrepren\u00f6rskap, makeup &amp; tips.\" \/>\n<meta property=\"og:url\" content=\"https:\/\/www.imakeyousmile.se\/en\/vilken-morgon\/\" \/>\n<meta property=\"og:site_name\" content=\"Imakeyousmile.se\" \/>\n<meta property=\"article:author\" content=\"https:\/\/www.facebook.com\/imakeyousmile.se\" \/>\n<meta property=\"article:published_time\" content=\"2012-03-10T13:05:00+00:00\" \/>\n<meta property=\"og:image\" content=\"http:\/\/2.bp.blogspot.com\/-zBpFB4ZVsUY\/T1s6SGKWi1I\/AAAAAAAAGFc\/ITa607ykbJI\/s400\/DSC00165.jpg\" \/>\n<meta name=\"twitter:card\" content=\"summary_large_image\" \/>\n<script type=\"application\/ld+json\" class=\"yoast-schema-graph\">{\"@context\":\"https:\/\/schema.org\",\"@graph\":[{\"@type\":\"Organization\",\"@id\":\"https:\/\/www.imakeyousmile.se\/en\/#organization\",\"name\":\"Imakeyousmile\",\"url\":\"https:\/\/www.imakeyousmile.se\/en\/\",\"sameAs\":[],\"logo\":{\"@type\":\"ImageObject\",\"@id\":\"https:\/\/www.imakeyousmile.se\/en\/#logo\",\"inLanguage\":\"en-US\",\"url\":\"https:\/\/www.imakeyousmile.se\/wp-content\/uploads\/2020\/10\/HELENA-AMILEY_SVART-1-e1603367975324.png\",\"width\":280,\"height\":93,\"caption\":\"Imakeyousmile\"},\"image\":{\"@id\":\"https:\/\/www.imakeyousmile.se\/en\/#logo\"}},{\"@type\":\"WebSite\",\"@id\":\"https:\/\/www.imakeyousmile.se\/en\/#website\",\"url\":\"https:\/\/www.imakeyousmile.se\/en\/\",\"name\":\"Imakeyousmile.se\",\"description\":\"Helena Amiley - Beauty, Entrepreneur, Lifestyle\",\"publisher\":{\"@id\":\"https:\/\/www.imakeyousmile.se\/en\/#organization\"},\"potentialAction\":[{\"@type\":\"SearchAction\",\"target\":\"https:\/\/www.imakeyousmile.se\/en\/?s={search_term_string}\",\"query-input\":\"required name=search_term_string\"}],\"inLanguage\":\"en-US\"},{\"@type\":\"ImageObject\",\"@id\":\"https:\/\/www.imakeyousmile.se\/vilken-morgon\/#primaryimage\",\"inLanguage\":\"en-US\",\"url\":\"http:\/\/2.bp.blogspot.com\/-zBpFB4ZVsUY\/T1s6SGKWi1I\/AAAAAAAAGFc\/ITa607ykbJI\/s400\/DSC00165.jpg\"},{\"@type\":\"WebPage\",\"@id\":\"https:\/\/www.imakeyousmile.se\/vilken-morgon\/#webpage\",\"url\":\"https:\/\/www.imakeyousmile.se\/vilken-morgon\/\",\"name\":\"Vilken morgon! | Imakeyousmile.se\",\"isPartOf\":{\"@id\":\"https:\/\/www.imakeyousmile.se\/en\/#website\"},\"primaryImageOfPage\":{\"@id\":\"https:\/\/www.imakeyousmile.se\/vilken-morgon\/#primaryimage\"},\"datePublished\":\"2012-03-10T13:05:00+00:00\",\"dateModified\":\"2012-03-10T13:05:00+00:00\",\"description\":\"Vilken morgon! | Helena Amiley - H\\u00e4r hittar du senaste infromation om sk\\u00f6nhet, livsstil, entrepren\\u00f6rskap, makeup & tips.\",\"inLanguage\":\"en-US\",\"potentialAction\":[{\"@type\":\"ReadAction\",\"target\":[\"https:\/\/www.imakeyousmile.se\/vilken-morgon\/\"]}]},{\"@type\":\"Article\",\"@id\":\"https:\/\/www.imakeyousmile.se\/vilken-morgon\/#article\",\"isPartOf\":{\"@id\":\"https:\/\/www.imakeyousmile.se\/vilken-morgon\/#webpage\"},\"author\":{\"@id\":\"https:\/\/www.imakeyousmile.se\/en\/#\/schema\/person\/b0fd43b1c6bb1c60cfd68bff9b4a10fb\"},\"headline\":\"Vilken morgon!\",\"datePublished\":\"2012-03-10T13:05:00+00:00\",\"dateModified\":\"2012-03-10T13:05:00+00:00\",\"mainEntityOfPage\":{\"@id\":\"https:\/\/www.imakeyousmile.se\/vilken-morgon\/#webpage\"},\"commentCount\":0,\"publisher\":{\"@id\":\"https:\/\/www.imakeyousmile.se\/en\/#organization\"},\"image\":{\"@id\":\"https:\/\/www.imakeyousmile.se\/vilken-morgon\/#primaryimage\"},\"articleSection\":\"\\u00d6vrigt\",\"inLanguage\":\"en-US\",\"potentialAction\":[{\"@type\":\"CommentAction\",\"name\":\"Comment\",\"target\":[\"https:\/\/www.imakeyousmile.se\/vilken-morgon\/#respond\"]}]},{\"@type\":\"Person\",\"@id\":\"https:\/\/www.imakeyousmile.se\/en\/#\/schema\/person\/b0fd43b1c6bb1c60cfd68bff9b4a10fb\",\"name\":\"Helena Amiley\",\"image\":{\"@type\":\"ImageObject\",\"@id\":\"https:\/\/www.imakeyousmile.se\/en\/#personlogo\",\"inLanguage\":\"en-US\",\"url\":\"https:\/\/secure.gravatar.com\/avatar\/5645558e1e355457a23368d7e1b4c904?s=96&d=mm&r=g\",\"caption\":\"Helena Amiley\"},\"description\":\"Jag skriver mest om sk\\u00f6nhet men bjuder \\u00e4ven p\\u00e5 glimtar fr\\u00e5n entrepren\\u00f6rlivet och bygget av v\\u00e5r egen camper van. Vanlife here we come!\",\"sameAs\":[\"https:\/\/www.facebook.com\/imakeyousmile.se\",\"https:\/\/www.instagram.com\/helenaamiley\",\"https:\/\/www.youtube.com\/channel\/UCR5iB6rvpV6Yr8ZjpQfr5mg?view_as=subscriber\"]}]}<\/script>\n<!-- \/ Yoast SEO Premium plugin. -->","_links":{"self":[{"href":"https:\/\/www.imakeyousmile.se\/en\/wp-json\/wp\/v2\/posts\/1029"}],"collection":[{"href":"https:\/\/www.imakeyousmile.se\/en\/wp-json\/wp\/v2\/posts"}],"about":[{"href":"https:\/\/www.imakeyousmile.se\/en\/wp-json\/wp\/v2\/types\/post"}],"author":[{"embeddable":true,"href":"https:\/\/www.imakeyousmile.se\/en\/wp-json\/wp\/v2\/users\/30"}],"replies":[{"embeddable":true,"href":"https:\/\/www.imakeyousmile.se\/en\/wp-json\/wp\/v2\/comments?post=1029"}],"version-history":[{"count":0,"href":"https:\/\/www.imakeyousmile.se\/en\/wp-json\/wp\/v2\/posts\/1029\/revisions"}],"wp:attachment":[{"href":"https:\/\/www.imakeyousmile.se\/en\/wp-json\/wp\/v2\/media?parent=1029"}],"wp:term":[{"taxonomy":"category","embeddable":true,"href":"https:\/\/www.imakeyousmile.se\/en\/wp-json\/wp\/v2\/categories?post=1029"},{"taxonomy":"post_tag","embeddable":true,"href":"https:\/\/www.imakeyousmile.se\/en\/wp-json\/wp\/v2\/tags?post=1029"}],"curies":[{"name":"wp","href":"https:\/\/api.w.org\/{rel}","templated":true}]}}