{"id":10294,"date":"2013-12-22T07:18:40","date_gmt":"2013-12-22T06:18:40","guid":{"rendered":"http:\/\/www.imakeyousmile.se\/?p=10294"},"modified":"2013-12-21T23:22:46","modified_gmt":"2013-12-21T22:22:46","slug":"redo-for-julen","status":"publish","type":"post","link":"https:\/\/www.imakeyousmile.se\/en\/ready-for-christmas\/","title":{"rendered":"Ready for Christmas"},"content":{"rendered":"<p>It is very important to take care of yourself a little extra sometimes, no matter which way you choose to do it. Especially now in the winter with all the darkness and Christmas stress that easily stretches the mood.<\/p>\n<p>Right now I have newly fixed nails and have just bleached away the ugly growth on the scalp. The apartment is newly cleaned, which I did while I washed all the laundry, and had a face mask and hair wrap in the meantime.<\/p>\n<p>So tonight I slept clean and tidy in freshly washed bedding, and woke up to a nice and tidy apartment.<\/p>\n<p>Now I feel harmonious, both inside and out, and can welcome Christmas with open arms! :)<\/p>\n<p><a href=\"http:\/\/www.imakeyousmile.se\/en\/?attachment_id=10295\" rel=\"attachment wp-att-10295\"><img loading=\"lazy\" decoding=\"async\" class=\"alignnone size-large wp-image-10295\" title=\"IMG_3216\" src=\"http:\/\/www.imakeyousmile.se\/wp-content\/uploads\/2013\/12\/IMG_3216-744x1024.jpg\" alt=\"\" width=\"744\" height=\"1024\" srcset=\"https:\/\/www.imakeyousmile.se\/wp-content\/uploads\/2013\/12\/IMG_3216-744x1024.jpg 744w, https:\/\/www.imakeyousmile.se\/wp-content\/uploads\/2013\/12\/IMG_3216-218x300.jpg 218w, https:\/\/www.imakeyousmile.se\/wp-content\/uploads\/2013\/12\/IMG_3216.jpg 1862w\" sizes=\"(max-width: 744px) 100vw, 744px\" \/><\/a><\/p>\n<p>The final sprint can hurt sometimes, but the feeling when you are done with everything is unbeatable!<\/p>\n<p>Hope you enjoy this Sunday, and do not have too much left to catch up with.<\/p>\n<p><strong>Maternity!<\/strong><\/p>","protected":false},"excerpt":{"rendered":"<p>Det \u00e4r j\u00e4tteviktigt att ta hand om sig sj\u00e4lv lite extra ibland, oavsett p\u00e5 vilket s\u00e4tt man \u00e4n v\u00e4ljer att g\u00f6ra det. Speciellt nu p\u00e5 vintern med all m\u00f6rker och julstress som l\u00e4tt t\u00e4njer p\u00e5 hum\u00f6ret. Just nu har jag nyfixade naglar och har precis blekt bort den fula utv\u00e4xten i h\u00e5rbotten. L\u00e4genheten \u00e4r nyst\u00e4dad [&hellip;]<\/p>\n","protected":false},"author":30,"featured_media":0,"comment_status":"open","ping_status":"closed","sticky":false,"template":"","format":"standard","meta":{"footnotes":""},"categories":[3],"tags":[],"class_list":["post-10294","post","type-post","status-publish","format-standard","hentry","category-allmant"],"yoast_head":"<!-- This site is optimized with the Yoast SEO Premium plugin v14.9 - https:\/\/yoast.com\/wordpress\/plugins\/seo\/ -->\n<meta name=\"description\" content=\"Redo f\u00f6r julen | Helena Amiley - H\u00e4r hittar du senaste infromation om sk\u00f6nhet, livsstil, entrepren\u00f6rskap, makeup &amp; tips.\" \/>\n<meta name=\"robots\" content=\"index, follow, max-snippet:-1, max-image-preview:large, max-video-preview:-1\" \/>\n<link rel=\"canonical\" href=\"https:\/\/www.imakeyousmile.se\/en\/redo-for-julen\/\" \/>\n<meta property=\"og:locale\" content=\"en_US\" \/>\n<meta property=\"og:type\" content=\"article\" \/>\n<meta property=\"og:title\" content=\"Redo f\u00f6r julen | Imakeyousmile.se\" \/>\n<meta property=\"og:description\" content=\"Redo f\u00f6r julen | Helena Amiley - H\u00e4r hittar du senaste infromation om sk\u00f6nhet, livsstil, entrepren\u00f6rskap, makeup &amp; tips.\" \/>\n<meta property=\"og:url\" content=\"https:\/\/www.imakeyousmile.se\/en\/redo-for-julen\/\" \/>\n<meta property=\"og:site_name\" content=\"Imakeyousmile.se\" \/>\n<meta property=\"article:author\" content=\"https:\/\/www.facebook.com\/imakeyousmile.se\" \/>\n<meta property=\"article:published_time\" content=\"2013-12-22T06:18:40+00:00\" \/>\n<meta property=\"article:modified_time\" content=\"2013-12-21T22:22:46+00:00\" \/>\n<meta property=\"og:image\" content=\"http:\/\/www.imakeyousmile.se\/wp-content\/uploads\/2013\/12\/IMG_3216-744x1024.jpg\" \/>\n<meta name=\"twitter:card\" content=\"summary_large_image\" \/>\n<script type=\"application\/ld+json\" class=\"yoast-schema-graph\">{\"@context\":\"https:\/\/schema.org\",\"@graph\":[{\"@type\":\"Organization\",\"@id\":\"https:\/\/www.imakeyousmile.se\/en\/#organization\",\"name\":\"Imakeyousmile\",\"url\":\"https:\/\/www.imakeyousmile.se\/en\/\",\"sameAs\":[],\"logo\":{\"@type\":\"ImageObject\",\"@id\":\"https:\/\/www.imakeyousmile.se\/en\/#logo\",\"inLanguage\":\"en-US\",\"url\":\"https:\/\/www.imakeyousmile.se\/wp-content\/uploads\/2020\/10\/HELENA-AMILEY_SVART-1-e1603367975324.png\",\"width\":280,\"height\":93,\"caption\":\"Imakeyousmile\"},\"image\":{\"@id\":\"https:\/\/www.imakeyousmile.se\/en\/#logo\"}},{\"@type\":\"WebSite\",\"@id\":\"https:\/\/www.imakeyousmile.se\/en\/#website\",\"url\":\"https:\/\/www.imakeyousmile.se\/en\/\",\"name\":\"Imakeyousmile.se\",\"description\":\"Helena Amiley - Beauty, Entrepreneur, Lifestyle\",\"publisher\":{\"@id\":\"https:\/\/www.imakeyousmile.se\/en\/#organization\"},\"potentialAction\":[{\"@type\":\"SearchAction\",\"target\":\"https:\/\/www.imakeyousmile.se\/en\/?s={search_term_string}\",\"query-input\":\"required name=search_term_string\"}],\"inLanguage\":\"en-US\"},{\"@type\":\"ImageObject\",\"@id\":\"https:\/\/www.imakeyousmile.se\/redo-for-julen\/#primaryimage\",\"inLanguage\":\"en-US\",\"url\":\"http:\/\/www.imakeyousmile.se\/wp-content\/uploads\/2013\/12\/IMG_3216-744x1024.jpg\"},{\"@type\":\"WebPage\",\"@id\":\"https:\/\/www.imakeyousmile.se\/redo-for-julen\/#webpage\",\"url\":\"https:\/\/www.imakeyousmile.se\/redo-for-julen\/\",\"name\":\"Redo f\\u00f6r julen | Imakeyousmile.se\",\"isPartOf\":{\"@id\":\"https:\/\/www.imakeyousmile.se\/en\/#website\"},\"primaryImageOfPage\":{\"@id\":\"https:\/\/www.imakeyousmile.se\/redo-for-julen\/#primaryimage\"},\"datePublished\":\"2013-12-22T06:18:40+00:00\",\"dateModified\":\"2013-12-21T22:22:46+00:00\",\"description\":\"Redo f\\u00f6r julen | Helena Amiley - H\\u00e4r hittar du senaste infromation om sk\\u00f6nhet, livsstil, entrepren\\u00f6rskap, makeup & tips.\",\"inLanguage\":\"en-US\",\"potentialAction\":[{\"@type\":\"ReadAction\",\"target\":[\"https:\/\/www.imakeyousmile.se\/redo-for-julen\/\"]}]},{\"@type\":\"Article\",\"@id\":\"https:\/\/www.imakeyousmile.se\/redo-for-julen\/#article\",\"isPartOf\":{\"@id\":\"https:\/\/www.imakeyousmile.se\/redo-for-julen\/#webpage\"},\"author\":{\"@id\":\"https:\/\/www.imakeyousmile.se\/en\/#\/schema\/person\/b0fd43b1c6bb1c60cfd68bff9b4a10fb\"},\"headline\":\"Redo f\\u00f6r julen\",\"datePublished\":\"2013-12-22T06:18:40+00:00\",\"dateModified\":\"2013-12-21T22:22:46+00:00\",\"mainEntityOfPage\":{\"@id\":\"https:\/\/www.imakeyousmile.se\/redo-for-julen\/#webpage\"},\"commentCount\":0,\"publisher\":{\"@id\":\"https:\/\/www.imakeyousmile.se\/en\/#organization\"},\"image\":{\"@id\":\"https:\/\/www.imakeyousmile.se\/redo-for-julen\/#primaryimage\"},\"articleSection\":\"\\u00d6vrigt\",\"inLanguage\":\"en-US\",\"potentialAction\":[{\"@type\":\"CommentAction\",\"name\":\"Comment\",\"target\":[\"https:\/\/www.imakeyousmile.se\/redo-for-julen\/#respond\"]}]},{\"@type\":\"Person\",\"@id\":\"https:\/\/www.imakeyousmile.se\/en\/#\/schema\/person\/b0fd43b1c6bb1c60cfd68bff9b4a10fb\",\"name\":\"Helena Amiley\",\"image\":{\"@type\":\"ImageObject\",\"@id\":\"https:\/\/www.imakeyousmile.se\/en\/#personlogo\",\"inLanguage\":\"en-US\",\"url\":\"https:\/\/secure.gravatar.com\/avatar\/5645558e1e355457a23368d7e1b4c904?s=96&d=mm&r=g\",\"caption\":\"Helena Amiley\"},\"description\":\"Jag skriver mest om sk\\u00f6nhet men bjuder \\u00e4ven p\\u00e5 glimtar fr\\u00e5n entrepren\\u00f6rlivet och bygget av v\\u00e5r egen camper van. Vanlife here we come!\",\"sameAs\":[\"https:\/\/www.facebook.com\/imakeyousmile.se\",\"https:\/\/www.instagram.com\/helenaamiley\",\"https:\/\/www.youtube.com\/channel\/UCR5iB6rvpV6Yr8ZjpQfr5mg?view_as=subscriber\"]}]}<\/script>\n<!-- \/ Yoast SEO Premium plugin. -->","_links":{"self":[{"href":"https:\/\/www.imakeyousmile.se\/en\/wp-json\/wp\/v2\/posts\/10294"}],"collection":[{"href":"https:\/\/www.imakeyousmile.se\/en\/wp-json\/wp\/v2\/posts"}],"about":[{"href":"https:\/\/www.imakeyousmile.se\/en\/wp-json\/wp\/v2\/types\/post"}],"author":[{"embeddable":true,"href":"https:\/\/www.imakeyousmile.se\/en\/wp-json\/wp\/v2\/users\/30"}],"replies":[{"embeddable":true,"href":"https:\/\/www.imakeyousmile.se\/en\/wp-json\/wp\/v2\/comments?post=10294"}],"version-history":[{"count":0,"href":"https:\/\/www.imakeyousmile.se\/en\/wp-json\/wp\/v2\/posts\/10294\/revisions"}],"wp:attachment":[{"href":"https:\/\/www.imakeyousmile.se\/en\/wp-json\/wp\/v2\/media?parent=10294"}],"wp:term":[{"taxonomy":"category","embeddable":true,"href":"https:\/\/www.imakeyousmile.se\/en\/wp-json\/wp\/v2\/categories?post=10294"},{"taxonomy":"post_tag","embeddable":true,"href":"https:\/\/www.imakeyousmile.se\/en\/wp-json\/wp\/v2\/tags?post=10294"}],"curies":[{"name":"wp","href":"https:\/\/api.w.org\/{rel}","templated":true}]}}