{"id":10590,"date":"2014-01-07T13:05:47","date_gmt":"2014-01-07T12:05:47","guid":{"rendered":"http:\/\/www.imakeyousmile.se\/?p=10590"},"modified":"2021-10-07T19:14:06","modified_gmt":"2021-10-07T17:14:06","slug":"kall-vardagssminkning","status":"publish","type":"post","link":"https:\/\/www.imakeyousmile.se\/en\/cold-everyday-make-up\/","title":{"rendered":"Cold everyday make-up"},"content":{"rendered":"<p>I was in a great hurry when I did this make-up a few days ago, and therefore did not have time to change lenses \/ settings and take as good pictures as I usually do.<\/p>\n<p>But here is at least a quick wintery everyday make-up, with regular flash images :)<\/p>\n<p><a href=\"http:\/\/www.imakeyousmile.se\/en\/kall-vardagssminkning\/img_4948\/\" rel=\"attachment wp-att-10591\"><img loading=\"lazy\" decoding=\"async\" class=\"alignnone size-large wp-image-10591\" title=\"IMG_4948\" src=\"http:\/\/www.imakeyousmile.se\/wp-content\/uploads\/2014\/01\/IMG_4948-1024x588.jpg\" alt=\"\" width=\"1024\" height=\"588\" srcset=\"https:\/\/www.imakeyousmile.se\/wp-content\/uploads\/2014\/01\/IMG_4948-1024x588.jpg 1024w, https:\/\/www.imakeyousmile.se\/wp-content\/uploads\/2014\/01\/IMG_4948-300x172.jpg 300w\" sizes=\"(max-width: 1024px) 100vw, 1024px\" \/><\/a><\/p>\n<p>Cold and colorful.<\/p>\n<p><a href=\"http:\/\/www.imakeyousmile.se\/en\/kall-vardagssminkning\/kall-vardagssminkning\/\" rel=\"attachment wp-att-10593\"><img loading=\"lazy\" decoding=\"async\" class=\"alignnone size-full wp-image-10593\" title=\"cold everyday make-up\" src=\"http:\/\/www.imakeyousmile.se\/wp-content\/uploads\/2014\/01\/kall-vardagssminkning.jpg\" alt=\"\" width=\"2413\" height=\"4877\" srcset=\"https:\/\/www.imakeyousmile.se\/wp-content\/uploads\/2014\/01\/kall-vardagssminkning.jpg 1267w, https:\/\/www.imakeyousmile.se\/wp-content\/uploads\/2014\/01\/kall-vardagssminkning-148x300.jpg 148w, https:\/\/www.imakeyousmile.se\/wp-content\/uploads\/2014\/01\/kall-vardagssminkning-506x1024.jpg 506w\" sizes=\"(max-width: 2413px) 100vw, 2413px\" \/><\/a><\/p>\n<p>1. <strong><span style=\"color: #999999;\">Silvery mousse eye shadow<\/span><\/strong> on the entire eyelid,<a href=\"https:\/\/ion.lyko.com\/t\/t?a=1117786221&amp;as=1548102449&amp;t=2&amp;tk=1&amp;epi=search-replace-gltter&amp;url=https:\/\/lyko.com\/sv\/sok?q=glitter+cream\" target=\"_blank\" rel=\"noopener\"> Too Faced Glitter Glaze (Silver Spark<\/a>s)<br \/>\n2.<strong><span style=\"color: #999999;\"> Silver eyeliner<\/span> <\/strong>in the corner of the eye and at the bottom of the lower lash line, <a href=\"https:\/\/ion.lyko.com\/t\/t?a=1117786221&amp;as=1548102449&amp;t=2&amp;tk=1&amp;epi=search-replace-isadoraeyeliner&amp;url=https:\/\/lyko.com\/sv\/sok?q=isadora+eyeliner\" target=\"_blank\" rel=\"noopener\">IsaDora Twist Up Metallic Eye Pen (46 Silver Sky)<\/a><br \/>\n3. <strong><span style=\"color: #000000;\">Black eyeliner <\/span><\/strong>along the upper lash line, Kryolan Cake Eyeliner.<br \/>\n4. <strong><span style=\"color: #3366ff;\">Blue eyeliner<\/span> <\/strong>along the waterline, <a href=\"https:\/\/dot.yves-rocher.se\/t\/t?a=138068268&amp;as=1548102449&amp;t=2&amp;tk=1&amp;epi=search-replace-yves-penna&amp;url=https:\/\/www.yves-rocher.se\/smink\/ogon\/ogonpenna-och-eyeliner\/c\/23200\" target=\"_blank\" rel=\"noopener\">Yves Rocher eye pencil (02 bleu)<\/a><br \/>\n5. <strong><span style=\"color: #000000;\">Black mascara<\/span><\/strong> on the upper lashes, <a href=\"https:\/\/dot.yves-rocher.se\/t\/t?a=138068268&amp;as=1548102449&amp;t=2&amp;tk=1&amp;epi=search-replace-yvesmascara&amp;url=https:\/\/www.yves-rocher.se\/smink\/ogon\/mascara\/c\/23100\" target=\"_blank\" rel=\"noopener\">Yves Rocher Lash Plumping Mascara<\/a>.<br \/>\n<strong><span style=\"color: #3366ff;\">Blue mascara<\/span> <\/strong>on the lower lashes, <a href=\"https:\/\/ion.lyko.com\/t\/t?a=1117786221&amp;as=1548102449&amp;t=2&amp;tk=1&amp;epi=search-replace-anastasiab&amp;url=https:\/\/lyko.com\/sv\/anastasia-beverly-hills\" target=\"_blank\" rel=\"noopener\">Anastasia Hypercolor Brow &amp; Llash Tint<\/a>.<\/p>\n<p><a href=\"http:\/\/www.imakeyousmile.se\/en\/kall-vardagssminkning\/img_4955_111\/\" rel=\"attachment wp-att-10592\"><img loading=\"lazy\" decoding=\"async\" class=\"alignnone size-large wp-image-10592\" title=\"IMG_4955_111\" src=\"http:\/\/www.imakeyousmile.se\/wp-content\/uploads\/2014\/01\/IMG_4955_111-756x1024.jpg\" alt=\"\" width=\"756\" height=\"1024\" srcset=\"https:\/\/www.imakeyousmile.se\/wp-content\/uploads\/2014\/01\/IMG_4955_111-756x1024.jpg 756w, https:\/\/www.imakeyousmile.se\/wp-content\/uploads\/2014\/01\/IMG_4955_111-221x300.jpg 221w, https:\/\/www.imakeyousmile.se\/wp-content\/uploads\/2014\/01\/IMG_4955_111.jpg 1892w\" sizes=\"(max-width: 756px) 100vw, 756px\" \/><\/a><\/p>\n<p>&nbsp;<\/p>\n<p><strong>Hug hug!<\/strong><\/p>","protected":false},"excerpt":{"rendered":"<p>Jag hade v\u00e4ldigt br\u00e5ttom iv\u00e4g n\u00e4r jag gjorde denna sminkning f\u00f6r n\u00e5gra dagar sen, och hade d\u00e4rf\u00f6r inte tid att byta objektiv\/inst\u00e4llningar och fota s\u00e5 bra bilder som jag brukar g\u00f6ra. Men h\u00e4r kommer i alla fall en snabb vintrig vardagssminkning, med vanliga blixtbilder :) Kallt och f\u00e4rgglatt. 1. Silvrig mousse\u00f6gonskugga p\u00e5 hela \u00f6gonlocket, Too [&hellip;]<\/p>\n","protected":false},"author":30,"featured_media":10591,"comment_status":"open","ping_status":"closed","sticky":false,"template":"","format":"standard","meta":{"footnotes":""},"categories":[2623],"tags":[378,1548,828,1547,1127],"class_list":["post-10590","post","type-post","status-publish","format-standard","has-post-thumbnail","hentry","category-sminkningar","tag-kall-sminkning","tag-kall-sminkning-steg-for-steg","tag-naturlig-sminkning-bruna-ogon","tag-naturlig-vintersminkning","tag-vintersminkning"],"yoast_head":"<!-- This site is optimized with the Yoast SEO Premium plugin v14.9 - https:\/\/yoast.com\/wordpress\/plugins\/seo\/ -->\n<meta name=\"description\" content=\"Kall vardagssminkning | Helena Amiley - H\u00e4r hittar du senaste infromation om sk\u00f6nhet, livsstil, entrepren\u00f6rskap, makeup &amp; tips.\" \/>\n<meta name=\"robots\" content=\"index, follow, max-snippet:-1, max-image-preview:large, max-video-preview:-1\" \/>\n<link rel=\"canonical\" href=\"https:\/\/www.imakeyousmile.se\/en\/kall-vardagssminkning\/\" \/>\n<meta property=\"og:locale\" content=\"en_US\" \/>\n<meta property=\"og:type\" content=\"article\" \/>\n<meta property=\"og:title\" content=\"Kall vardagssminkning | Imakeyousmile.se\" \/>\n<meta property=\"og:description\" content=\"Kall vardagssminkning | Helena Amiley - H\u00e4r hittar du senaste infromation om sk\u00f6nhet, livsstil, entrepren\u00f6rskap, makeup &amp; tips.\" \/>\n<meta property=\"og:url\" content=\"https:\/\/www.imakeyousmile.se\/en\/kall-vardagssminkning\/\" \/>\n<meta property=\"og:site_name\" content=\"Imakeyousmile.se\" \/>\n<meta property=\"article:author\" content=\"https:\/\/www.facebook.com\/imakeyousmile.se\" \/>\n<meta property=\"article:published_time\" content=\"2014-01-07T12:05:47+00:00\" \/>\n<meta property=\"article:modified_time\" content=\"2021-10-07T17:14:06+00:00\" \/>\n<meta property=\"og:image\" content=\"https:\/\/www.imakeyousmile.se\/wp-content\/uploads\/2014\/01\/IMG_4948.jpg\" \/>\n\t<meta property=\"og:image:width\" content=\"2560\" \/>\n\t<meta property=\"og:image:height\" content=\"1470\" \/>\n<meta name=\"twitter:card\" content=\"summary_large_image\" \/>\n<script type=\"application\/ld+json\" class=\"yoast-schema-graph\">{\"@context\":\"https:\/\/schema.org\",\"@graph\":[{\"@type\":\"Organization\",\"@id\":\"https:\/\/www.imakeyousmile.se\/en\/#organization\",\"name\":\"Imakeyousmile\",\"url\":\"https:\/\/www.imakeyousmile.se\/en\/\",\"sameAs\":[],\"logo\":{\"@type\":\"ImageObject\",\"@id\":\"https:\/\/www.imakeyousmile.se\/en\/#logo\",\"inLanguage\":\"en-US\",\"url\":\"https:\/\/www.imakeyousmile.se\/wp-content\/uploads\/2020\/10\/HELENA-AMILEY_SVART-1-e1603367975324.png\",\"width\":280,\"height\":93,\"caption\":\"Imakeyousmile\"},\"image\":{\"@id\":\"https:\/\/www.imakeyousmile.se\/en\/#logo\"}},{\"@type\":\"WebSite\",\"@id\":\"https:\/\/www.imakeyousmile.se\/en\/#website\",\"url\":\"https:\/\/www.imakeyousmile.se\/en\/\",\"name\":\"Imakeyousmile.se\",\"description\":\"Helena Amiley - Beauty, Entrepreneur, Lifestyle\",\"publisher\":{\"@id\":\"https:\/\/www.imakeyousmile.se\/en\/#organization\"},\"potentialAction\":[{\"@type\":\"SearchAction\",\"target\":\"https:\/\/www.imakeyousmile.se\/en\/?s={search_term_string}\",\"query-input\":\"required name=search_term_string\"}],\"inLanguage\":\"en-US\"},{\"@type\":\"ImageObject\",\"@id\":\"https:\/\/www.imakeyousmile.se\/kall-vardagssminkning\/#primaryimage\",\"inLanguage\":\"en-US\",\"url\":\"https:\/\/www.imakeyousmile.se\/wp-content\/uploads\/2014\/01\/IMG_4948.jpg\",\"width\":2560,\"height\":1470},{\"@type\":\"WebPage\",\"@id\":\"https:\/\/www.imakeyousmile.se\/kall-vardagssminkning\/#webpage\",\"url\":\"https:\/\/www.imakeyousmile.se\/kall-vardagssminkning\/\",\"name\":\"Kall vardagssminkning | Imakeyousmile.se\",\"isPartOf\":{\"@id\":\"https:\/\/www.imakeyousmile.se\/en\/#website\"},\"primaryImageOfPage\":{\"@id\":\"https:\/\/www.imakeyousmile.se\/kall-vardagssminkning\/#primaryimage\"},\"datePublished\":\"2014-01-07T12:05:47+00:00\",\"dateModified\":\"2021-10-07T17:14:06+00:00\",\"description\":\"Kall vardagssminkning | Helena Amiley - H\\u00e4r hittar du senaste infromation om sk\\u00f6nhet, livsstil, entrepren\\u00f6rskap, makeup & tips.\",\"inLanguage\":\"en-US\",\"potentialAction\":[{\"@type\":\"ReadAction\",\"target\":[\"https:\/\/www.imakeyousmile.se\/kall-vardagssminkning\/\"]}]},{\"@type\":\"Article\",\"@id\":\"https:\/\/www.imakeyousmile.se\/kall-vardagssminkning\/#article\",\"isPartOf\":{\"@id\":\"https:\/\/www.imakeyousmile.se\/kall-vardagssminkning\/#webpage\"},\"author\":{\"@id\":\"https:\/\/www.imakeyousmile.se\/en\/#\/schema\/person\/b0fd43b1c6bb1c60cfd68bff9b4a10fb\"},\"headline\":\"Kall vardagssminkning\",\"datePublished\":\"2014-01-07T12:05:47+00:00\",\"dateModified\":\"2021-10-07T17:14:06+00:00\",\"mainEntityOfPage\":{\"@id\":\"https:\/\/www.imakeyousmile.se\/kall-vardagssminkning\/#webpage\"},\"commentCount\":0,\"publisher\":{\"@id\":\"https:\/\/www.imakeyousmile.se\/en\/#organization\"},\"image\":{\"@id\":\"https:\/\/www.imakeyousmile.se\/kall-vardagssminkning\/#primaryimage\"},\"keywords\":\"Kall sminkning,kall sminkning steg f\\u00f6r steg,naturlig sminkning bruna \\u00f6gon,naturlig vintersminkning,vintersminkning\",\"articleSection\":\"Sminkningar\",\"inLanguage\":\"en-US\",\"potentialAction\":[{\"@type\":\"CommentAction\",\"name\":\"Comment\",\"target\":[\"https:\/\/www.imakeyousmile.se\/kall-vardagssminkning\/#respond\"]}]},{\"@type\":\"Person\",\"@id\":\"https:\/\/www.imakeyousmile.se\/en\/#\/schema\/person\/b0fd43b1c6bb1c60cfd68bff9b4a10fb\",\"name\":\"Helena Amiley\",\"image\":{\"@type\":\"ImageObject\",\"@id\":\"https:\/\/www.imakeyousmile.se\/en\/#personlogo\",\"inLanguage\":\"en-US\",\"url\":\"https:\/\/secure.gravatar.com\/avatar\/5645558e1e355457a23368d7e1b4c904?s=96&d=mm&r=g\",\"caption\":\"Helena Amiley\"},\"description\":\"Jag skriver mest om sk\\u00f6nhet men bjuder \\u00e4ven p\\u00e5 glimtar fr\\u00e5n entrepren\\u00f6rlivet och bygget av v\\u00e5r egen camper van. Vanlife here we come!\",\"sameAs\":[\"https:\/\/www.facebook.com\/imakeyousmile.se\",\"https:\/\/www.instagram.com\/helenaamiley\",\"https:\/\/www.youtube.com\/channel\/UCR5iB6rvpV6Yr8ZjpQfr5mg?view_as=subscriber\"]}]}<\/script>\n<!-- \/ Yoast SEO Premium plugin. -->","_links":{"self":[{"href":"https:\/\/www.imakeyousmile.se\/en\/wp-json\/wp\/v2\/posts\/10590"}],"collection":[{"href":"https:\/\/www.imakeyousmile.se\/en\/wp-json\/wp\/v2\/posts"}],"about":[{"href":"https:\/\/www.imakeyousmile.se\/en\/wp-json\/wp\/v2\/types\/post"}],"author":[{"embeddable":true,"href":"https:\/\/www.imakeyousmile.se\/en\/wp-json\/wp\/v2\/users\/30"}],"replies":[{"embeddable":true,"href":"https:\/\/www.imakeyousmile.se\/en\/wp-json\/wp\/v2\/comments?post=10590"}],"version-history":[{"count":2,"href":"https:\/\/www.imakeyousmile.se\/en\/wp-json\/wp\/v2\/posts\/10590\/revisions"}],"predecessor-version":[{"id":42033,"href":"https:\/\/www.imakeyousmile.se\/en\/wp-json\/wp\/v2\/posts\/10590\/revisions\/42033"}],"wp:featuredmedia":[{"embeddable":true,"href":"https:\/\/www.imakeyousmile.se\/en\/wp-json\/wp\/v2\/media\/10591"}],"wp:attachment":[{"href":"https:\/\/www.imakeyousmile.se\/en\/wp-json\/wp\/v2\/media?parent=10590"}],"wp:term":[{"taxonomy":"category","embeddable":true,"href":"https:\/\/www.imakeyousmile.se\/en\/wp-json\/wp\/v2\/categories?post=10590"},{"taxonomy":"post_tag","embeddable":true,"href":"https:\/\/www.imakeyousmile.se\/en\/wp-json\/wp\/v2\/tags?post=10590"}],"curies":[{"name":"wp","href":"https:\/\/api.w.org\/{rel}","templated":true}]}}