{"id":1066,"date":"2012-02-13T22:53:00","date_gmt":"2012-02-13T21:53:00","guid":{"rendered":"http:\/\/www.imakeyousmile.se\/alla-hjartans-dag-sminkning\/"},"modified":"2012-02-13T22:53:00","modified_gmt":"2012-02-13T21:53:00","slug":"alla-hjartans-dag-sminkning","status":"publish","type":"post","link":"https:\/\/www.imakeyousmile.se\/en\/all-heart-day-makeup\/","title":{"rendered":"Valentine&#039;s day makeup"},"content":{"rendered":"<div style=\"clear: both; text-align: left;\">Got asked if I could do a Valentine&#039;s Day makeup for tomorrow. Fun with such a difficult subject to interpret, without any guidelines!<\/div>\n<p>When I think of &quot;romantic make-up&quot;, I see a light make-up,\u00a0<span style=\"font-size: x-large;\">without sharp<\/span> lines, in tones such as\u00a0<span style=\"color: #ea9999;\"><strong>old pink<\/strong><\/span>\u00a0and <span style=\"color: #674ea7;\"><strong>cold purple<\/strong><\/span>.<\/p>\n<p>Incidentally, one <span style=\"font-size: x-large;\">natural reason<\/span> with little shading (<em>for example sun pillows<\/em>) in the temples, under the cheekbones and on the sides of the chin, a little light pink blush and quite sparse with mascara.<\/p>\n<p>I also see a little light pink lips, though<span style=\"font-size: x-large;\"> kiss<\/span> on valentine&#039;s day I would skip it;) <em>(if anything a dry lip pencil).<\/em><\/p>\n<div style=\"clear: both; text-align: left;\"><\/div>\n<div style=\"clear: both; text-align: left;\">Here is my interpretation!<\/div>\n<div style=\"clear: both; text-align: center;\"><\/div>\n<div style=\"clear: both; text-align: center;\"><a href=\"http:\/\/4.bp.blogspot.com\/-qj-dYrh9oN0\/Tzl_u5iDPKI\/AAAAAAAAF7E\/lleMmTnubeo\/s1600\/IMG_9341.JPG\" style=\"margin-left: 1em; margin-right: 1em;\"><img decoding=\"async\" border=\"0\" height=\"137px\" sda=\"true\" src=\"http:\/\/4.bp.blogspot.com\/-qj-dYrh9oN0\/Tzl_u5iDPKI\/AAAAAAAAF7E\/lleMmTnubeo\/s400\/IMG_9341.JPG\" width=\"400px\" \/><\/a><\/div>\n<div style=\"clear: both; text-align: center;\"><\/div>\n<div style=\"clear: both; text-align: center;\">All eye shadows are <a href=\"https:\/\/ion.lyko.com\/t\/t?a=1117786221&#038;as=1548102449&#038;t=2&#038;tk=1&#038;epi=search-replace-eyeshadow&#038;url=https:\/\/lyko.com\/sv\/sok?q=singelskugga\"><strong><em>Kryolan Eyedust<\/em><\/strong><\/a> shadows from <em>Creativemakeup.se<\/em><\/div>\n<div style=\"clear: both; text-align: center;\"><strong>(Only SEK 39 \/ pc)<\/strong><\/div>\n<p><\/p>\n<div style=\"clear: both; text-align: center;\"><a href=\"http:\/\/3.bp.blogspot.com\/-safw2yTFd2Y\/Tzl_yBFjxCI\/AAAAAAAAF7M\/D_cF9kblTSk\/s1600\/IMG_9338.JPG\" style=\"margin-left: 1em; margin-right: 1em;\"><img decoding=\"async\" border=\"0\" height=\"309px\" sda=\"true\" src=\"http:\/\/3.bp.blogspot.com\/-safw2yTFd2Y\/Tzl_yBFjxCI\/AAAAAAAAF7M\/D_cF9kblTSk\/s320\/IMG_9338.JPG\" width=\"320px\" \/><\/a><\/div>\n<div style=\"clear: both; text-align: center;\"><\/div>\n<div style=\"clear: both; text-align: center;\"><strong><span style=\"font-size: large;\"><span style=\"color: #f6b26b;\">Apricot<\/span><span style=\"color: #ea9999;\">pink<\/span><\/span><\/strong> eye shadow inside and in the middle of the eyelid and the middle of the lower lash line, <em>Nr. 12<\/em>.<\/div>\n<div style=\"clear: both; text-align: center;\"><span style=\"color: #c27ba0; font-size: large;\"><strong><span style=\"color: #8e7cc3;\">Light purple<\/span> <\/strong><\/span>eye shadow at the end of the eyelid and along the globe line.<em> Nr. 9<\/em>.<\/div>\n<div style=\"clear: both; text-align: center;\"><span style=\"color: #ffe599; font-size: large;\"><strong>Gulvit <\/strong><\/span>eye shadow under the brow, in the corner of the eye, and at the bottom of the lower lash line, <em>Nr. 1. (Annika&#039;s favorite shade<\/em>)<\/div>\n<div style=\"clear: both; text-align: center;\"><span style=\"color: #674ea7; font-size: large;\"><strong>Purple<\/strong><\/span> eye shadow at the end of the lower lash line, and as <strong>eyeliner<\/strong> (<em>with water<\/em>) on the upper lash line,\u00a0<em>Nr. 36<\/em>.<\/div>\n<div style=\"clear: both; text-align: center;\"><\/div>\n<div style=\"clear: both; text-align: center;\"><span style=\"color: #999999; font-size: large;\">White eyeliner<\/span> on not the lash line, <em>H&amp;M<\/em>.<\/div>\n<div style=\"clear: both; text-align: center;\"><strong><span style=\"font-size: large;\">Black mascara<\/span><\/strong> on the upper lashes, <a href=\"https:\/\/ion.lyko.com\/t\/t?a=1117786221&#038;as=1548102449&#038;t=2&#038;tk=1&#038;epi=search-replace-fiberwig&#038;url=https:\/\/lyko.com\/sv\/sok?q=fiberwig+mascara\"><strong><em>djv beautenizer Fiberwig LX<\/em>.<\/strong><\/a><\/div>\n<div style=\"clear: both; text-align: center;\"><\/div>\n<div style=\"clear: both; text-align: center;\"><span style=\"color: #f6b26b; font-size: large;\"><strong>Blonde eyebrow pencil<\/strong><\/span>,<em> Glo Minerals -\u00a0<\/em><a href=\"http:\/\/www.inneonline.se\/creativemakeup\/Oegonbryn\/Precision-Brow-Pencil\/prod_1672.html\"><em><strong>Precision Brow Pencil, Blonde<\/strong><\/em><\/a>.<\/div>\n<div style=\"clear: both; text-align: center;\"><\/div>\n<p><\/p>\n<div style=\"clear: both; text-align: center;\"><a href=\"http:\/\/2.bp.blogspot.com\/-Wtbqzt0aNtM\/Tzl_z-ZwVtI\/AAAAAAAAF7U\/8kaM2XKXAeA\/s1600\/IMG_9359.JPG\" style=\"margin-left: 1em; margin-right: 1em;\"><img decoding=\"async\" border=\"0\" height=\"640px\" sda=\"true\" src=\"http:\/\/2.bp.blogspot.com\/-Wtbqzt0aNtM\/Tzl_z-ZwVtI\/AAAAAAAAF7U\/8kaM2XKXAeA\/s640\/IMG_9359.JPG\" width=\"444px\" \/><\/a><\/div>\n<div style=\"clear: both; text-align: center;\"><strong>Rouge <u>during<\/u> cheekbones and temples<\/strong> &#8211; <em>Glo Minerals<\/em><a href=\"https:\/\/ion.lyko.com\/t\/t?a=1117786221&#038;as=1548102449&#038;t=2&#038;tk=1&#038;epi=search-replace-globlush&#038;url=https:\/\/lyko.com\/sv\/glo-skin-beauty\/glominerals-blush-sweet\"><em> <strong>Gl\u00f3Blush<\/strong><\/em><\/a><em>, Sunset<\/em>.<\/div>\n<div style=\"clear: both; text-align: center;\"><strong>Rouge on the cheekbones<\/strong> &#8211; <em>Glo Minerals <\/em><a href=\"https:\/\/ion.lyko.com\/t\/t?a=1117786221&#038;as=1548102449&#038;t=2&#038;tk=1&#038;epi=search-replace-globlush&#038;url=https:\/\/lyko.com\/sv\/glo-skin-beauty\/glominerals-blush-sweet\"><strong><em>Gl\u00f3Blush<\/em><\/strong><\/a><em>, Sweet<\/em>.<\/div>\n<div style=\"clear: both; text-align: center;\"><strong>Pink lip liner on the entire lips<\/strong>\u00a0&#8211; <em>MAC<\/em>.<\/div>\n<div style=\"clear: both; text-align: center;\"><\/div>\n<div style=\"clear: both; text-align: center;\"><\/div>\n<div style=\"clear: both; text-align: center;\"><span style=\"font-size: x-large;\">What do you look like <span style=\"color: red;\">all \u2665 day<\/span>? <\/span><span style=\"font-size: large;\">:)<\/span><\/div>","protected":false},"excerpt":{"rendered":"<p>Fick fr\u00e5gan om jag kunde g\u00f6ra en Alla hj\u00e4rtans dag sminkning till imorgon. Roligt med ett s\u00e5 sv\u00e5rtolkat \u00e4mne, utan n\u00e5gra som helst riktlinjer! N\u00e4r jag t\u00e4nker &#8221;romantisk sminkning&#8221; ser jag en ljus sminkning,\u00a0utan skarpa linjer, i\u00a0toner som\u00a0gammelrosa\u00a0och kall lila. F\u00f6r \u00f6vrigt en naturlig grund med lite shading (t.ex. solpuder) i tinningarna, under kindbenen och [&hellip;]<\/p>\n","protected":false},"author":30,"featured_media":0,"comment_status":"open","ping_status":"open","sticky":false,"template":"","format":"standard","meta":{"footnotes":""},"categories":[3],"tags":[],"class_list":["post-1066","post","type-post","status-publish","format-standard","hentry","category-allmant"],"yoast_head":"<!-- This site is optimized with the Yoast SEO Premium plugin v14.9 - https:\/\/yoast.com\/wordpress\/plugins\/seo\/ -->\n<meta name=\"description\" content=\"Alla hj\u00e4rtans dag sminkning | Helena Amiley - H\u00e4r hittar du senaste infromation om sk\u00f6nhet, livsstil, entrepren\u00f6rskap, makeup &amp; tips.\" \/>\n<meta name=\"robots\" content=\"index, follow, max-snippet:-1, max-image-preview:large, max-video-preview:-1\" \/>\n<link rel=\"canonical\" href=\"https:\/\/www.imakeyousmile.se\/en\/alla-hjartans-dag-sminkning\/\" \/>\n<meta property=\"og:locale\" content=\"en_US\" \/>\n<meta property=\"og:type\" content=\"article\" \/>\n<meta property=\"og:title\" content=\"Alla hj\u00e4rtans dag sminkning | Imakeyousmile.se\" \/>\n<meta property=\"og:description\" content=\"Alla hj\u00e4rtans dag sminkning | Helena Amiley - H\u00e4r hittar du senaste infromation om sk\u00f6nhet, livsstil, entrepren\u00f6rskap, makeup &amp; tips.\" \/>\n<meta property=\"og:url\" content=\"https:\/\/www.imakeyousmile.se\/en\/alla-hjartans-dag-sminkning\/\" \/>\n<meta property=\"og:site_name\" content=\"Imakeyousmile.se\" \/>\n<meta property=\"article:author\" content=\"https:\/\/www.facebook.com\/imakeyousmile.se\" \/>\n<meta property=\"article:published_time\" content=\"2012-02-13T21:53:00+00:00\" \/>\n<meta property=\"og:image\" content=\"http:\/\/4.bp.blogspot.com\/-qj-dYrh9oN0\/Tzl_u5iDPKI\/AAAAAAAAF7E\/lleMmTnubeo\/s400\/IMG_9341.JPG\" \/>\n<meta name=\"twitter:card\" content=\"summary_large_image\" \/>\n<script type=\"application\/ld+json\" class=\"yoast-schema-graph\">{\"@context\":\"https:\/\/schema.org\",\"@graph\":[{\"@type\":\"Organization\",\"@id\":\"https:\/\/www.imakeyousmile.se\/en\/#organization\",\"name\":\"Imakeyousmile\",\"url\":\"https:\/\/www.imakeyousmile.se\/en\/\",\"sameAs\":[],\"logo\":{\"@type\":\"ImageObject\",\"@id\":\"https:\/\/www.imakeyousmile.se\/en\/#logo\",\"inLanguage\":\"en-US\",\"url\":\"https:\/\/www.imakeyousmile.se\/wp-content\/uploads\/2020\/10\/HELENA-AMILEY_SVART-1-e1603367975324.png\",\"width\":280,\"height\":93,\"caption\":\"Imakeyousmile\"},\"image\":{\"@id\":\"https:\/\/www.imakeyousmile.se\/en\/#logo\"}},{\"@type\":\"WebSite\",\"@id\":\"https:\/\/www.imakeyousmile.se\/en\/#website\",\"url\":\"https:\/\/www.imakeyousmile.se\/en\/\",\"name\":\"Imakeyousmile.se\",\"description\":\"Helena Amiley - Beauty, Entrepreneur, Lifestyle\",\"publisher\":{\"@id\":\"https:\/\/www.imakeyousmile.se\/en\/#organization\"},\"potentialAction\":[{\"@type\":\"SearchAction\",\"target\":\"https:\/\/www.imakeyousmile.se\/en\/?s={search_term_string}\",\"query-input\":\"required name=search_term_string\"}],\"inLanguage\":\"en-US\"},{\"@type\":\"ImageObject\",\"@id\":\"https:\/\/www.imakeyousmile.se\/alla-hjartans-dag-sminkning\/#primaryimage\",\"inLanguage\":\"en-US\",\"url\":\"http:\/\/4.bp.blogspot.com\/-qj-dYrh9oN0\/Tzl_u5iDPKI\/AAAAAAAAF7E\/lleMmTnubeo\/s400\/IMG_9341.JPG\"},{\"@type\":\"WebPage\",\"@id\":\"https:\/\/www.imakeyousmile.se\/alla-hjartans-dag-sminkning\/#webpage\",\"url\":\"https:\/\/www.imakeyousmile.se\/alla-hjartans-dag-sminkning\/\",\"name\":\"Alla hj\\u00e4rtans dag sminkning | Imakeyousmile.se\",\"isPartOf\":{\"@id\":\"https:\/\/www.imakeyousmile.se\/en\/#website\"},\"primaryImageOfPage\":{\"@id\":\"https:\/\/www.imakeyousmile.se\/alla-hjartans-dag-sminkning\/#primaryimage\"},\"datePublished\":\"2012-02-13T21:53:00+00:00\",\"dateModified\":\"2012-02-13T21:53:00+00:00\",\"description\":\"Alla hj\\u00e4rtans dag sminkning | Helena Amiley - H\\u00e4r hittar du senaste infromation om sk\\u00f6nhet, livsstil, entrepren\\u00f6rskap, makeup & tips.\",\"inLanguage\":\"en-US\",\"potentialAction\":[{\"@type\":\"ReadAction\",\"target\":[\"https:\/\/www.imakeyousmile.se\/alla-hjartans-dag-sminkning\/\"]}]},{\"@type\":\"Article\",\"@id\":\"https:\/\/www.imakeyousmile.se\/alla-hjartans-dag-sminkning\/#article\",\"isPartOf\":{\"@id\":\"https:\/\/www.imakeyousmile.se\/alla-hjartans-dag-sminkning\/#webpage\"},\"author\":{\"@id\":\"https:\/\/www.imakeyousmile.se\/en\/#\/schema\/person\/b0fd43b1c6bb1c60cfd68bff9b4a10fb\"},\"headline\":\"Alla hj\\u00e4rtans dag sminkning\",\"datePublished\":\"2012-02-13T21:53:00+00:00\",\"dateModified\":\"2012-02-13T21:53:00+00:00\",\"mainEntityOfPage\":{\"@id\":\"https:\/\/www.imakeyousmile.se\/alla-hjartans-dag-sminkning\/#webpage\"},\"commentCount\":0,\"publisher\":{\"@id\":\"https:\/\/www.imakeyousmile.se\/en\/#organization\"},\"image\":{\"@id\":\"https:\/\/www.imakeyousmile.se\/alla-hjartans-dag-sminkning\/#primaryimage\"},\"articleSection\":\"\\u00d6vrigt\",\"inLanguage\":\"en-US\",\"potentialAction\":[{\"@type\":\"CommentAction\",\"name\":\"Comment\",\"target\":[\"https:\/\/www.imakeyousmile.se\/alla-hjartans-dag-sminkning\/#respond\"]}]},{\"@type\":\"Person\",\"@id\":\"https:\/\/www.imakeyousmile.se\/en\/#\/schema\/person\/b0fd43b1c6bb1c60cfd68bff9b4a10fb\",\"name\":\"Helena Amiley\",\"image\":{\"@type\":\"ImageObject\",\"@id\":\"https:\/\/www.imakeyousmile.se\/en\/#personlogo\",\"inLanguage\":\"en-US\",\"url\":\"https:\/\/secure.gravatar.com\/avatar\/5645558e1e355457a23368d7e1b4c904?s=96&d=mm&r=g\",\"caption\":\"Helena Amiley\"},\"description\":\"Jag skriver mest om sk\\u00f6nhet men bjuder \\u00e4ven p\\u00e5 glimtar fr\\u00e5n entrepren\\u00f6rlivet och bygget av v\\u00e5r egen camper van. Vanlife here we come!\",\"sameAs\":[\"https:\/\/www.facebook.com\/imakeyousmile.se\",\"https:\/\/www.instagram.com\/helenaamiley\",\"https:\/\/www.youtube.com\/channel\/UCR5iB6rvpV6Yr8ZjpQfr5mg?view_as=subscriber\"]}]}<\/script>\n<!-- \/ Yoast SEO Premium plugin. -->","_links":{"self":[{"href":"https:\/\/www.imakeyousmile.se\/en\/wp-json\/wp\/v2\/posts\/1066"}],"collection":[{"href":"https:\/\/www.imakeyousmile.se\/en\/wp-json\/wp\/v2\/posts"}],"about":[{"href":"https:\/\/www.imakeyousmile.se\/en\/wp-json\/wp\/v2\/types\/post"}],"author":[{"embeddable":true,"href":"https:\/\/www.imakeyousmile.se\/en\/wp-json\/wp\/v2\/users\/30"}],"replies":[{"embeddable":true,"href":"https:\/\/www.imakeyousmile.se\/en\/wp-json\/wp\/v2\/comments?post=1066"}],"version-history":[{"count":0,"href":"https:\/\/www.imakeyousmile.se\/en\/wp-json\/wp\/v2\/posts\/1066\/revisions"}],"wp:attachment":[{"href":"https:\/\/www.imakeyousmile.se\/en\/wp-json\/wp\/v2\/media?parent=1066"}],"wp:term":[{"taxonomy":"category","embeddable":true,"href":"https:\/\/www.imakeyousmile.se\/en\/wp-json\/wp\/v2\/categories?post=1066"},{"taxonomy":"post_tag","embeddable":true,"href":"https:\/\/www.imakeyousmile.se\/en\/wp-json\/wp\/v2\/tags?post=1066"}],"curies":[{"name":"wp","href":"https:\/\/api.w.org\/{rel}","templated":true}]}}