{"id":1116,"date":"2012-01-19T12:37:00","date_gmt":"2012-01-19T11:37:00","guid":{"rendered":"http:\/\/www.imakeyousmile.se\/fargglad-eyeliner\/"},"modified":"2012-01-19T12:37:00","modified_gmt":"2012-01-19T11:37:00","slug":"fargglad-eyeliner","status":"publish","type":"post","link":"https:\/\/www.imakeyousmile.se\/en\/colorful-eyeliner\/","title":{"rendered":"Colorful Eyeliner"},"content":{"rendered":"<div style=\"clear: both; text-align: left;\">I do not know exactly why, but have gotten such huge <span style=\"font-size: x-large;\">spring feelings <\/span>the last few days. A little strange as I have a cold and still sound like a rice bush. And it has probably not been excessively nice weather, or hot either.<\/div>\n<div style=\"clear: both; text-align: left;\"><\/div>\n<div style=\"clear: both; text-align: left;\">Maybe it&#039;s because it&#039;s starting to happen <span style=\"font-size: x-large;\">brighter<\/span> out? :)<\/div>\n<div style=\"clear: both; text-align: left;\"><\/div>\n<div style=\"clear: both; text-align: left;\">Well, whatever it is, it makes me just want to do a lot of colorful makeup!<\/div>\n<div style=\"clear: both; text-align: left;\">Here comes today&#039;s:<\/div>\n<div style=\"clear: both; text-align: center;\"><\/div>\n<div style=\"clear: both; text-align: center;\"><\/div>\n<div style=\"clear: both; text-align: center;\"><a href=\"http:\/\/2.bp.blogspot.com\/-cgFlWSdDBIw\/Txf8-wBjUvI\/AAAAAAAAFmE\/czMmfuj8TP0\/s1600\/IMG_8374.JPG\" style=\"margin-left: 1em; margin-right: 1em;\"><img decoding=\"async\" border=\"0\" height=\"145px\" nfa=\"true\" src=\"http:\/\/2.bp.blogspot.com\/-cgFlWSdDBIw\/Txf8-wBjUvI\/AAAAAAAAFmE\/czMmfuj8TP0\/s400\/IMG_8374.JPG\" width=\"400px\" \/><\/a><\/div>\n<div style=\"clear: both; text-align: center;\"><\/div>\n<div style=\"clear: both; text-align: center;\"><em>A pretty natural make-up even though it is so colorful!<\/em><\/div>\n<div style=\"clear: both; text-align: center;\"><\/div>\n<div style=\"clear: both; text-align: center;\">You could even apply color to the lower lash line as well, like the same shadows but without water so they do not become like eyeliner. Had been cool :)<\/div>\n<p><\/p>\n<div style=\"clear: both; text-align: center;\"><a href=\"http:\/\/3.bp.blogspot.com\/-rwDNm2wyy8w\/Txf9AHWzJTI\/AAAAAAAAFmM\/GZoHvuOVp5c\/s1600\/IMG_8369.JPG\" style=\"margin-left: 1em; margin-right: 1em;\"><img decoding=\"async\" border=\"0\" height=\"308px\" nfa=\"true\" src=\"http:\/\/3.bp.blogspot.com\/-rwDNm2wyy8w\/Txf9AHWzJTI\/AAAAAAAAFmM\/GZoHvuOVp5c\/s320\/IMG_8369.JPG\" width=\"320px\" \/><\/a><\/div>\n<div style=\"clear: both; text-align: center;\"><em>The eyeliner is made with only water + Eyedust shadows from Kryolan (Annika&#039;s favorite shadows)<\/em><\/div>\n<div style=\"clear: both; text-align: center;\"><\/div>\n<div style=\"clear: both; text-align: center;\"><span style=\"color: #ffe599; font-size: large;\"><strong>Light yellow <\/strong><\/span>eyeliner at the bottom of the lash line.<\/div>\n<div style=\"clear: both; text-align: center;\"><span style=\"color: #e06666; font-size: large;\"><strong><span style=\"color: #ea9999;\">Pink<\/span> <\/strong><\/span>eyeliner in the middle of the lash line.<\/div>\n<div style=\"clear: both; text-align: center;\"><span style=\"color: #6fa8dc; font-size: large;\"><strong>Blue <\/strong><\/span>eyeliner at the end of the lash line + wing.<\/div>\n<div style=\"clear: both; text-align: center;\"><\/div>\n<div style=\"clear: both; text-align: center;\"><span style=\"color: #f9cb9c; font-size: large;\"><strong>Creamy white<\/strong><\/span> eye shadow on the eyelid, <em>Glo Minerals, banana.<\/em><\/div>\n<div style=\"clear: both; text-align: center;\"><span style=\"color: #e69138; font-size: large;\"><strong>Light brown <\/strong><\/span>eye shadow along the globe line, <em>180 pallets.<\/em><\/div>\n<div style=\"clear: both; text-align: center;\"><\/div>\n<div style=\"clear: both; text-align: center;\"><span style=\"color: #999999; font-size: large;\">White eyeliner<\/span> on the inner lash line ich a little in the corner of the eye, <em>H&amp;M.<\/em><\/div>\n<div style=\"clear: both; text-align: center;\"><strong><span style=\"font-size: large;\">Black eyeliner<\/span><\/strong> at the bottom of the lower lash line, <em>Glo Minerals.<\/em><\/div>\n<div style=\"clear: both; text-align: center;\"><\/div>\n<div style=\"clear: both; text-align: center;\"><strong><span style=\"font-size: large;\">Black mascara<\/span><\/strong> on the upper lashes, <em>Fiberwig Volume Lash.<\/em><\/div>\n<div style=\"clear: both; text-align: center;\"><span style=\"color: #0b5394; font-size: large;\"><strong>Blue mascara<\/strong><\/span> on the lower lashes, <em>Maxfactor False Lash Effect.<\/em><\/div>\n<p><\/p>\n<div style=\"clear: both; text-align: center;\"><\/div>\n<p><\/p>\n<div style=\"text-align: center;\"><span style=\"font-size: x-large;\">Wish me luck on the math test now!<\/span><\/div>","protected":false},"excerpt":{"rendered":"<p>Jag vet inte exakt varf\u00f6r, men har f\u00e5tt s\u00e5nna enorma v\u00e5rk\u00e4nslor de senaste dagarna. Lite konstigt d\u00e5 jag \u00e4r f\u00f6rkyld och fortfarande l\u00e5ter som en risbuske. Och det har v\u00e4l inte varit \u00f6verdrivet fint v\u00e4der, eller varmt heller. Det kanske\u00a0\u00e4r f\u00f6r att det b\u00f6rjar\u00a0bli ljusare ute? :) N\u00e5v\u00e4l, vad det \u00e4n \u00e4r s\u00e5 f\u00e5r det [&hellip;]<\/p>\n","protected":false},"author":30,"featured_media":0,"comment_status":"open","ping_status":"open","sticky":false,"template":"","format":"standard","meta":{"footnotes":""},"categories":[3],"tags":[],"class_list":["post-1116","post","type-post","status-publish","format-standard","hentry","category-allmant"],"yoast_head":"<!-- This site is optimized with the Yoast SEO Premium plugin v14.9 - https:\/\/yoast.com\/wordpress\/plugins\/seo\/ -->\n<meta name=\"description\" content=\"F\u00e4rgglad Eyeliner | Helena Amiley - H\u00e4r hittar du senaste infromation om sk\u00f6nhet, livsstil, entrepren\u00f6rskap, makeup &amp; tips.\" \/>\n<meta name=\"robots\" content=\"index, follow, max-snippet:-1, max-image-preview:large, max-video-preview:-1\" \/>\n<link rel=\"canonical\" href=\"https:\/\/www.imakeyousmile.se\/en\/fargglad-eyeliner\/\" \/>\n<meta property=\"og:locale\" content=\"en_US\" \/>\n<meta property=\"og:type\" content=\"article\" \/>\n<meta property=\"og:title\" content=\"F\u00e4rgglad Eyeliner | Imakeyousmile.se\" \/>\n<meta property=\"og:description\" content=\"F\u00e4rgglad Eyeliner | Helena Amiley - H\u00e4r hittar du senaste infromation om sk\u00f6nhet, livsstil, entrepren\u00f6rskap, makeup &amp; tips.\" \/>\n<meta property=\"og:url\" content=\"https:\/\/www.imakeyousmile.se\/en\/fargglad-eyeliner\/\" \/>\n<meta property=\"og:site_name\" content=\"Imakeyousmile.se\" \/>\n<meta property=\"article:author\" content=\"https:\/\/www.facebook.com\/imakeyousmile.se\" \/>\n<meta property=\"article:published_time\" content=\"2012-01-19T11:37:00+00:00\" \/>\n<meta property=\"og:image\" content=\"http:\/\/2.bp.blogspot.com\/-cgFlWSdDBIw\/Txf8-wBjUvI\/AAAAAAAAFmE\/czMmfuj8TP0\/s400\/IMG_8374.JPG\" \/>\n<meta name=\"twitter:card\" content=\"summary_large_image\" \/>\n<script type=\"application\/ld+json\" class=\"yoast-schema-graph\">{\"@context\":\"https:\/\/schema.org\",\"@graph\":[{\"@type\":\"Organization\",\"@id\":\"https:\/\/www.imakeyousmile.se\/en\/#organization\",\"name\":\"Imakeyousmile\",\"url\":\"https:\/\/www.imakeyousmile.se\/en\/\",\"sameAs\":[],\"logo\":{\"@type\":\"ImageObject\",\"@id\":\"https:\/\/www.imakeyousmile.se\/en\/#logo\",\"inLanguage\":\"en-US\",\"url\":\"https:\/\/www.imakeyousmile.se\/wp-content\/uploads\/2020\/10\/HELENA-AMILEY_SVART-1-e1603367975324.png\",\"width\":280,\"height\":93,\"caption\":\"Imakeyousmile\"},\"image\":{\"@id\":\"https:\/\/www.imakeyousmile.se\/en\/#logo\"}},{\"@type\":\"WebSite\",\"@id\":\"https:\/\/www.imakeyousmile.se\/en\/#website\",\"url\":\"https:\/\/www.imakeyousmile.se\/en\/\",\"name\":\"Imakeyousmile.se\",\"description\":\"Helena Amiley - Beauty, Entrepreneur, Lifestyle\",\"publisher\":{\"@id\":\"https:\/\/www.imakeyousmile.se\/en\/#organization\"},\"potentialAction\":[{\"@type\":\"SearchAction\",\"target\":\"https:\/\/www.imakeyousmile.se\/en\/?s={search_term_string}\",\"query-input\":\"required name=search_term_string\"}],\"inLanguage\":\"en-US\"},{\"@type\":\"ImageObject\",\"@id\":\"https:\/\/www.imakeyousmile.se\/fargglad-eyeliner\/#primaryimage\",\"inLanguage\":\"en-US\",\"url\":\"http:\/\/2.bp.blogspot.com\/-cgFlWSdDBIw\/Txf8-wBjUvI\/AAAAAAAAFmE\/czMmfuj8TP0\/s400\/IMG_8374.JPG\"},{\"@type\":\"WebPage\",\"@id\":\"https:\/\/www.imakeyousmile.se\/fargglad-eyeliner\/#webpage\",\"url\":\"https:\/\/www.imakeyousmile.se\/fargglad-eyeliner\/\",\"name\":\"F\\u00e4rgglad Eyeliner | Imakeyousmile.se\",\"isPartOf\":{\"@id\":\"https:\/\/www.imakeyousmile.se\/en\/#website\"},\"primaryImageOfPage\":{\"@id\":\"https:\/\/www.imakeyousmile.se\/fargglad-eyeliner\/#primaryimage\"},\"datePublished\":\"2012-01-19T11:37:00+00:00\",\"dateModified\":\"2012-01-19T11:37:00+00:00\",\"description\":\"F\\u00e4rgglad Eyeliner | Helena Amiley - H\\u00e4r hittar du senaste infromation om sk\\u00f6nhet, livsstil, entrepren\\u00f6rskap, makeup & tips.\",\"inLanguage\":\"en-US\",\"potentialAction\":[{\"@type\":\"ReadAction\",\"target\":[\"https:\/\/www.imakeyousmile.se\/fargglad-eyeliner\/\"]}]},{\"@type\":\"Article\",\"@id\":\"https:\/\/www.imakeyousmile.se\/fargglad-eyeliner\/#article\",\"isPartOf\":{\"@id\":\"https:\/\/www.imakeyousmile.se\/fargglad-eyeliner\/#webpage\"},\"author\":{\"@id\":\"https:\/\/www.imakeyousmile.se\/en\/#\/schema\/person\/b0fd43b1c6bb1c60cfd68bff9b4a10fb\"},\"headline\":\"F\\u00e4rgglad Eyeliner\",\"datePublished\":\"2012-01-19T11:37:00+00:00\",\"dateModified\":\"2012-01-19T11:37:00+00:00\",\"mainEntityOfPage\":{\"@id\":\"https:\/\/www.imakeyousmile.se\/fargglad-eyeliner\/#webpage\"},\"commentCount\":0,\"publisher\":{\"@id\":\"https:\/\/www.imakeyousmile.se\/en\/#organization\"},\"image\":{\"@id\":\"https:\/\/www.imakeyousmile.se\/fargglad-eyeliner\/#primaryimage\"},\"articleSection\":\"\\u00d6vrigt\",\"inLanguage\":\"en-US\",\"potentialAction\":[{\"@type\":\"CommentAction\",\"name\":\"Comment\",\"target\":[\"https:\/\/www.imakeyousmile.se\/fargglad-eyeliner\/#respond\"]}]},{\"@type\":\"Person\",\"@id\":\"https:\/\/www.imakeyousmile.se\/en\/#\/schema\/person\/b0fd43b1c6bb1c60cfd68bff9b4a10fb\",\"name\":\"Helena Amiley\",\"image\":{\"@type\":\"ImageObject\",\"@id\":\"https:\/\/www.imakeyousmile.se\/en\/#personlogo\",\"inLanguage\":\"en-US\",\"url\":\"https:\/\/secure.gravatar.com\/avatar\/5645558e1e355457a23368d7e1b4c904?s=96&d=mm&r=g\",\"caption\":\"Helena Amiley\"},\"description\":\"Jag skriver mest om sk\\u00f6nhet men bjuder \\u00e4ven p\\u00e5 glimtar fr\\u00e5n entrepren\\u00f6rlivet och bygget av v\\u00e5r egen camper van. Vanlife here we come!\",\"sameAs\":[\"https:\/\/www.facebook.com\/imakeyousmile.se\",\"https:\/\/www.instagram.com\/helenaamiley\",\"https:\/\/www.youtube.com\/channel\/UCR5iB6rvpV6Yr8ZjpQfr5mg?view_as=subscriber\"]}]}<\/script>\n<!-- \/ Yoast SEO Premium plugin. -->","_links":{"self":[{"href":"https:\/\/www.imakeyousmile.se\/en\/wp-json\/wp\/v2\/posts\/1116"}],"collection":[{"href":"https:\/\/www.imakeyousmile.se\/en\/wp-json\/wp\/v2\/posts"}],"about":[{"href":"https:\/\/www.imakeyousmile.se\/en\/wp-json\/wp\/v2\/types\/post"}],"author":[{"embeddable":true,"href":"https:\/\/www.imakeyousmile.se\/en\/wp-json\/wp\/v2\/users\/30"}],"replies":[{"embeddable":true,"href":"https:\/\/www.imakeyousmile.se\/en\/wp-json\/wp\/v2\/comments?post=1116"}],"version-history":[{"count":0,"href":"https:\/\/www.imakeyousmile.se\/en\/wp-json\/wp\/v2\/posts\/1116\/revisions"}],"wp:attachment":[{"href":"https:\/\/www.imakeyousmile.se\/en\/wp-json\/wp\/v2\/media?parent=1116"}],"wp:term":[{"taxonomy":"category","embeddable":true,"href":"https:\/\/www.imakeyousmile.se\/en\/wp-json\/wp\/v2\/categories?post=1116"},{"taxonomy":"post_tag","embeddable":true,"href":"https:\/\/www.imakeyousmile.se\/en\/wp-json\/wp\/v2\/tags?post=1116"}],"curies":[{"name":"wp","href":"https:\/\/api.w.org\/{rel}","templated":true}]}}