{"id":1118,"date":"2012-01-18T07:30:00","date_gmt":"2012-01-18T06:30:00","guid":{"rendered":"http:\/\/www.imakeyousmile.se\/sminka-till-svartvita-bilder\/"},"modified":"2012-01-18T07:30:00","modified_gmt":"2012-01-18T06:30:00","slug":"sminka-till-svartvita-bilder","status":"publish","type":"post","link":"https:\/\/www.imakeyousmile.se\/en\/make-up-to-black-and-white-images\/","title":{"rendered":"Make-up for black and white pictures"},"content":{"rendered":"<div style=\"clear: both; text-align: left;\">They are very common among photo enthusiasts to make their photos black and white.<\/div>\n<div style=\"clear: both; text-align: left;\"><\/div>\n<div style=\"clear: both; text-align: left;\">Then it is especially one thing that is important to keep in mind when man <span style=\"font-size: x-large;\">makeup<\/span> before such a photograph - H<b>out you put blush<\/b>.<\/div>\n<div style=\"clear: both; text-align: left;\"><\/div>\n<div style=\"clear: both; text-align: left;\">Shading and highlights are just as usual, and can even <span style=\"font-size: x-large;\">exaggerated<\/span> lite (<i>Dark shadow in the deep parts of the face such as. <u>during<\/u> cheekbones and temples. Bright in the places that stand out such as. the nose<\/i>)<\/div>\n<div style=\"clear: both; text-align: left;\"><\/div>\n<div style=\"clear: both; text-align: left;\">Men red <u>on<\/u> cheekbones should be <span style=\"font-size: x-large;\">skip<\/span> completely, as it is usually there to give the cheeks color, but in black and white it just looks like a shadow.<\/div>\n<div style=\"clear: both; text-align: center;\"><\/div>\n<div style=\"clear: both; text-align: center;\"><\/div>\n<div style=\"clear: both; text-align: center;\"><a href=\"http:\/\/1.bp.blogspot.com\/-Xp-coqBDphk\/TxW9YNi-gpI\/AAAAAAAAFlE\/lwuO7NDnSf4\/s1600\/IMG_8199.JPG\" style=\"margin-left: 1em; margin-right: 1em;\"><img loading=\"lazy\" decoding=\"async\" border=\"0\" height=\"400\" src=\"http:\/\/1.bp.blogspot.com\/-Xp-coqBDphk\/TxW9YNi-gpI\/AAAAAAAAFlE\/lwuO7NDnSf4\/s400\/IMG_8199.JPG\" width=\"305\" \/><\/a><\/div>\n<div style=\"clear: both; text-align: center;\"><\/div>\n<div style=\"clear: both; text-align: center;\"><i>Put the basic make-up on Emil and Julia before a black and white photography today.<\/i><\/div>\n<div style=\"clear: both; text-align: center;\"><\/div>\n<div style=\"clear: both; text-align: center;\"><a href=\"http:\/\/3.bp.blogspot.com\/-IoJl6eqkW0c\/TxW9ZEK3wtI\/AAAAAAAAFlM\/w6F58tdn6O0\/s1600\/IMG_8199+-+Kopia.JPG\" style=\"margin-left: 1em; margin-right: 1em;\"><img loading=\"lazy\" decoding=\"async\" border=\"0\" height=\"400\" src=\"http:\/\/3.bp.blogspot.com\/-IoJl6eqkW0c\/TxW9ZEK3wtI\/AAAAAAAAFlM\/w6F58tdn6O0\/s400\/IMG_8199+-+Kopia.JPG\" width=\"305\" \/><\/a><\/div>\n<div style=\"clear: both; text-align: center;\"><i>Had I put blush <u>on<\/u> cheekbones, the cheeks had not seemed to &quot;stick out&quot; as much as it does.<\/i><\/div>\n<div style=\"clear: both; text-align: center;\"><i>It is especially visible on Julia!<\/i><\/div>\n<p>That is also why <span style=\"font-size: x-large;\">50s make-up<\/span> looks like they do, because they snapped a lot of black and white photos in the 50&#039;s.<\/p>\n<div style=\"clear: both; text-align: center;\"><a href=\"http:\/\/3.bp.blogspot.com\/-3ua2nLnOx6s\/TxXBhAJT-dI\/AAAAAAAAFlU\/cp51yAFmSTs\/s1600\/Marilyn-Monroe.jpg\" style=\"margin-left: 1em; margin-right: 1em;\"><img loading=\"lazy\" decoding=\"async\" border=\"0\" height=\"320\" src=\"http:\/\/3.bp.blogspot.com\/-3ua2nLnOx6s\/TxXBhAJT-dI\/AAAAAAAAFlU\/cp51yAFmSTs\/s320\/Marilyn-Monroe.jpg\" width=\"320\" \/><\/a><\/div>\n<div style=\"clear: both; text-align: center;\"><i style=\"text-align: -webkit-auto;\">Light on the eyelid, Marked with light brown along the globe line, light on the lower lash line<\/i><\/div>\n<div style=\"clear: both; text-align: center;\"><i style=\"text-align: -webkit-auto;\">and no blush.<br \/><\/i><\/div>\n<div style=\"clear: both; text-align: center;\"><\/div>\n<div style=\"clear: both; text-align: left;\">Had Marilyn&#039;s make up artist not just added shading <b><i>during<\/i><\/b> cheekbone, but also blush <i><b>on<\/b>,<\/i> then the shadow you see had continued upwards towards the eye, and it had looked strange.<\/div>\n<div style=\"text-align: center;\"><span style=\"font-size: x-large;\">Make sense<\/span><span style=\"font-size: x-large;\">?<\/span><\/div>","protected":false},"excerpt":{"rendered":"<p>De \u00e4r j\u00e4ttevanligt bland foto-intresserade att g\u00f6ra sina bilder svartvita. D\u00e5 \u00e4r det speciellt en sak som \u00e4r viktigt att t\u00e4nka p\u00e5 n\u00e4r man sminkar inf\u00f6r en s\u00e5ndan fotografering &#8211; Hur man l\u00e4gger rouge. Shading och highlights \u00e4r precis som vanligt, och kan till och med \u00f6verdrivas lite (M\u00f6rk skugga i de djupa delarna av [&hellip;]<\/p>\n","protected":false},"author":30,"featured_media":0,"comment_status":"open","ping_status":"open","sticky":false,"template":"","format":"standard","meta":{"footnotes":""},"categories":[59],"tags":[],"class_list":["post-1118","post","type-post","status-publish","format-standard","hentry","category-recensioner-produkttips"],"yoast_head":"<!-- This site is optimized with the Yoast SEO Premium plugin v14.9 - https:\/\/yoast.com\/wordpress\/plugins\/seo\/ -->\n<meta name=\"description\" content=\"Sminka till svartvita bilder | Helena Amiley - H\u00e4r hittar du senaste infromation om sk\u00f6nhet, livsstil, entrepren\u00f6rskap, makeup &amp; tips.\" \/>\n<meta name=\"robots\" content=\"index, follow, max-snippet:-1, max-image-preview:large, max-video-preview:-1\" \/>\n<link rel=\"canonical\" href=\"https:\/\/www.imakeyousmile.se\/en\/sminka-till-svartvita-bilder\/\" \/>\n<meta property=\"og:locale\" content=\"en_US\" \/>\n<meta property=\"og:type\" content=\"article\" \/>\n<meta property=\"og:title\" content=\"Sminka till svartvita bilder | Imakeyousmile.se\" \/>\n<meta property=\"og:description\" content=\"Sminka till svartvita bilder | Helena Amiley - H\u00e4r hittar du senaste infromation om sk\u00f6nhet, livsstil, entrepren\u00f6rskap, makeup &amp; tips.\" \/>\n<meta property=\"og:url\" content=\"https:\/\/www.imakeyousmile.se\/en\/sminka-till-svartvita-bilder\/\" \/>\n<meta property=\"og:site_name\" content=\"Imakeyousmile.se\" \/>\n<meta property=\"article:author\" content=\"https:\/\/www.facebook.com\/imakeyousmile.se\" \/>\n<meta property=\"article:published_time\" content=\"2012-01-18T06:30:00+00:00\" \/>\n<meta property=\"og:image\" content=\"http:\/\/1.bp.blogspot.com\/-Xp-coqBDphk\/TxW9YNi-gpI\/AAAAAAAAFlE\/lwuO7NDnSf4\/s400\/IMG_8199.JPG\" \/>\n<meta name=\"twitter:card\" content=\"summary_large_image\" \/>\n<script type=\"application\/ld+json\" class=\"yoast-schema-graph\">{\"@context\":\"https:\/\/schema.org\",\"@graph\":[{\"@type\":\"Organization\",\"@id\":\"https:\/\/www.imakeyousmile.se\/en\/#organization\",\"name\":\"Imakeyousmile\",\"url\":\"https:\/\/www.imakeyousmile.se\/en\/\",\"sameAs\":[],\"logo\":{\"@type\":\"ImageObject\",\"@id\":\"https:\/\/www.imakeyousmile.se\/en\/#logo\",\"inLanguage\":\"en-US\",\"url\":\"https:\/\/www.imakeyousmile.se\/wp-content\/uploads\/2020\/10\/HELENA-AMILEY_SVART-1-e1603367975324.png\",\"width\":280,\"height\":93,\"caption\":\"Imakeyousmile\"},\"image\":{\"@id\":\"https:\/\/www.imakeyousmile.se\/en\/#logo\"}},{\"@type\":\"WebSite\",\"@id\":\"https:\/\/www.imakeyousmile.se\/en\/#website\",\"url\":\"https:\/\/www.imakeyousmile.se\/en\/\",\"name\":\"Imakeyousmile.se\",\"description\":\"Helena Amiley - Beauty, Entrepreneur, Lifestyle\",\"publisher\":{\"@id\":\"https:\/\/www.imakeyousmile.se\/en\/#organization\"},\"potentialAction\":[{\"@type\":\"SearchAction\",\"target\":\"https:\/\/www.imakeyousmile.se\/en\/?s={search_term_string}\",\"query-input\":\"required name=search_term_string\"}],\"inLanguage\":\"en-US\"},{\"@type\":\"ImageObject\",\"@id\":\"https:\/\/www.imakeyousmile.se\/sminka-till-svartvita-bilder\/#primaryimage\",\"inLanguage\":\"en-US\",\"url\":\"http:\/\/1.bp.blogspot.com\/-Xp-coqBDphk\/TxW9YNi-gpI\/AAAAAAAAFlE\/lwuO7NDnSf4\/s400\/IMG_8199.JPG\"},{\"@type\":\"WebPage\",\"@id\":\"https:\/\/www.imakeyousmile.se\/sminka-till-svartvita-bilder\/#webpage\",\"url\":\"https:\/\/www.imakeyousmile.se\/sminka-till-svartvita-bilder\/\",\"name\":\"Sminka till svartvita bilder | Imakeyousmile.se\",\"isPartOf\":{\"@id\":\"https:\/\/www.imakeyousmile.se\/en\/#website\"},\"primaryImageOfPage\":{\"@id\":\"https:\/\/www.imakeyousmile.se\/sminka-till-svartvita-bilder\/#primaryimage\"},\"datePublished\":\"2012-01-18T06:30:00+00:00\",\"dateModified\":\"2012-01-18T06:30:00+00:00\",\"description\":\"Sminka till svartvita bilder | Helena Amiley - H\\u00e4r hittar du senaste infromation om sk\\u00f6nhet, livsstil, entrepren\\u00f6rskap, makeup & tips.\",\"inLanguage\":\"en-US\",\"potentialAction\":[{\"@type\":\"ReadAction\",\"target\":[\"https:\/\/www.imakeyousmile.se\/sminka-till-svartvita-bilder\/\"]}]},{\"@type\":\"Article\",\"@id\":\"https:\/\/www.imakeyousmile.se\/sminka-till-svartvita-bilder\/#article\",\"isPartOf\":{\"@id\":\"https:\/\/www.imakeyousmile.se\/sminka-till-svartvita-bilder\/#webpage\"},\"author\":{\"@id\":\"https:\/\/www.imakeyousmile.se\/en\/#\/schema\/person\/b0fd43b1c6bb1c60cfd68bff9b4a10fb\"},\"headline\":\"Sminka till svartvita bilder\",\"datePublished\":\"2012-01-18T06:30:00+00:00\",\"dateModified\":\"2012-01-18T06:30:00+00:00\",\"mainEntityOfPage\":{\"@id\":\"https:\/\/www.imakeyousmile.se\/sminka-till-svartvita-bilder\/#webpage\"},\"commentCount\":0,\"publisher\":{\"@id\":\"https:\/\/www.imakeyousmile.se\/en\/#organization\"},\"image\":{\"@id\":\"https:\/\/www.imakeyousmile.se\/sminka-till-svartvita-bilder\/#primaryimage\"},\"articleSection\":\"Recensioner &amp; Produkttips\",\"inLanguage\":\"en-US\",\"potentialAction\":[{\"@type\":\"CommentAction\",\"name\":\"Comment\",\"target\":[\"https:\/\/www.imakeyousmile.se\/sminka-till-svartvita-bilder\/#respond\"]}]},{\"@type\":\"Person\",\"@id\":\"https:\/\/www.imakeyousmile.se\/en\/#\/schema\/person\/b0fd43b1c6bb1c60cfd68bff9b4a10fb\",\"name\":\"Helena Amiley\",\"image\":{\"@type\":\"ImageObject\",\"@id\":\"https:\/\/www.imakeyousmile.se\/en\/#personlogo\",\"inLanguage\":\"en-US\",\"url\":\"https:\/\/secure.gravatar.com\/avatar\/5645558e1e355457a23368d7e1b4c904?s=96&d=mm&r=g\",\"caption\":\"Helena Amiley\"},\"description\":\"Jag skriver mest om sk\\u00f6nhet men bjuder \\u00e4ven p\\u00e5 glimtar fr\\u00e5n entrepren\\u00f6rlivet och bygget av v\\u00e5r egen camper van. Vanlife here we come!\",\"sameAs\":[\"https:\/\/www.facebook.com\/imakeyousmile.se\",\"https:\/\/www.instagram.com\/helenaamiley\",\"https:\/\/www.youtube.com\/channel\/UCR5iB6rvpV6Yr8ZjpQfr5mg?view_as=subscriber\"]}]}<\/script>\n<!-- \/ Yoast SEO Premium plugin. -->","_links":{"self":[{"href":"https:\/\/www.imakeyousmile.se\/en\/wp-json\/wp\/v2\/posts\/1118"}],"collection":[{"href":"https:\/\/www.imakeyousmile.se\/en\/wp-json\/wp\/v2\/posts"}],"about":[{"href":"https:\/\/www.imakeyousmile.se\/en\/wp-json\/wp\/v2\/types\/post"}],"author":[{"embeddable":true,"href":"https:\/\/www.imakeyousmile.se\/en\/wp-json\/wp\/v2\/users\/30"}],"replies":[{"embeddable":true,"href":"https:\/\/www.imakeyousmile.se\/en\/wp-json\/wp\/v2\/comments?post=1118"}],"version-history":[{"count":0,"href":"https:\/\/www.imakeyousmile.se\/en\/wp-json\/wp\/v2\/posts\/1118\/revisions"}],"wp:attachment":[{"href":"https:\/\/www.imakeyousmile.se\/en\/wp-json\/wp\/v2\/media?parent=1118"}],"wp:term":[{"taxonomy":"category","embeddable":true,"href":"https:\/\/www.imakeyousmile.se\/en\/wp-json\/wp\/v2\/categories?post=1118"},{"taxonomy":"post_tag","embeddable":true,"href":"https:\/\/www.imakeyousmile.se\/en\/wp-json\/wp\/v2\/tags?post=1118"}],"curies":[{"name":"wp","href":"https:\/\/api.w.org\/{rel}","templated":true}]}}