{"id":11321,"date":"2014-02-13T08:34:05","date_gmt":"2014-02-13T07:34:05","guid":{"rendered":"http:\/\/www.imakeyousmile.se\/?p=11321"},"modified":"2021-09-01T05:37:05","modified_gmt":"2021-09-01T03:37:05","slug":"alla-hjartans-dag-pa-yves-rocher","status":"publish","type":"post","link":"https:\/\/www.imakeyousmile.se\/en\/alla-hjartans-dag-pa-yves-rocher\/","title":{"rendered":"Valentine&#039;s Day at Yves Rocher"},"content":{"rendered":"<p>That I like <a href=\"https:\/\/dot.yves-rocher.se\/t\/t?a=138068268&amp;as=1548102449&amp;t=2&amp;tk=1&amp;epi=search-replace-yves-lipliner&amp;url=https:\/\/www.yves-rocher.se\/smink\/laeppar\/laeppenna\/c\/22300\" target=\"_blank\" rel=\"noopener\">Yves Rocher <\/a>is nothing you have missed I think? :) Their products appear in posts and make-up a little now and then here in the blog.<\/p>\n<p>I therefore thought I would tell you about their awesome campaign on Valentine&#039;s Day - when you shop, you get an optional product at no extra cost! Not the cheapest or that you have to shop for a certain amount to get it, but it is simply the item you put in the shopping cart first and you get to choose from the whole site! :)<\/p>\n<p>The offer is valid from today 13 February - until Sunday 16 February at 24.00.<\/p>\n<p><a href=\"https:\/\/dot.yves-rocher.se\/t\/t?a=138068268&amp;as=1548102449&amp;t=2&amp;tk=1&amp;epi=search-replace-yves-lipliner&amp;url=https:\/\/www.yves-rocher.se\/smink\/laeppar\/laeppenna\/c\/22300\" target=\"_blank\" rel=\"noopener\"><span style=\"text-decoration: underline;\">click here<\/span><\/a> to get to the website!<\/p>\n<p><a href=\"http:\/\/www.imakeyousmile.se\/wp-content\/uploads\/2014\/02\/alla-hj\u00e4rtans-dag-yves-rocher.jpg\"><img loading=\"lazy\" decoding=\"async\" class=\"alignnone size-full wp-image-11322\" src=\"http:\/\/www.imakeyousmile.se\/wp-content\/uploads\/2014\/02\/alla-hj\u00e4rtans-dag-yves-rocher.jpg\" alt=\"valentines day yves rocher\" width=\"722\" height=\"830\" srcset=\"https:\/\/www.imakeyousmile.se\/wp-content\/uploads\/2014\/02\/alla-hj\u00e4rtans-dag-yves-rocher.jpg 722w, https:\/\/www.imakeyousmile.se\/wp-content\/uploads\/2014\/02\/alla-hj\u00e4rtans-dag-yves-rocher-260x300.jpg 260w\" sizes=\"(max-width: 722px) 100vw, 722px\" \/><\/a><\/p>\n<p>&nbsp;<\/p>\n<p>Do you want tips on what to buy? :) Here are some of my favorites:<\/p>\n<p><a href=\"https:\/\/dot.yves-rocher.se\/t\/t?a=138068268&amp;as=1548102449&amp;t=2&amp;tk=1&amp;epi=search-replace-yves-penna&amp;url=https:\/\/www.yves-rocher.se\/smink\/ogon\/ogonpenna-och-eyeliner\/c\/23200\" target=\"_blank\" rel=\"noopener\">Waterproof eye pencil<\/a>, is available in both black and colorful (and I wish they would make one in white \/ beige as well). Sits superb all day!<\/p>\n<p><a href=\"https:\/\/dot.yves-rocher.se\/t\/t?a=138068268&amp;as=1548102449&amp;t=2&amp;tk=1&amp;epi=search-replace-yves-parlemo&amp;url=https:\/\/www.yves-rocher.se\/smink\/ansikte\/rouge\/solpuder-paerlemorskimrande-monoi\/p\/86396\" target=\"_blank\" rel=\"noopener\">Loose mother of pearl shimmer<\/a> is also incomparably nice, I have the shades Golden and Crystal and I love both that sparkle a lot!<\/p>\n<p><a href=\"https:\/\/dot.yves-rocher.se\/t\/t?a=138068268&amp;as=1548102449&amp;t=2&amp;tk=1&amp;epi=search-replace-yves-lipliner&amp;url=https:\/\/www.yves-rocher.se\/smink\/laeppar\/laeppenna\/c\/22300\" target=\"_blank\" rel=\"noopener\">Glittering eye shadow<\/a>, for us who love glitter, these shadows are wonderful. There are many glitter shadows that glitter nicely in the packaging, but on the eyelid it becomes dull like any eye shadow. But Yves Rocher has succeeded with his!<\/p>\n<p><a href=\"https:\/\/dot.yves-rocher.se\/t\/t?a=138068268&amp;as=1548102449&amp;t=2&amp;tk=1&amp;epi=search-replace-yves-lipliner&amp;url=https:\/\/www.yves-rocher.se\/smink\/laeppar\/laeppenna\/c\/22300\" target=\"_blank\" rel=\"noopener\">Automatic Lip Liner<\/a> is a great lip pencil that I usually use on the whole lip, sits like a charm! The shade 32 Rouge Fonc\u00e9 is my favorite.<\/p>\n<p>Now I get the urge to put on make-up with the mother-of-pearl shimmer hehe, it will probably be a glittery Valentine&#039;s day make-up today, I think! :)<\/p>\n<p><strong>Hugs are!<\/strong><\/p>","protected":false},"excerpt":{"rendered":"<p>Att jag gillar Yves Rocher \u00e4r ingenting ni har missat tror jag? :) Deras produkter dyker upp i inl\u00e4gg och sminkningar lite d\u00e5 och d\u00e5 h\u00e4r i bloggen. Jag t\u00e4nkte d\u00e4rf\u00f6r tipsa er om deras grymma kampanj \u00f6ver Alla hj\u00e4rtans dag &#8211; n\u00e4r man handlar s\u00e5 f\u00e5r man en valfri produkt utan extra kostnad! Inte [&hellip;]<\/p>\n","protected":false},"author":30,"featured_media":0,"comment_status":"open","ping_status":"closed","sticky":false,"template":"","format":"standard","meta":{"footnotes":""},"categories":[3,59],"tags":[1733,1735,1734],"class_list":["post-11321","post","type-post","status-publish","format-standard","hentry","category-allmant","category-recensioner-produkttips","tag-alla-hjartans-dag-erbjudande","tag-yves-rocher-alla-hjartans-dag","tag-yves-rocher-erbjudande"],"yoast_head":"<!-- This site is optimized with the Yoast SEO Premium plugin v14.9 - https:\/\/yoast.com\/wordpress\/plugins\/seo\/ -->\n<meta name=\"description\" content=\"Alla hj\u00e4rtans dag p\u00e5 Yves Rocher | Helena Amiley - H\u00e4r hittar du senaste infromation om sk\u00f6nhet, livsstil, entrepren\u00f6rskap, makeup &amp; tips.\" \/>\n<meta name=\"robots\" content=\"index, follow, max-snippet:-1, max-image-preview:large, max-video-preview:-1\" \/>\n<link rel=\"canonical\" href=\"https:\/\/www.imakeyousmile.se\/en\/alla-hjartans-dag-pa-yves-rocher\/\" \/>\n<meta property=\"og:locale\" content=\"en_US\" \/>\n<meta property=\"og:type\" content=\"article\" \/>\n<meta property=\"og:title\" content=\"Alla hj\u00e4rtans dag p\u00e5 Yves Rocher | Imakeyousmile.se\" \/>\n<meta property=\"og:description\" content=\"Alla hj\u00e4rtans dag p\u00e5 Yves Rocher | Helena Amiley - H\u00e4r hittar du senaste infromation om sk\u00f6nhet, livsstil, entrepren\u00f6rskap, makeup &amp; tips.\" \/>\n<meta property=\"og:url\" content=\"https:\/\/www.imakeyousmile.se\/en\/alla-hjartans-dag-pa-yves-rocher\/\" \/>\n<meta property=\"og:site_name\" content=\"Imakeyousmile.se\" \/>\n<meta property=\"article:author\" content=\"https:\/\/www.facebook.com\/imakeyousmile.se\" \/>\n<meta property=\"article:published_time\" content=\"2014-02-13T07:34:05+00:00\" \/>\n<meta property=\"article:modified_time\" content=\"2021-09-01T03:37:05+00:00\" \/>\n<meta property=\"og:image\" content=\"http:\/\/www.imakeyousmile.se\/wp-content\/uploads\/2014\/02\/alla-hj\u00e4rtans-dag-yves-rocher.jpg\" \/>\n<meta name=\"twitter:card\" content=\"summary_large_image\" \/>\n<script type=\"application\/ld+json\" class=\"yoast-schema-graph\">{\"@context\":\"https:\/\/schema.org\",\"@graph\":[{\"@type\":\"Organization\",\"@id\":\"https:\/\/www.imakeyousmile.se\/en\/#organization\",\"name\":\"Imakeyousmile\",\"url\":\"https:\/\/www.imakeyousmile.se\/en\/\",\"sameAs\":[],\"logo\":{\"@type\":\"ImageObject\",\"@id\":\"https:\/\/www.imakeyousmile.se\/en\/#logo\",\"inLanguage\":\"en-US\",\"url\":\"https:\/\/www.imakeyousmile.se\/wp-content\/uploads\/2020\/10\/HELENA-AMILEY_SVART-1-e1603367975324.png\",\"width\":280,\"height\":93,\"caption\":\"Imakeyousmile\"},\"image\":{\"@id\":\"https:\/\/www.imakeyousmile.se\/en\/#logo\"}},{\"@type\":\"WebSite\",\"@id\":\"https:\/\/www.imakeyousmile.se\/en\/#website\",\"url\":\"https:\/\/www.imakeyousmile.se\/en\/\",\"name\":\"Imakeyousmile.se\",\"description\":\"Helena Amiley - Beauty, Entrepreneur, Lifestyle\",\"publisher\":{\"@id\":\"https:\/\/www.imakeyousmile.se\/en\/#organization\"},\"potentialAction\":[{\"@type\":\"SearchAction\",\"target\":\"https:\/\/www.imakeyousmile.se\/en\/?s={search_term_string}\",\"query-input\":\"required name=search_term_string\"}],\"inLanguage\":\"en-US\"},{\"@type\":\"ImageObject\",\"@id\":\"https:\/\/www.imakeyousmile.se\/alla-hjartans-dag-pa-yves-rocher\/#primaryimage\",\"inLanguage\":\"en-US\",\"url\":\"http:\/\/www.imakeyousmile.se\/wp-content\/uploads\/2014\/02\/alla-hj\\u00e4rtans-dag-yves-rocher.jpg\"},{\"@type\":\"WebPage\",\"@id\":\"https:\/\/www.imakeyousmile.se\/alla-hjartans-dag-pa-yves-rocher\/#webpage\",\"url\":\"https:\/\/www.imakeyousmile.se\/alla-hjartans-dag-pa-yves-rocher\/\",\"name\":\"Alla hj\\u00e4rtans dag p\\u00e5 Yves Rocher | Imakeyousmile.se\",\"isPartOf\":{\"@id\":\"https:\/\/www.imakeyousmile.se\/en\/#website\"},\"primaryImageOfPage\":{\"@id\":\"https:\/\/www.imakeyousmile.se\/alla-hjartans-dag-pa-yves-rocher\/#primaryimage\"},\"datePublished\":\"2014-02-13T07:34:05+00:00\",\"dateModified\":\"2021-09-01T03:37:05+00:00\",\"description\":\"Alla hj\\u00e4rtans dag p\\u00e5 Yves Rocher | Helena Amiley - H\\u00e4r hittar du senaste infromation om sk\\u00f6nhet, livsstil, entrepren\\u00f6rskap, makeup & tips.\",\"inLanguage\":\"en-US\",\"potentialAction\":[{\"@type\":\"ReadAction\",\"target\":[\"https:\/\/www.imakeyousmile.se\/alla-hjartans-dag-pa-yves-rocher\/\"]}]},{\"@type\":\"Article\",\"@id\":\"https:\/\/www.imakeyousmile.se\/alla-hjartans-dag-pa-yves-rocher\/#article\",\"isPartOf\":{\"@id\":\"https:\/\/www.imakeyousmile.se\/alla-hjartans-dag-pa-yves-rocher\/#webpage\"},\"author\":{\"@id\":\"https:\/\/www.imakeyousmile.se\/en\/#\/schema\/person\/b0fd43b1c6bb1c60cfd68bff9b4a10fb\"},\"headline\":\"Alla hj\\u00e4rtans dag p\\u00e5 Yves Rocher\",\"datePublished\":\"2014-02-13T07:34:05+00:00\",\"dateModified\":\"2021-09-01T03:37:05+00:00\",\"mainEntityOfPage\":{\"@id\":\"https:\/\/www.imakeyousmile.se\/alla-hjartans-dag-pa-yves-rocher\/#webpage\"},\"commentCount\":0,\"publisher\":{\"@id\":\"https:\/\/www.imakeyousmile.se\/en\/#organization\"},\"image\":{\"@id\":\"https:\/\/www.imakeyousmile.se\/alla-hjartans-dag-pa-yves-rocher\/#primaryimage\"},\"keywords\":\"alla hj\\u00e4rtans dag erbjudande,yves rocher alla hj\\u00e4rtans dag,yves rocher erbjudande\",\"articleSection\":\"\\u00d6vrigt,Recensioner &amp; Produkttips\",\"inLanguage\":\"en-US\",\"potentialAction\":[{\"@type\":\"CommentAction\",\"name\":\"Comment\",\"target\":[\"https:\/\/www.imakeyousmile.se\/alla-hjartans-dag-pa-yves-rocher\/#respond\"]}]},{\"@type\":\"Person\",\"@id\":\"https:\/\/www.imakeyousmile.se\/en\/#\/schema\/person\/b0fd43b1c6bb1c60cfd68bff9b4a10fb\",\"name\":\"Helena Amiley\",\"image\":{\"@type\":\"ImageObject\",\"@id\":\"https:\/\/www.imakeyousmile.se\/en\/#personlogo\",\"inLanguage\":\"en-US\",\"url\":\"https:\/\/secure.gravatar.com\/avatar\/5645558e1e355457a23368d7e1b4c904?s=96&d=mm&r=g\",\"caption\":\"Helena Amiley\"},\"description\":\"Jag skriver mest om sk\\u00f6nhet men bjuder \\u00e4ven p\\u00e5 glimtar fr\\u00e5n entrepren\\u00f6rlivet och bygget av v\\u00e5r egen camper van. Vanlife here we come!\",\"sameAs\":[\"https:\/\/www.facebook.com\/imakeyousmile.se\",\"https:\/\/www.instagram.com\/helenaamiley\",\"https:\/\/www.youtube.com\/channel\/UCR5iB6rvpV6Yr8ZjpQfr5mg?view_as=subscriber\"]}]}<\/script>\n<!-- \/ Yoast SEO Premium plugin. -->","_links":{"self":[{"href":"https:\/\/www.imakeyousmile.se\/en\/wp-json\/wp\/v2\/posts\/11321"}],"collection":[{"href":"https:\/\/www.imakeyousmile.se\/en\/wp-json\/wp\/v2\/posts"}],"about":[{"href":"https:\/\/www.imakeyousmile.se\/en\/wp-json\/wp\/v2\/types\/post"}],"author":[{"embeddable":true,"href":"https:\/\/www.imakeyousmile.se\/en\/wp-json\/wp\/v2\/users\/30"}],"replies":[{"embeddable":true,"href":"https:\/\/www.imakeyousmile.se\/en\/wp-json\/wp\/v2\/comments?post=11321"}],"version-history":[{"count":2,"href":"https:\/\/www.imakeyousmile.se\/en\/wp-json\/wp\/v2\/posts\/11321\/revisions"}],"predecessor-version":[{"id":40436,"href":"https:\/\/www.imakeyousmile.se\/en\/wp-json\/wp\/v2\/posts\/11321\/revisions\/40436"}],"wp:attachment":[{"href":"https:\/\/www.imakeyousmile.se\/en\/wp-json\/wp\/v2\/media?parent=11321"}],"wp:term":[{"taxonomy":"category","embeddable":true,"href":"https:\/\/www.imakeyousmile.se\/en\/wp-json\/wp\/v2\/categories?post=11321"},{"taxonomy":"post_tag","embeddable":true,"href":"https:\/\/www.imakeyousmile.se\/en\/wp-json\/wp\/v2\/tags?post=11321"}],"curies":[{"name":"wp","href":"https:\/\/api.w.org\/{rel}","templated":true}]}}