{"id":1187,"date":"2011-12-15T18:00:00","date_gmt":"2011-12-15T17:00:00","guid":{"rendered":"http:\/\/www.imakeyousmile.se\/lappglans-for-vintertorra-lappar\/"},"modified":"2011-12-15T18:00:00","modified_gmt":"2011-12-15T17:00:00","slug":"lappglans-for-vintertorra-lappar","status":"publish","type":"post","link":"https:\/\/www.imakeyousmile.se\/en\/patch-gloss-for-winter-dry-patches\/","title":{"rendered":"Lip gloss for winter dry lips"},"content":{"rendered":"<div style=\"clear: both; text-align: left;\">I, like many others, have very dry lips in the winter.<\/div>\n<div style=\"clear: both; text-align: left;\"><\/div>\n<div style=\"clear: both; text-align: left;\">You lubricate and lubricate with lip awl, and sometimes with a cheap lip gloss from <em>H&amp;M<\/em>. And the lips just get drier and drier\u2026 <em>Anyone who recognize themselves?<\/em><\/div>\n<div style=\"clear: both; text-align: left;\"><\/div>\n<div style=\"clear: both; text-align: left;\">Want to tell you about a super nice lip gloss that actually <span style=\"font-size: x-large;\">cares<\/span> lips at the same time!<\/div>\n<div style=\"clear: both; text-align: left;\"><\/div>\n<div style=\"clear: both; text-align: left;\">It&#039;s the lip gloss \u201d<span style=\"font-size: x-large;\">Glogloss<\/span>\u201dFrom <span style=\"font-size: x-large;\">Glo Minerals<\/span>. I tested them very much on my internship <em>Creative Make Up<\/em>, and fell instantly! They are &quot;creamy&quot; without it getting sticky, the shades are super nice and they sit well and long!<\/div>\n<div style=\"clear: both; text-align: center;\"><\/div>\n<div style=\"clear: both; text-align: center;\"><\/div>\n<div style=\"clear: both; text-align: center;\"><a href=\"http:\/\/3.bp.blogspot.com\/-WKl0dDfJC4w\/Tumu0NlXKQI\/AAAAAAAAE-8\/9vApDGiQskk\/s1600\/GloGloss+naked.jpg\" style=\"margin-left: 1em; margin-right: 1em;\"><img loading=\"lazy\" decoding=\"async\" border=\"0\" height=\"400\" oda=\"true\" src=\"http:\/\/3.bp.blogspot.com\/-WKl0dDfJC4w\/Tumu0NlXKQI\/AAAAAAAAE-8\/9vApDGiQskk\/s400\/GloGloss+naked.jpg\" width=\"400\" \/><\/a><\/div>\n<div style=\"clear: both; text-align: center;\">Got the grade <span style=\"font-size: large;\">5\/5 by Englas Showroom<\/span>.<\/div>\n<div style=\"clear: both; text-align: center;\">(<em>She has the shade Naked in the picture<\/em>)<\/div>\n<div style=\"clear: both; text-align: center;\">Read Engla&#039;s post about the lip gloss\u00a0<a href=\"http:\/\/englasshowroom.com\/2011\/12\/14\/glogloss\/\"><strong><span style=\"font-size: large;\">Here!<\/span><\/strong><\/a><\/div>\n<div style=\"clear: both; text-align: center;\"><\/div>\n<div style=\"clear: both; text-align: center;\"><\/div>\n<div style=\"clear: both; text-align: center;\"><span style=\"font-size: x-large;\">Buy <em>GloGloss<\/em> on <\/span><a href=\"http:\/\/creativemakeup.se\/\"><span style=\"font-size: x-large;\"><strong>Creativemakeup.se<\/strong><\/span><\/a><span style=\"font-size: x-large;\">!<\/span><\/div>\n<div style=\"clear: both; text-align: center;\"><em>(And do not forget the discount code &quot;Imakeyousmile&quot; and get 10% discount!)<\/em><\/div>","protected":false},"excerpt":{"rendered":"<p>Jag har, liksom m\u00e5\u00e5nga andra, v\u00e4ldigt torra l\u00e4ppar p\u00e5 vintern. Man\u00a0sm\u00f6rjer och sm\u00f6rjer\u00a0med lypsyl, och ibland med\u00a0ett billigt l\u00e4ppglans fr\u00e5n H&#038;M. Och l\u00e4pparna blir bara torrare och torrare&#8230; N\u00e5gon som k\u00e4nner igen sig? Vill\u00a0tipsa er om ett supersnyggt l\u00e4ppglans som faktiskt v\u00e5rdar l\u00e4pparna samtidigt! Det \u00e4r l\u00e4ppglansen &#8221;Glogloss&#8221; fr\u00e5n Glo Minerals.\u00a0Jag testade dom v\u00e4ldigt mycket [&hellip;]<\/p>\n","protected":false},"author":30,"featured_media":0,"comment_status":"open","ping_status":"open","sticky":false,"template":"","format":"standard","meta":{"footnotes":""},"categories":[17,59],"tags":[],"class_list":["post-1187","post","type-post","status-publish","format-standard","hentry","category-lappar","category-recensioner-produkttips"],"yoast_head":"<!-- This site is optimized with the Yoast SEO Premium plugin v14.9 - https:\/\/yoast.com\/wordpress\/plugins\/seo\/ -->\n<meta name=\"description\" content=\"L\u00e4ppglans f\u00f6r vintertorra l\u00e4ppar | Helena Amiley - H\u00e4r hittar du senaste infromation om sk\u00f6nhet, livsstil, entrepren\u00f6rskap, makeup &amp; tips.\" \/>\n<meta name=\"robots\" content=\"index, follow, max-snippet:-1, max-image-preview:large, max-video-preview:-1\" \/>\n<link rel=\"canonical\" href=\"https:\/\/www.imakeyousmile.se\/en\/lappglans-for-vintertorra-lappar\/\" \/>\n<meta property=\"og:locale\" content=\"en_US\" \/>\n<meta property=\"og:type\" content=\"article\" \/>\n<meta property=\"og:title\" content=\"L\u00e4ppglans f\u00f6r vintertorra l\u00e4ppar | Imakeyousmile.se\" \/>\n<meta property=\"og:description\" content=\"L\u00e4ppglans f\u00f6r vintertorra l\u00e4ppar | Helena Amiley - H\u00e4r hittar du senaste infromation om sk\u00f6nhet, livsstil, entrepren\u00f6rskap, makeup &amp; tips.\" \/>\n<meta property=\"og:url\" content=\"https:\/\/www.imakeyousmile.se\/en\/lappglans-for-vintertorra-lappar\/\" \/>\n<meta property=\"og:site_name\" content=\"Imakeyousmile.se\" \/>\n<meta property=\"article:author\" content=\"https:\/\/www.facebook.com\/imakeyousmile.se\" \/>\n<meta property=\"article:published_time\" content=\"2011-12-15T17:00:00+00:00\" \/>\n<meta property=\"og:image\" content=\"http:\/\/3.bp.blogspot.com\/-WKl0dDfJC4w\/Tumu0NlXKQI\/AAAAAAAAE-8\/9vApDGiQskk\/s400\/GloGloss+naked.jpg\" \/>\n<meta name=\"twitter:card\" content=\"summary_large_image\" \/>\n<script type=\"application\/ld+json\" class=\"yoast-schema-graph\">{\"@context\":\"https:\/\/schema.org\",\"@graph\":[{\"@type\":\"Organization\",\"@id\":\"https:\/\/www.imakeyousmile.se\/en\/#organization\",\"name\":\"Imakeyousmile\",\"url\":\"https:\/\/www.imakeyousmile.se\/en\/\",\"sameAs\":[],\"logo\":{\"@type\":\"ImageObject\",\"@id\":\"https:\/\/www.imakeyousmile.se\/en\/#logo\",\"inLanguage\":\"en-US\",\"url\":\"https:\/\/www.imakeyousmile.se\/wp-content\/uploads\/2020\/10\/HELENA-AMILEY_SVART-1-e1603367975324.png\",\"width\":280,\"height\":93,\"caption\":\"Imakeyousmile\"},\"image\":{\"@id\":\"https:\/\/www.imakeyousmile.se\/en\/#logo\"}},{\"@type\":\"WebSite\",\"@id\":\"https:\/\/www.imakeyousmile.se\/en\/#website\",\"url\":\"https:\/\/www.imakeyousmile.se\/en\/\",\"name\":\"Imakeyousmile.se\",\"description\":\"Helena Amiley - Beauty, Entrepreneur, Lifestyle\",\"publisher\":{\"@id\":\"https:\/\/www.imakeyousmile.se\/en\/#organization\"},\"potentialAction\":[{\"@type\":\"SearchAction\",\"target\":\"https:\/\/www.imakeyousmile.se\/en\/?s={search_term_string}\",\"query-input\":\"required name=search_term_string\"}],\"inLanguage\":\"en-US\"},{\"@type\":\"ImageObject\",\"@id\":\"https:\/\/www.imakeyousmile.se\/lappglans-for-vintertorra-lappar\/#primaryimage\",\"inLanguage\":\"en-US\",\"url\":\"http:\/\/3.bp.blogspot.com\/-WKl0dDfJC4w\/Tumu0NlXKQI\/AAAAAAAAE-8\/9vApDGiQskk\/s400\/GloGloss+naked.jpg\"},{\"@type\":\"WebPage\",\"@id\":\"https:\/\/www.imakeyousmile.se\/lappglans-for-vintertorra-lappar\/#webpage\",\"url\":\"https:\/\/www.imakeyousmile.se\/lappglans-for-vintertorra-lappar\/\",\"name\":\"L\\u00e4ppglans f\\u00f6r vintertorra l\\u00e4ppar | Imakeyousmile.se\",\"isPartOf\":{\"@id\":\"https:\/\/www.imakeyousmile.se\/en\/#website\"},\"primaryImageOfPage\":{\"@id\":\"https:\/\/www.imakeyousmile.se\/lappglans-for-vintertorra-lappar\/#primaryimage\"},\"datePublished\":\"2011-12-15T17:00:00+00:00\",\"dateModified\":\"2011-12-15T17:00:00+00:00\",\"description\":\"L\\u00e4ppglans f\\u00f6r vintertorra l\\u00e4ppar | Helena Amiley - H\\u00e4r hittar du senaste infromation om sk\\u00f6nhet, livsstil, entrepren\\u00f6rskap, makeup & tips.\",\"inLanguage\":\"en-US\",\"potentialAction\":[{\"@type\":\"ReadAction\",\"target\":[\"https:\/\/www.imakeyousmile.se\/lappglans-for-vintertorra-lappar\/\"]}]},{\"@type\":\"Article\",\"@id\":\"https:\/\/www.imakeyousmile.se\/lappglans-for-vintertorra-lappar\/#article\",\"isPartOf\":{\"@id\":\"https:\/\/www.imakeyousmile.se\/lappglans-for-vintertorra-lappar\/#webpage\"},\"author\":{\"@id\":\"https:\/\/www.imakeyousmile.se\/en\/#\/schema\/person\/b0fd43b1c6bb1c60cfd68bff9b4a10fb\"},\"headline\":\"L\\u00e4ppglans f\\u00f6r vintertorra l\\u00e4ppar\",\"datePublished\":\"2011-12-15T17:00:00+00:00\",\"dateModified\":\"2011-12-15T17:00:00+00:00\",\"mainEntityOfPage\":{\"@id\":\"https:\/\/www.imakeyousmile.se\/lappglans-for-vintertorra-lappar\/#webpage\"},\"commentCount\":0,\"publisher\":{\"@id\":\"https:\/\/www.imakeyousmile.se\/en\/#organization\"},\"image\":{\"@id\":\"https:\/\/www.imakeyousmile.se\/lappglans-for-vintertorra-lappar\/#primaryimage\"},\"articleSection\":\"L\\u00e4ppar,Recensioner &amp; Produkttips\",\"inLanguage\":\"en-US\",\"potentialAction\":[{\"@type\":\"CommentAction\",\"name\":\"Comment\",\"target\":[\"https:\/\/www.imakeyousmile.se\/lappglans-for-vintertorra-lappar\/#respond\"]}]},{\"@type\":\"Person\",\"@id\":\"https:\/\/www.imakeyousmile.se\/en\/#\/schema\/person\/b0fd43b1c6bb1c60cfd68bff9b4a10fb\",\"name\":\"Helena Amiley\",\"image\":{\"@type\":\"ImageObject\",\"@id\":\"https:\/\/www.imakeyousmile.se\/en\/#personlogo\",\"inLanguage\":\"en-US\",\"url\":\"https:\/\/secure.gravatar.com\/avatar\/5645558e1e355457a23368d7e1b4c904?s=96&d=mm&r=g\",\"caption\":\"Helena Amiley\"},\"description\":\"Jag skriver mest om sk\\u00f6nhet men bjuder \\u00e4ven p\\u00e5 glimtar fr\\u00e5n entrepren\\u00f6rlivet och bygget av v\\u00e5r egen camper van. Vanlife here we come!\",\"sameAs\":[\"https:\/\/www.facebook.com\/imakeyousmile.se\",\"https:\/\/www.instagram.com\/helenaamiley\",\"https:\/\/www.youtube.com\/channel\/UCR5iB6rvpV6Yr8ZjpQfr5mg?view_as=subscriber\"]}]}<\/script>\n<!-- \/ Yoast SEO Premium plugin. -->","_links":{"self":[{"href":"https:\/\/www.imakeyousmile.se\/en\/wp-json\/wp\/v2\/posts\/1187"}],"collection":[{"href":"https:\/\/www.imakeyousmile.se\/en\/wp-json\/wp\/v2\/posts"}],"about":[{"href":"https:\/\/www.imakeyousmile.se\/en\/wp-json\/wp\/v2\/types\/post"}],"author":[{"embeddable":true,"href":"https:\/\/www.imakeyousmile.se\/en\/wp-json\/wp\/v2\/users\/30"}],"replies":[{"embeddable":true,"href":"https:\/\/www.imakeyousmile.se\/en\/wp-json\/wp\/v2\/comments?post=1187"}],"version-history":[{"count":0,"href":"https:\/\/www.imakeyousmile.se\/en\/wp-json\/wp\/v2\/posts\/1187\/revisions"}],"wp:attachment":[{"href":"https:\/\/www.imakeyousmile.se\/en\/wp-json\/wp\/v2\/media?parent=1187"}],"wp:term":[{"taxonomy":"category","embeddable":true,"href":"https:\/\/www.imakeyousmile.se\/en\/wp-json\/wp\/v2\/categories?post=1187"},{"taxonomy":"post_tag","embeddable":true,"href":"https:\/\/www.imakeyousmile.se\/en\/wp-json\/wp\/v2\/tags?post=1187"}],"curies":[{"name":"wp","href":"https:\/\/api.w.org\/{rel}","templated":true}]}}