{"id":1201,"date":"2011-12-08T11:34:00","date_gmt":"2011-12-08T10:34:00","guid":{"rendered":"http:\/\/www.imakeyousmile.se\/julsminkning-guldig-rod\/"},"modified":"2014-08-16T11:55:34","modified_gmt":"2014-08-16T09:55:34","slug":"julsminkning-guldig-rod","status":"publish","type":"post","link":"https:\/\/www.imakeyousmile.se\/en\/christmas-make-up-golden-mess\/","title":{"rendered":"Christmas make-up - Gold &amp; Red"},"content":{"rendered":"<div style=\"clear: both; text-align: left;\">Thought it was time for another Christmas make up! Is really most eager to play with New Year&#039;s make - up, but they are like not every day it is appropriate to walk around giant party make - up.<\/div>\n<div style=\"clear: both; text-align: left;\"><\/div>\n<div style=\"clear: both; text-align: left;\"><\/div>\n<div style=\"clear: both; text-align: left;\">Here is at least a Christmas make-up that is almost only done with this palette:<\/div>\n<div style=\"clear: both; text-align: center;\"><\/div>\n<div style=\"clear: both; text-align: center;\"><a style=\"margin-left: 1em; margin-right: 1em;\" href=\"http:\/\/3.bp.blogspot.com\/-4wtapFgdu-k\/TuCNaJSFP0I\/AAAAAAAAE5E\/oWYb8DsOQro\/s1600\/DSC_0052.JPG\"><img decoding=\"async\" src=\"http:\/\/3.bp.blogspot.com\/-4wtapFgdu-k\/TuCNaJSFP0I\/AAAAAAAAE5E\/oWYb8DsOQro\/s400\/DSC_0052.JPG\" alt=\"\" width=\"400px\" height=\"201px\" border=\"0\" \/><\/a><\/div>\n<div style=\"clear: both; text-align: center;\"><\/div>\n<div style=\"clear: both; text-align: center;\"><em><strong>Pink Tease Cream Glitter Eyeshadow<\/strong><\/em><\/div>\n<div style=\"clear: both; text-align: center;\">Bought it very cheaply at Ullared, but it is probably available in many more places if you look.<\/div>\n<div style=\"clear: both; text-align: center;\"><\/div>\n<div style=\"clear: both; text-align: center;\">Think it&#039;s good even though it&#039;s cheap (<em>do not remember exactly what it cost<\/em>)<\/div>\n<div style=\"clear: both; text-align: center;\">However, I thought it would be much glitterier, as it is just a layer of glitter on <span style=\"font-size: x-large;\">the top <\/span>on all the shadows.<\/div>\n<div style=\"clear: both; text-align: center;\"><\/div>\n<div style=\"clear: both; text-align: center;\"><\/div>\n<div style=\"clear: both; text-align: center;\"><a style=\"margin-left: 1em; margin-right: 1em;\" href=\"http:\/\/4.bp.blogspot.com\/-PCwNzuCFKS8\/TuCNdj6b7gI\/AAAAAAAAE5M\/PPRyC2WTxJA\/s1600\/DSC_0058.JPG\"><img decoding=\"async\" src=\"http:\/\/4.bp.blogspot.com\/-PCwNzuCFKS8\/TuCNdj6b7gI\/AAAAAAAAE5M\/PPRyC2WTxJA\/s320\/DSC_0058.JPG\" alt=\"\" width=\"312px\" height=\"320px\" border=\"0\" \/><\/a><\/div>\n<div style=\"clear: both; text-align: center;\"><\/div>\n<div style=\"clear: both; text-align: center;\"><span style=\"color: #b45f06; font-size: large;\"><strong>Brown<span style=\"color: #cc0000;\">RED<\/span><\/strong><\/span> eye shadow at the end of the lower fringe and along the globe line.<\/div>\n<div style=\"clear: both; text-align: center;\"><span style=\"color: #b45f06; font-size: large;\"><strong>Light brown<\/strong><\/span> eye shadow at the end of the eyelid and along the globe line on the reddish-brown <em>(to get a lighter tone but still a little reddish<\/em>)<\/div>\n<div style=\"clear: both; text-align: center;\"><span style=\"color: #e69138; font-size: large;\"><strong>Valid <\/strong><\/span>eye shadow in the middle of the eyelid.<\/div>\n<div style=\"clear: both; text-align: center;\"><span style=\"color: #f6b26b; font-size: large;\"><strong>Bright golden<\/strong><\/span> eye shadow on the inside of the eyelid.<\/div>\n<div style=\"clear: both; text-align: center;\"><span style=\"color: #f9cb9c; font-size: large;\"><strong>Benvit \/ Beige<\/strong><\/span> eye shadow from the corner of the eye up to the beginning of the eyebrow.<\/div>\n<div style=\"clear: both; text-align: center;\"><span style=\"color: red; font-size: large;\"><strong>RED <\/strong><\/span>eye shadow at the bottom of the lower lash line (<em>to make it reddish brown a little redder<\/em>), <em>180 pallets<\/em>.<\/div>\n<div style=\"clear: both; text-align: center;\"><strong><span style=\"color: #ffe599; font-size: large;\">Light yellow <\/span><\/strong>highlighter in the corner of the eye and under the eyebrow, <em>Annika&#039;s favorite shade<\/em>.<\/div>\n<div style=\"clear: both; text-align: center;\"><\/div>\n<div style=\"clear: both; text-align: center;\"><strong><span style=\"font-size: large;\">Black cake eyeliner<\/span><\/strong> on the upper lash line, <em>Kryolan.<\/em><\/div>\n<div style=\"clear: both; text-align: center;\"><span style=\"color: #999999; font-size: large;\">White eyeliner<\/span> on the inner lash line, <em>H&amp;M.<\/em><\/div>\n<div style=\"clear: both; text-align: center;\"><strong><span style=\"font-size: large;\">Black mascara<\/span><\/strong> on all lashes, <em>Fiberwig.<\/em><\/div>\n<div style=\"clear: both; text-align: center;\"><span style=\"color: #a2c4c9; font-size: large;\"><strong>Glitter eyeliner<\/strong><\/span> at the bottom of the lower lash line,<em> Viva la Diva.<\/em><\/div>\n<div style=\"clear: both; text-align: center;\"><a style=\"margin-left: 1em; margin-right: 1em;\" href=\"http:\/\/1.bp.blogspot.com\/-0rLIuL-pGws\/TuCNfqrLbSI\/AAAAAAAAE5U\/BO64OlYS3-k\/s1600\/DSC_0067.JPG\"><img decoding=\"async\" src=\"http:\/\/1.bp.blogspot.com\/-0rLIuL-pGws\/TuCNfqrLbSI\/AAAAAAAAE5U\/BO64OlYS3-k\/s640\/DSC_0067.JPG\" alt=\"\" width=\"484px\" height=\"640px\" border=\"0\" \/><\/a><\/div>\n<p>By the way, Nico and I had a super nice time yesterday. First<span style=\"font-size: x-large;\"> concert<\/span> when Nico&#039;s friend&#039;s boyfriend&#039;s band played, they were awesome!<\/p>\n<p>Then we became a whole bunch after that went out and had a beer each. I call it everyday luxury;)<\/p>\n<p>Now I will be a little diligent in school, then tonight it will be <span style=\"font-size: x-large;\">cinema <\/span>in Stockholm with the brides!<\/p>\n<div style=\"text-align: center;\"><span style=\"font-size: x-large;\">Lots of everyday luxury this week!<\/span><\/div>","protected":false},"excerpt":{"rendered":"<p>Tyckte det var dags f\u00f6r \u00e4nnu en julsminkning! \u00c4r egentligen mest sugen p\u00e5 att leka med ny\u00e5rssminkningar, men de \u00e4r ju liksom\u00a0inte varje dag det \u00e4r l\u00e4mpligt att g\u00e5 runt j\u00e4tte partysminkad. H\u00e4r kommer iallafall en julsminkning som n\u00e4stan bara \u00e4r gjord med denna palett: &#8221;Pink Tease Cream Glitter Eyeshadow&#8221; K\u00f6pte den v\u00e4ldigt billigt p\u00e5 [&hellip;]<\/p>\n","protected":false},"author":30,"featured_media":0,"comment_status":"open","ping_status":"open","sticky":false,"template":"","format":"standard","meta":{"footnotes":""},"categories":[3],"tags":[],"class_list":["post-1201","post","type-post","status-publish","format-standard","hentry","category-allmant"],"yoast_head":"<!-- This site is optimized with the Yoast SEO Premium plugin v14.9 - https:\/\/yoast.com\/wordpress\/plugins\/seo\/ -->\n<meta name=\"description\" content=\"Julsminkning - Guldig &amp; R\u00f6d | Helena Amiley - H\u00e4r hittar du senaste infromation om sk\u00f6nhet, livsstil, entrepren\u00f6rskap, makeup &amp; tips.\" \/>\n<meta name=\"robots\" content=\"index, follow, max-snippet:-1, max-image-preview:large, max-video-preview:-1\" \/>\n<link rel=\"canonical\" href=\"https:\/\/www.imakeyousmile.se\/en\/julsminkning-guldig-rod\/\" \/>\n<meta property=\"og:locale\" content=\"en_US\" \/>\n<meta property=\"og:type\" content=\"article\" \/>\n<meta property=\"og:title\" content=\"Julsminkning - Guldig &amp; R\u00f6d | Imakeyousmile.se\" \/>\n<meta property=\"og:description\" content=\"Julsminkning - Guldig &amp; R\u00f6d | Helena Amiley - H\u00e4r hittar du senaste infromation om sk\u00f6nhet, livsstil, entrepren\u00f6rskap, makeup &amp; tips.\" \/>\n<meta property=\"og:url\" content=\"https:\/\/www.imakeyousmile.se\/en\/julsminkning-guldig-rod\/\" \/>\n<meta property=\"og:site_name\" content=\"Imakeyousmile.se\" \/>\n<meta property=\"article:author\" content=\"https:\/\/www.facebook.com\/imakeyousmile.se\" \/>\n<meta property=\"article:published_time\" content=\"2011-12-08T10:34:00+00:00\" \/>\n<meta property=\"article:modified_time\" content=\"2014-08-16T09:55:34+00:00\" \/>\n<meta property=\"og:image\" content=\"http:\/\/3.bp.blogspot.com\/-4wtapFgdu-k\/TuCNaJSFP0I\/AAAAAAAAE5E\/oWYb8DsOQro\/s400\/DSC_0052.JPG\" \/>\n<meta name=\"twitter:card\" content=\"summary_large_image\" \/>\n<script type=\"application\/ld+json\" class=\"yoast-schema-graph\">{\"@context\":\"https:\/\/schema.org\",\"@graph\":[{\"@type\":\"Organization\",\"@id\":\"https:\/\/www.imakeyousmile.se\/en\/#organization\",\"name\":\"Imakeyousmile\",\"url\":\"https:\/\/www.imakeyousmile.se\/en\/\",\"sameAs\":[],\"logo\":{\"@type\":\"ImageObject\",\"@id\":\"https:\/\/www.imakeyousmile.se\/en\/#logo\",\"inLanguage\":\"en-US\",\"url\":\"https:\/\/www.imakeyousmile.se\/wp-content\/uploads\/2020\/10\/HELENA-AMILEY_SVART-1-e1603367975324.png\",\"width\":280,\"height\":93,\"caption\":\"Imakeyousmile\"},\"image\":{\"@id\":\"https:\/\/www.imakeyousmile.se\/en\/#logo\"}},{\"@type\":\"WebSite\",\"@id\":\"https:\/\/www.imakeyousmile.se\/en\/#website\",\"url\":\"https:\/\/www.imakeyousmile.se\/en\/\",\"name\":\"Imakeyousmile.se\",\"description\":\"Helena Amiley - Beauty, Entrepreneur, Lifestyle\",\"publisher\":{\"@id\":\"https:\/\/www.imakeyousmile.se\/en\/#organization\"},\"potentialAction\":[{\"@type\":\"SearchAction\",\"target\":\"https:\/\/www.imakeyousmile.se\/en\/?s={search_term_string}\",\"query-input\":\"required name=search_term_string\"}],\"inLanguage\":\"en-US\"},{\"@type\":\"ImageObject\",\"@id\":\"https:\/\/www.imakeyousmile.se\/julsminkning-guldig-rod\/#primaryimage\",\"inLanguage\":\"en-US\",\"url\":\"http:\/\/3.bp.blogspot.com\/-4wtapFgdu-k\/TuCNaJSFP0I\/AAAAAAAAE5E\/oWYb8DsOQro\/s400\/DSC_0052.JPG\"},{\"@type\":\"WebPage\",\"@id\":\"https:\/\/www.imakeyousmile.se\/julsminkning-guldig-rod\/#webpage\",\"url\":\"https:\/\/www.imakeyousmile.se\/julsminkning-guldig-rod\/\",\"name\":\"Julsminkning - Guldig & R\\u00f6d | Imakeyousmile.se\",\"isPartOf\":{\"@id\":\"https:\/\/www.imakeyousmile.se\/en\/#website\"},\"primaryImageOfPage\":{\"@id\":\"https:\/\/www.imakeyousmile.se\/julsminkning-guldig-rod\/#primaryimage\"},\"datePublished\":\"2011-12-08T10:34:00+00:00\",\"dateModified\":\"2014-08-16T09:55:34+00:00\",\"description\":\"Julsminkning - Guldig & R\\u00f6d | Helena Amiley - H\\u00e4r hittar du senaste infromation om sk\\u00f6nhet, livsstil, entrepren\\u00f6rskap, makeup & tips.\",\"inLanguage\":\"en-US\",\"potentialAction\":[{\"@type\":\"ReadAction\",\"target\":[\"https:\/\/www.imakeyousmile.se\/julsminkning-guldig-rod\/\"]}]},{\"@type\":\"Article\",\"@id\":\"https:\/\/www.imakeyousmile.se\/julsminkning-guldig-rod\/#article\",\"isPartOf\":{\"@id\":\"https:\/\/www.imakeyousmile.se\/julsminkning-guldig-rod\/#webpage\"},\"author\":{\"@id\":\"https:\/\/www.imakeyousmile.se\/en\/#\/schema\/person\/b0fd43b1c6bb1c60cfd68bff9b4a10fb\"},\"headline\":\"Julsminkning &#8211; Guldig &#038; R\\u00f6d\",\"datePublished\":\"2011-12-08T10:34:00+00:00\",\"dateModified\":\"2014-08-16T09:55:34+00:00\",\"mainEntityOfPage\":{\"@id\":\"https:\/\/www.imakeyousmile.se\/julsminkning-guldig-rod\/#webpage\"},\"commentCount\":0,\"publisher\":{\"@id\":\"https:\/\/www.imakeyousmile.se\/en\/#organization\"},\"image\":{\"@id\":\"https:\/\/www.imakeyousmile.se\/julsminkning-guldig-rod\/#primaryimage\"},\"articleSection\":\"\\u00d6vrigt\",\"inLanguage\":\"en-US\",\"potentialAction\":[{\"@type\":\"CommentAction\",\"name\":\"Comment\",\"target\":[\"https:\/\/www.imakeyousmile.se\/julsminkning-guldig-rod\/#respond\"]}]},{\"@type\":\"Person\",\"@id\":\"https:\/\/www.imakeyousmile.se\/en\/#\/schema\/person\/b0fd43b1c6bb1c60cfd68bff9b4a10fb\",\"name\":\"Helena Amiley\",\"image\":{\"@type\":\"ImageObject\",\"@id\":\"https:\/\/www.imakeyousmile.se\/en\/#personlogo\",\"inLanguage\":\"en-US\",\"url\":\"https:\/\/secure.gravatar.com\/avatar\/5645558e1e355457a23368d7e1b4c904?s=96&d=mm&r=g\",\"caption\":\"Helena Amiley\"},\"description\":\"Jag skriver mest om sk\\u00f6nhet men bjuder \\u00e4ven p\\u00e5 glimtar fr\\u00e5n entrepren\\u00f6rlivet och bygget av v\\u00e5r egen camper van. Vanlife here we come!\",\"sameAs\":[\"https:\/\/www.facebook.com\/imakeyousmile.se\",\"https:\/\/www.instagram.com\/helenaamiley\",\"https:\/\/www.youtube.com\/channel\/UCR5iB6rvpV6Yr8ZjpQfr5mg?view_as=subscriber\"]}]}<\/script>\n<!-- \/ Yoast SEO Premium plugin. -->","_links":{"self":[{"href":"https:\/\/www.imakeyousmile.se\/en\/wp-json\/wp\/v2\/posts\/1201"}],"collection":[{"href":"https:\/\/www.imakeyousmile.se\/en\/wp-json\/wp\/v2\/posts"}],"about":[{"href":"https:\/\/www.imakeyousmile.se\/en\/wp-json\/wp\/v2\/types\/post"}],"author":[{"embeddable":true,"href":"https:\/\/www.imakeyousmile.se\/en\/wp-json\/wp\/v2\/users\/30"}],"replies":[{"embeddable":true,"href":"https:\/\/www.imakeyousmile.se\/en\/wp-json\/wp\/v2\/comments?post=1201"}],"version-history":[{"count":0,"href":"https:\/\/www.imakeyousmile.se\/en\/wp-json\/wp\/v2\/posts\/1201\/revisions"}],"wp:attachment":[{"href":"https:\/\/www.imakeyousmile.se\/en\/wp-json\/wp\/v2\/media?parent=1201"}],"wp:term":[{"taxonomy":"category","embeddable":true,"href":"https:\/\/www.imakeyousmile.se\/en\/wp-json\/wp\/v2\/categories?post=1201"},{"taxonomy":"post_tag","embeddable":true,"href":"https:\/\/www.imakeyousmile.se\/en\/wp-json\/wp\/v2\/tags?post=1201"}],"curies":[{"name":"wp","href":"https:\/\/api.w.org\/{rel}","templated":true}]}}