{"id":12348,"date":"2014-03-31T08:14:51","date_gmt":"2014-03-31T06:14:51","guid":{"rendered":"http:\/\/www.imakeyousmile.se\/?p=12348"},"modified":"2014-03-31T08:14:51","modified_gmt":"2014-03-31T06:14:51","slug":"emite-make-up-aloe-powder-blush","status":"publish","type":"post","link":"https:\/\/www.imakeyousmile.se\/en\/emite-make-up-aloe-powder-blush\/","title":{"rendered":"Emite Make Up - Aloe Powder Blush"},"content":{"rendered":"<p>About a week ago I wrote a comment on<a href=\"http:\/\/blogg.veckorevyn.com\/hiilen\/\" target=\"_blank\"> Hiilen&#039;s blog<\/a>, as I think she has become so good and spends so much time on her posts. This made her so happy, that she actually sent me a little product kit! :)<\/p>\n<p>There was, among other things, Emite Make Up Aloe Powder Blush which was a &quot;Limited Edition&quot; product in their summer campaign 2012, but it still looks to be for sale <a href=\"http:\/\/www.emitemakeup.com\/index.php?option=com_hikashop&amp;ctrl=category&amp;task=listing&amp;cid=73&amp;name=campaign&amp;Itemid=164\" target=\"_blank\">here<\/a>! It is in any case possible to put it in the shopping cart.<\/p>\n<p>You can excuse sloppy pictures, but I&#039;m in a hurry to go and fix my nails <a href=\"http:\/\/www.nailsuppsala.se\/\" target=\"_blank\">Nails Uppsala<\/a> today so I&#039;m a little stressed :)<\/p>\n<p>Anyway, I like this 3-color powder! The two darkest shades are applied under the cheekbones and the light one is used as a highlighter on top. I also use the center color as shading for the rest of the face.<\/p>\n<p>Aloe Powder Blush contains extracts from &quot;summer snowdrop&quot; (which gives an anti-aging effect, stretches the skin and evens out fine lines) as well as Aloe vera and emollient jojoba oil. Perfect summer product in other words!<\/p>\n<p><a href=\"http:\/\/www.imakeyousmile.se\/wp-content\/uploads\/2014\/03\/aloe-powder-blush-limi.gif\"><img loading=\"lazy\" decoding=\"async\" class=\"alignnone size-full wp-image-12349\" alt=\"aloe-powder-blush --- limi\" src=\"http:\/\/www.imakeyousmile.se\/wp-content\/uploads\/2014\/03\/aloe-powder-blush-limi.gif\" width=\"500\" height=\"500\" \/><\/a><\/p>\n<p>&nbsp;<\/p>\n<p>I think the colors are very nice, they are very rich in pigments so you have to be careful and shake off the brush before applying on the face when you need so little! The darkest tone is a bit too dark for me right now, but will be super nice when you get some color.<\/p>\n<p>The package is large enough that you can easily take only one color, or several on the brush!<\/p>\n<p><a href=\"http:\/\/www.imakeyousmile.se\/wp-content\/uploads\/2014\/03\/IMG_6227_111.jpg\"><img loading=\"lazy\" decoding=\"async\" class=\"alignnone  wp-image-12350\" alt=\"IMG_6227_111\" src=\"http:\/\/www.imakeyousmile.se\/wp-content\/uploads\/2014\/03\/IMG_6227_111-1024x695.jpg\" width=\"614\" height=\"417\" srcset=\"https:\/\/www.imakeyousmile.se\/wp-content\/uploads\/2014\/03\/IMG_6227_111-1024x695.jpg 1024w, https:\/\/www.imakeyousmile.se\/wp-content\/uploads\/2014\/03\/IMG_6227_111-300x203.jpg 300w, https:\/\/www.imakeyousmile.se\/wp-content\/uploads\/2014\/03\/IMG_6227_111.jpg 1507w\" sizes=\"(max-width: 614px) 100vw, 614px\" \/><\/a><\/p>\n<p>&nbsp;<\/p>\n<p>Thumbs up I say, will definitely continue to use this product! However, a little juicy price, SEK 310.<\/p>\n<p><strong>Hugs are!<\/strong><\/p>","protected":false},"excerpt":{"rendered":"<p>F\u00f6r n\u00e5gon vecka sedan skrev jag en kommentar p\u00e5 Hiilens blogg, d\u00e5 jag tycker att hon har blivit s\u00e5 duktig och l\u00e4gger ner s\u00e5 mycket tid p\u00e5 sina inl\u00e4gg. Detta gjorde henne s\u00e5 glad, att hon faktiskt skickade ett litet produkt-kit till mig! :) D\u00e4r i l\u00e5g bland annat Emite Make Up Aloe Powder Blush [&hellip;]<\/p>\n","protected":false},"author":30,"featured_media":0,"comment_status":"open","ping_status":"closed","sticky":false,"template":"","format":"standard","meta":{"footnotes":""},"categories":[24,59],"tags":[2000,2001,1069],"class_list":["post-12348","post","type-post","status-publish","format-standard","hentry","category-grundsmink","category-recensioner-produkttips","tag-emite-make-up-aloe-powder-blush","tag-emite-make-up-aloe-powder-blush-limi","tag-solpuder"],"yoast_head":"<!-- This site is optimized with the Yoast SEO Premium plugin v14.9 - https:\/\/yoast.com\/wordpress\/plugins\/seo\/ -->\n<meta name=\"description\" content=\"Emite Make Up - Aloe Powder Blush | Helena Amiley - H\u00e4r hittar du senaste infromation om sk\u00f6nhet, livsstil, entrepren\u00f6rskap, makeup &amp; tips.\" \/>\n<meta name=\"robots\" content=\"index, follow, max-snippet:-1, max-image-preview:large, max-video-preview:-1\" \/>\n<link rel=\"canonical\" href=\"https:\/\/www.imakeyousmile.se\/en\/emite-make-up-aloe-powder-blush\/\" \/>\n<meta property=\"og:locale\" content=\"en_US\" \/>\n<meta property=\"og:type\" content=\"article\" \/>\n<meta property=\"og:title\" content=\"Emite Make Up - Aloe Powder Blush | Imakeyousmile.se\" \/>\n<meta property=\"og:description\" content=\"Emite Make Up - Aloe Powder Blush | Helena Amiley - H\u00e4r hittar du senaste infromation om sk\u00f6nhet, livsstil, entrepren\u00f6rskap, makeup &amp; tips.\" \/>\n<meta property=\"og:url\" content=\"https:\/\/www.imakeyousmile.se\/en\/emite-make-up-aloe-powder-blush\/\" \/>\n<meta property=\"og:site_name\" content=\"Imakeyousmile.se\" \/>\n<meta property=\"article:author\" content=\"https:\/\/www.facebook.com\/imakeyousmile.se\" \/>\n<meta property=\"article:published_time\" content=\"2014-03-31T06:14:51+00:00\" \/>\n<meta property=\"og:image\" content=\"http:\/\/www.imakeyousmile.se\/wp-content\/uploads\/2014\/03\/aloe-powder-blush-limi.gif\" \/>\n<meta name=\"twitter:card\" content=\"summary_large_image\" \/>\n<script type=\"application\/ld+json\" class=\"yoast-schema-graph\">{\"@context\":\"https:\/\/schema.org\",\"@graph\":[{\"@type\":\"Organization\",\"@id\":\"https:\/\/www.imakeyousmile.se\/en\/#organization\",\"name\":\"Imakeyousmile\",\"url\":\"https:\/\/www.imakeyousmile.se\/en\/\",\"sameAs\":[],\"logo\":{\"@type\":\"ImageObject\",\"@id\":\"https:\/\/www.imakeyousmile.se\/en\/#logo\",\"inLanguage\":\"en-US\",\"url\":\"https:\/\/www.imakeyousmile.se\/wp-content\/uploads\/2020\/10\/HELENA-AMILEY_SVART-1-e1603367975324.png\",\"width\":280,\"height\":93,\"caption\":\"Imakeyousmile\"},\"image\":{\"@id\":\"https:\/\/www.imakeyousmile.se\/en\/#logo\"}},{\"@type\":\"WebSite\",\"@id\":\"https:\/\/www.imakeyousmile.se\/en\/#website\",\"url\":\"https:\/\/www.imakeyousmile.se\/en\/\",\"name\":\"Imakeyousmile.se\",\"description\":\"Helena Amiley - Beauty, Entrepreneur, Lifestyle\",\"publisher\":{\"@id\":\"https:\/\/www.imakeyousmile.se\/en\/#organization\"},\"potentialAction\":[{\"@type\":\"SearchAction\",\"target\":\"https:\/\/www.imakeyousmile.se\/en\/?s={search_term_string}\",\"query-input\":\"required name=search_term_string\"}],\"inLanguage\":\"en-US\"},{\"@type\":\"ImageObject\",\"@id\":\"https:\/\/www.imakeyousmile.se\/emite-make-up-aloe-powder-blush\/#primaryimage\",\"inLanguage\":\"en-US\",\"url\":\"http:\/\/www.imakeyousmile.se\/wp-content\/uploads\/2014\/03\/aloe-powder-blush-limi.gif\"},{\"@type\":\"WebPage\",\"@id\":\"https:\/\/www.imakeyousmile.se\/emite-make-up-aloe-powder-blush\/#webpage\",\"url\":\"https:\/\/www.imakeyousmile.se\/emite-make-up-aloe-powder-blush\/\",\"name\":\"Emite Make Up - Aloe Powder Blush | Imakeyousmile.se\",\"isPartOf\":{\"@id\":\"https:\/\/www.imakeyousmile.se\/en\/#website\"},\"primaryImageOfPage\":{\"@id\":\"https:\/\/www.imakeyousmile.se\/emite-make-up-aloe-powder-blush\/#primaryimage\"},\"datePublished\":\"2014-03-31T06:14:51+00:00\",\"dateModified\":\"2014-03-31T06:14:51+00:00\",\"description\":\"Emite Make Up - Aloe Powder Blush | Helena Amiley - H\\u00e4r hittar du senaste infromation om sk\\u00f6nhet, livsstil, entrepren\\u00f6rskap, makeup & tips.\",\"inLanguage\":\"en-US\",\"potentialAction\":[{\"@type\":\"ReadAction\",\"target\":[\"https:\/\/www.imakeyousmile.se\/emite-make-up-aloe-powder-blush\/\"]}]},{\"@type\":\"Article\",\"@id\":\"https:\/\/www.imakeyousmile.se\/emite-make-up-aloe-powder-blush\/#article\",\"isPartOf\":{\"@id\":\"https:\/\/www.imakeyousmile.se\/emite-make-up-aloe-powder-blush\/#webpage\"},\"author\":{\"@id\":\"https:\/\/www.imakeyousmile.se\/en\/#\/schema\/person\/b0fd43b1c6bb1c60cfd68bff9b4a10fb\"},\"headline\":\"Emite Make Up &#8211; Aloe Powder Blush\",\"datePublished\":\"2014-03-31T06:14:51+00:00\",\"dateModified\":\"2014-03-31T06:14:51+00:00\",\"mainEntityOfPage\":{\"@id\":\"https:\/\/www.imakeyousmile.se\/emite-make-up-aloe-powder-blush\/#webpage\"},\"commentCount\":0,\"publisher\":{\"@id\":\"https:\/\/www.imakeyousmile.se\/en\/#organization\"},\"image\":{\"@id\":\"https:\/\/www.imakeyousmile.se\/emite-make-up-aloe-powder-blush\/#primaryimage\"},\"keywords\":\"Emite Make Up - Aloe Powder Blush,Emite Make Up Aloe Powder Blush LIMI,solpuder\",\"articleSection\":\"Bassmink,Recensioner &amp; Produkttips\",\"inLanguage\":\"en-US\",\"potentialAction\":[{\"@type\":\"CommentAction\",\"name\":\"Comment\",\"target\":[\"https:\/\/www.imakeyousmile.se\/emite-make-up-aloe-powder-blush\/#respond\"]}]},{\"@type\":\"Person\",\"@id\":\"https:\/\/www.imakeyousmile.se\/en\/#\/schema\/person\/b0fd43b1c6bb1c60cfd68bff9b4a10fb\",\"name\":\"Helena Amiley\",\"image\":{\"@type\":\"ImageObject\",\"@id\":\"https:\/\/www.imakeyousmile.se\/en\/#personlogo\",\"inLanguage\":\"en-US\",\"url\":\"https:\/\/secure.gravatar.com\/avatar\/5645558e1e355457a23368d7e1b4c904?s=96&d=mm&r=g\",\"caption\":\"Helena Amiley\"},\"description\":\"Jag skriver mest om sk\\u00f6nhet men bjuder \\u00e4ven p\\u00e5 glimtar fr\\u00e5n entrepren\\u00f6rlivet och bygget av v\\u00e5r egen camper van. Vanlife here we come!\",\"sameAs\":[\"https:\/\/www.facebook.com\/imakeyousmile.se\",\"https:\/\/www.instagram.com\/helenaamiley\",\"https:\/\/www.youtube.com\/channel\/UCR5iB6rvpV6Yr8ZjpQfr5mg?view_as=subscriber\"]}]}<\/script>\n<!-- \/ Yoast SEO Premium plugin. -->","_links":{"self":[{"href":"https:\/\/www.imakeyousmile.se\/en\/wp-json\/wp\/v2\/posts\/12348"}],"collection":[{"href":"https:\/\/www.imakeyousmile.se\/en\/wp-json\/wp\/v2\/posts"}],"about":[{"href":"https:\/\/www.imakeyousmile.se\/en\/wp-json\/wp\/v2\/types\/post"}],"author":[{"embeddable":true,"href":"https:\/\/www.imakeyousmile.se\/en\/wp-json\/wp\/v2\/users\/30"}],"replies":[{"embeddable":true,"href":"https:\/\/www.imakeyousmile.se\/en\/wp-json\/wp\/v2\/comments?post=12348"}],"version-history":[{"count":0,"href":"https:\/\/www.imakeyousmile.se\/en\/wp-json\/wp\/v2\/posts\/12348\/revisions"}],"wp:attachment":[{"href":"https:\/\/www.imakeyousmile.se\/en\/wp-json\/wp\/v2\/media?parent=12348"}],"wp:term":[{"taxonomy":"category","embeddable":true,"href":"https:\/\/www.imakeyousmile.se\/en\/wp-json\/wp\/v2\/categories?post=12348"},{"taxonomy":"post_tag","embeddable":true,"href":"https:\/\/www.imakeyousmile.se\/en\/wp-json\/wp\/v2\/tags?post=12348"}],"curies":[{"name":"wp","href":"https:\/\/api.w.org\/{rel}","templated":true}]}}