{"id":1240,"date":"2011-11-17T22:08:00","date_gmt":"2011-11-17T21:08:00","guid":{"rendered":"http:\/\/www.imakeyousmile.se\/fiberwig-mascara\/"},"modified":"2011-11-17T22:08:00","modified_gmt":"2011-11-17T21:08:00","slug":"fiberwig-mascara","status":"publish","type":"post","link":"https:\/\/www.imakeyousmile.se\/en\/fiberwig-mascara\/","title":{"rendered":"Fiberwig mascara"},"content":{"rendered":"<div style=\"clear: both; text-align: left;\">Gotta tell you about my new mascara, <em>Fiberwig, <\/em>which is a waterproof mascara that contains<span style=\"font-size: x-large;\"> fibers<\/span> to make the lashes longer!<\/div>\n<p><\/p>\n<div style=\"clear: both; text-align: center;\"><a href=\"http:\/\/1.bp.blogspot.com\/-HfDbFC3LZSk\/TsVwOGw31qI\/AAAAAAAAErs\/1kDqVAnCNjM\/s1600\/fiberwig.bmp\" style=\"margin-left: 1em; margin-right: 1em;\"><img decoding=\"async\" border=\"0\" hda=\"true\" height=\"328px\" src=\"http:\/\/1.bp.blogspot.com\/-HfDbFC3LZSk\/TsVwOGw31qI\/AAAAAAAAErs\/1kDqVAnCNjM\/s400\/fiberwig.bmp\" width=\"400px\" \/><\/a><\/div>\n<div style=\"clear: both; text-align: center;\">Available for purchase at<span style=\"font-size: large;\"> <\/span><a href=\"http:\/\/creativemakeup.se\/\"><strong><span style=\"color: red;\">Creativemakeup.se<\/span><\/strong><\/a>\u00a0<em><---<\/em> (Link)<\/div>\n<div style=\"text-align: center;\"><em>(Do not forget that you get 10% discount with my discount code!)<\/em><\/div>\n<div style=\"border-bottom: medium none; border-left: medium none; border-right: medium none; border-top: medium none; clear: both; text-align: left;\">And to not only say my own opinions, I also let Nicolin and Kristin <span style=\"font-size: x-large;\">test<\/span> it too!<\/p>\n<p><\/div>\n<div style=\"border-bottom: medium none; border-left: medium none; border-right: medium none; border-top: medium none; clear: both; text-align: left;\"><strong>Nicolin&#039;s opinion<\/strong> &#8211; <em>Above all, the mascara made the lashes much longer! Quick and easy to apply, you did not have to work so much, and the brush felt soft in a good way. Could imagine having it as a special <span style=\"font-size: x-large;\">fest-mascara<\/span>!<br \/><\/em><\/div>\n<div style=\"clear: both; text-align: left;\"><\/div>\n<div style=\"border-bottom: medium none; border-left: medium none; border-right: medium none; border-top: medium none; clear: both; text-align: left;\"><strong>Kristin&#039;s opinion<\/strong> &#8211; <em>I liked it the most <span style=\"font-size: x-large;\">stayed in place<\/span> all day. Otherwise, my mascara falls easily under the eye after a while, which makes you look tired and dark under the eyes in the evening. And the lashes became very long!<\/em><\/div>\n<div style=\"border-bottom: medium none; border-left: medium none; border-right: medium none; border-top: medium none; clear: both; text-align: left;\"><strong><\/p>\n<p>My opinion<\/strong> &#8211; <em>You really feel that it is sitting. I had debris in my eye for a whole day that I really could not get out. My eyes just ran and ran, and I rubbed a lot. But the mascara sat just as well anyway!<\/p>\n<p>A big plus also because it was so <span style=\"font-size: x-large;\">easy to wash off<\/span>, never use waterproof mascara otherwise due to the job to get rid of it. But it disappeared immediately, completely without makeup removal (!) It is even easier to get rid of than my non-waterproof mascara.<\/p>\n<p>It is also good if you happen to smudge on the skin. Then you just wait a little while, then just &quot;crumble&quot; it. This way you do not have to ruin the make-up!\u00a0<\/em><\/div>\n<div style=\"border-bottom: medium none; border-left: medium none; border-right: medium none; border-top: medium none; clear: both; text-align: center;\"><a href=\"http:\/\/4.bp.blogspot.com\/-D6_ybeN5Y5s\/TsVwTQaB2FI\/AAAAAAAAEr0\/Yx-biWfYrdA\/s1600\/fiberwig.bmp\" style=\"margin-left: 1em; margin-right: 1em;\"><img decoding=\"async\" border=\"0\" hda=\"true\" height=\"193px\" src=\"http:\/\/4.bp.blogspot.com\/-D6_ybeN5Y5s\/TsVwTQaB2FI\/AAAAAAAAEr0\/Yx-biWfYrdA\/s400\/fiberwig.bmp\" width=\"400px\" \/><\/a><\/div>\n<div style=\"border-bottom: medium none; border-left: medium none; border-right: medium none; border-top: medium none; clear: both; text-align: center;\"><\/div>\n<div style=\"text-align: center;\"><span style=\"font-size: x-large;\">Before and after Fiberwig<\/span><\/div>\n<div style=\"border-bottom: medium none; border-left: medium none; border-right: medium none; border-top: medium none; clear: both; text-align: center;\"><em>(Without bending the lashes)<\/em><\/div>","protected":false},"excerpt":{"rendered":"<p>I have to tell you about my new mascara, Fiberwig, which is a waterproof mascara that contains fibers to make the lashes longer! Available for purchase at Creativemakeup.se\u00a0<\/p>","protected":false},"author":30,"featured_media":0,"comment_status":"open","ping_status":"open","sticky":false,"template":"","format":"standard","meta":{"footnotes":""},"categories":[61,59],"tags":[],"class_list":["post-1240","post","type-post","status-publish","format-standard","hentry","category-ogonfransar","category-recensioner-produkttips"],"yoast_head":"<!-- This site is optimized with the Yoast SEO Premium plugin v14.9 - https:\/\/yoast.com\/wordpress\/plugins\/seo\/ -->\n<meta name=\"description\" content=\"Fiberwig mascara | Helena Amiley - H\u00e4r hittar du senaste infromation om sk\u00f6nhet, livsstil, entrepren\u00f6rskap, makeup &amp; tips.\" \/>\n<meta name=\"robots\" content=\"index, follow, max-snippet:-1, max-image-preview:large, max-video-preview:-1\" \/>\n<link rel=\"canonical\" href=\"https:\/\/www.imakeyousmile.se\/en\/fiberwig-mascara\/\" \/>\n<meta property=\"og:locale\" content=\"en_US\" \/>\n<meta property=\"og:type\" content=\"article\" \/>\n<meta property=\"og:title\" content=\"Fiberwig mascara | Imakeyousmile.se\" \/>\n<meta property=\"og:description\" content=\"Fiberwig mascara | Helena Amiley - H\u00e4r hittar du senaste infromation om sk\u00f6nhet, livsstil, entrepren\u00f6rskap, makeup &amp; tips.\" \/>\n<meta property=\"og:url\" content=\"https:\/\/www.imakeyousmile.se\/en\/fiberwig-mascara\/\" \/>\n<meta property=\"og:site_name\" content=\"Imakeyousmile.se\" \/>\n<meta property=\"article:author\" content=\"https:\/\/www.facebook.com\/imakeyousmile.se\" \/>\n<meta property=\"article:published_time\" content=\"2011-11-17T21:08:00+00:00\" \/>\n<meta property=\"og:image\" content=\"http:\/\/1.bp.blogspot.com\/-HfDbFC3LZSk\/TsVwOGw31qI\/AAAAAAAAErs\/1kDqVAnCNjM\/s400\/fiberwig.bmp\" \/>\n<meta name=\"twitter:card\" content=\"summary_large_image\" \/>\n<script type=\"application\/ld+json\" class=\"yoast-schema-graph\">{\"@context\":\"https:\/\/schema.org\",\"@graph\":[{\"@type\":\"Organization\",\"@id\":\"https:\/\/www.imakeyousmile.se\/en\/#organization\",\"name\":\"Imakeyousmile\",\"url\":\"https:\/\/www.imakeyousmile.se\/en\/\",\"sameAs\":[],\"logo\":{\"@type\":\"ImageObject\",\"@id\":\"https:\/\/www.imakeyousmile.se\/en\/#logo\",\"inLanguage\":\"en-US\",\"url\":\"https:\/\/www.imakeyousmile.se\/wp-content\/uploads\/2020\/10\/HELENA-AMILEY_SVART-1-e1603367975324.png\",\"width\":280,\"height\":93,\"caption\":\"Imakeyousmile\"},\"image\":{\"@id\":\"https:\/\/www.imakeyousmile.se\/en\/#logo\"}},{\"@type\":\"WebSite\",\"@id\":\"https:\/\/www.imakeyousmile.se\/en\/#website\",\"url\":\"https:\/\/www.imakeyousmile.se\/en\/\",\"name\":\"Imakeyousmile.se\",\"description\":\"Helena Amiley - Beauty, Entrepreneur, Lifestyle\",\"publisher\":{\"@id\":\"https:\/\/www.imakeyousmile.se\/en\/#organization\"},\"potentialAction\":[{\"@type\":\"SearchAction\",\"target\":\"https:\/\/www.imakeyousmile.se\/en\/?s={search_term_string}\",\"query-input\":\"required name=search_term_string\"}],\"inLanguage\":\"en-US\"},{\"@type\":\"ImageObject\",\"@id\":\"https:\/\/www.imakeyousmile.se\/fiberwig-mascara\/#primaryimage\",\"inLanguage\":\"en-US\",\"url\":\"http:\/\/1.bp.blogspot.com\/-HfDbFC3LZSk\/TsVwOGw31qI\/AAAAAAAAErs\/1kDqVAnCNjM\/s400\/fiberwig.bmp\"},{\"@type\":\"WebPage\",\"@id\":\"https:\/\/www.imakeyousmile.se\/fiberwig-mascara\/#webpage\",\"url\":\"https:\/\/www.imakeyousmile.se\/fiberwig-mascara\/\",\"name\":\"Fiberwig mascara | Imakeyousmile.se\",\"isPartOf\":{\"@id\":\"https:\/\/www.imakeyousmile.se\/en\/#website\"},\"primaryImageOfPage\":{\"@id\":\"https:\/\/www.imakeyousmile.se\/fiberwig-mascara\/#primaryimage\"},\"datePublished\":\"2011-11-17T21:08:00+00:00\",\"dateModified\":\"2011-11-17T21:08:00+00:00\",\"description\":\"Fiberwig mascara | Helena Amiley - H\\u00e4r hittar du senaste infromation om sk\\u00f6nhet, livsstil, entrepren\\u00f6rskap, makeup & tips.\",\"inLanguage\":\"en-US\",\"potentialAction\":[{\"@type\":\"ReadAction\",\"target\":[\"https:\/\/www.imakeyousmile.se\/fiberwig-mascara\/\"]}]},{\"@type\":\"Article\",\"@id\":\"https:\/\/www.imakeyousmile.se\/fiberwig-mascara\/#article\",\"isPartOf\":{\"@id\":\"https:\/\/www.imakeyousmile.se\/fiberwig-mascara\/#webpage\"},\"author\":{\"@id\":\"https:\/\/www.imakeyousmile.se\/en\/#\/schema\/person\/b0fd43b1c6bb1c60cfd68bff9b4a10fb\"},\"headline\":\"Fiberwig mascara\",\"datePublished\":\"2011-11-17T21:08:00+00:00\",\"dateModified\":\"2011-11-17T21:08:00+00:00\",\"mainEntityOfPage\":{\"@id\":\"https:\/\/www.imakeyousmile.se\/fiberwig-mascara\/#webpage\"},\"commentCount\":0,\"publisher\":{\"@id\":\"https:\/\/www.imakeyousmile.se\/en\/#organization\"},\"image\":{\"@id\":\"https:\/\/www.imakeyousmile.se\/fiberwig-mascara\/#primaryimage\"},\"articleSection\":\"\\u00d6gonfransar,Recensioner &amp; Produkttips\",\"inLanguage\":\"en-US\",\"potentialAction\":[{\"@type\":\"CommentAction\",\"name\":\"Comment\",\"target\":[\"https:\/\/www.imakeyousmile.se\/fiberwig-mascara\/#respond\"]}]},{\"@type\":\"Person\",\"@id\":\"https:\/\/www.imakeyousmile.se\/en\/#\/schema\/person\/b0fd43b1c6bb1c60cfd68bff9b4a10fb\",\"name\":\"Helena Amiley\",\"image\":{\"@type\":\"ImageObject\",\"@id\":\"https:\/\/www.imakeyousmile.se\/en\/#personlogo\",\"inLanguage\":\"en-US\",\"url\":\"https:\/\/secure.gravatar.com\/avatar\/5645558e1e355457a23368d7e1b4c904?s=96&d=mm&r=g\",\"caption\":\"Helena Amiley\"},\"description\":\"Jag skriver mest om sk\\u00f6nhet men bjuder \\u00e4ven p\\u00e5 glimtar fr\\u00e5n entrepren\\u00f6rlivet och bygget av v\\u00e5r egen camper van. Vanlife here we come!\",\"sameAs\":[\"https:\/\/www.facebook.com\/imakeyousmile.se\",\"https:\/\/www.instagram.com\/helenaamiley\",\"https:\/\/www.youtube.com\/channel\/UCR5iB6rvpV6Yr8ZjpQfr5mg?view_as=subscriber\"]}]}<\/script>\n<!-- \/ Yoast SEO Premium plugin. -->","_links":{"self":[{"href":"https:\/\/www.imakeyousmile.se\/en\/wp-json\/wp\/v2\/posts\/1240"}],"collection":[{"href":"https:\/\/www.imakeyousmile.se\/en\/wp-json\/wp\/v2\/posts"}],"about":[{"href":"https:\/\/www.imakeyousmile.se\/en\/wp-json\/wp\/v2\/types\/post"}],"author":[{"embeddable":true,"href":"https:\/\/www.imakeyousmile.se\/en\/wp-json\/wp\/v2\/users\/30"}],"replies":[{"embeddable":true,"href":"https:\/\/www.imakeyousmile.se\/en\/wp-json\/wp\/v2\/comments?post=1240"}],"version-history":[{"count":0,"href":"https:\/\/www.imakeyousmile.se\/en\/wp-json\/wp\/v2\/posts\/1240\/revisions"}],"wp:attachment":[{"href":"https:\/\/www.imakeyousmile.se\/en\/wp-json\/wp\/v2\/media?parent=1240"}],"wp:term":[{"taxonomy":"category","embeddable":true,"href":"https:\/\/www.imakeyousmile.se\/en\/wp-json\/wp\/v2\/categories?post=1240"},{"taxonomy":"post_tag","embeddable":true,"href":"https:\/\/www.imakeyousmile.se\/en\/wp-json\/wp\/v2\/tags?post=1240"}],"curies":[{"name":"wp","href":"https:\/\/api.w.org\/{rel}","templated":true}]}}