{"id":12893,"date":"2014-04-22T09:00:39","date_gmt":"2014-04-22T07:00:39","guid":{"rendered":"http:\/\/www.imakeyousmile.se\/?p=12893"},"modified":"2014-04-22T09:02:57","modified_gmt":"2014-04-22T07:02:57","slug":"smink-till-sommarplagget","status":"publish","type":"post","link":"https:\/\/www.imakeyousmile.se\/en\/make-up-for-summer-garment\/","title":{"rendered":"Make-up for the summer garment"},"content":{"rendered":"<p><span style=\"line-height: 1.5em;\">I thought for fun I would show how I matched<\/span><a style=\"line-height: 1.5em;\" href=\"http:\/\/www.imakeyousmile.se\/en\/nordic-islet\/\" target=\"_blank\"> yesterday&#039;s make-up <\/a><span style=\"line-height: 1.5em;\">with the clothes out in the sun yesterday :)<\/span><\/p>\n<p>In the summer it should be nice and relaxed, I think, and then a playsuit is my favorite garment! Nice but so nice!<\/p>\n<p>Such a simple look will definitely not be boring if you match it with a sweet and summery make-up. I had light green eyelids and pink lips, as well as wavy hair after sleeping in braids.<\/p>\n<p>The pink lips enliven the whole look both with and without sunglasses, and you look like a real summer girl :)<\/p>\n<p><a href=\"http:\/\/www.imakeyousmile.se\/wp-content\/uploads\/2014\/04\/IMG_0303_111.jpg\"><img loading=\"lazy\" decoding=\"async\" class=\"alignnone size-large wp-image-12894\" alt=\"IMG_0303_111\" src=\"http:\/\/www.imakeyousmile.se\/wp-content\/uploads\/2014\/04\/IMG_0303_111-660x1024.jpg\" width=\"660\" height=\"1024\" srcset=\"https:\/\/www.imakeyousmile.se\/wp-content\/uploads\/2014\/04\/IMG_0303_111-660x1024.jpg 660w, https:\/\/www.imakeyousmile.se\/wp-content\/uploads\/2014\/04\/IMG_0303_111-193x300.jpg 193w, https:\/\/www.imakeyousmile.se\/wp-content\/uploads\/2014\/04\/IMG_0303_111.jpg 1494w\" sizes=\"(max-width: 660px) 100vw, 660px\" \/><\/a><\/p>\n<p>&nbsp;<\/p>\n<p>Love my hair (extensions from <a href=\"http:\/\/www.hairtalk.se\/\" target=\"_blank\">Hair Talk<\/a>) a little extra a lot on days like this when you want to look good without spending any time fixing your hair! :)<\/p>\n<p><img loading=\"lazy\" decoding=\"async\" class=\"alignnone size-large wp-image-12895\" alt=\"IMG_0309_111\" src=\"http:\/\/www.imakeyousmile.se\/wp-content\/uploads\/2014\/04\/IMG_0309_111-705x1024.jpg\" width=\"705\" height=\"1024\" srcset=\"https:\/\/www.imakeyousmile.se\/wp-content\/uploads\/2014\/04\/IMG_0309_111-705x1024.jpg 705w, https:\/\/www.imakeyousmile.se\/wp-content\/uploads\/2014\/04\/IMG_0309_111-206x300.jpg 206w, https:\/\/www.imakeyousmile.se\/wp-content\/uploads\/2014\/04\/IMG_0309_111.jpg 1578w\" sizes=\"(max-width: 705px) 100vw, 705px\" \/><br \/>\nWe have such beautiful flowers in the yard at my mother&#039;s house :) In 2 months you might get a new outfit picture from here, but then the bush behind is full of leaves and I hopefully have a slightly browner body too hihi.<\/p>\n<p><a href=\"http:\/\/www.imakeyousmile.se\/wp-content\/uploads\/2014\/04\/IMG_0273_111.jpg\"><img loading=\"lazy\" decoding=\"async\" class=\"alignnone size-large wp-image-12887\" alt=\"IMG_0273_111\" src=\"http:\/\/www.imakeyousmile.se\/wp-content\/uploads\/2014\/04\/IMG_0273_111-815x1024.jpg\" width=\"815\" height=\"1024\" srcset=\"https:\/\/www.imakeyousmile.se\/wp-content\/uploads\/2014\/04\/IMG_0273_111-815x1024.jpg 815w, https:\/\/www.imakeyousmile.se\/wp-content\/uploads\/2014\/04\/IMG_0273_111-238x300.jpg 238w, https:\/\/www.imakeyousmile.se\/wp-content\/uploads\/2014\/04\/IMG_0273_111.jpg 2038w\" sizes=\"(max-width: 815px) 100vw, 815px\" \/><\/a><\/p>\n<p>Since my make-up is barely visible at all in the full pictures, I also offer a new face picture so you understand what I&#039;m talking about :)<\/p>\n<p><strong>Hugs are!<\/strong><\/p>","protected":false},"excerpt":{"rendered":"<p>Jag t\u00e4nkte f\u00f6r skojs skull visa hur jag matchade g\u00e5rdagens sminkning med kl\u00e4derna ute i solen ig\u00e5r :) P\u00e5 sommaren ska det vara sk\u00f6nt och avslappnat tycker jag, och d\u00e5 \u00e4r en playsuit mitt favoritplagg! Snyggt men s\u00e5 sk\u00f6nt! En s\u00e5dan enkel look blir absolut inte tr\u00e5kig om man matchar med en s\u00f6t och somrig [&hellip;]<\/p>\n","protected":false},"author":30,"featured_media":0,"comment_status":"open","ping_status":"closed","sticky":false,"template":"","format":"standard","meta":{"footnotes":""},"categories":[3],"tags":[2143],"class_list":["post-12893","post","type-post","status-publish","format-standard","hentry","category-allmant","tag-sommarlook"],"yoast_head":"<!-- This site is optimized with the Yoast SEO Premium plugin v14.9 - https:\/\/yoast.com\/wordpress\/plugins\/seo\/ -->\n<meta name=\"description\" content=\"Smink till sommarplagget | Helena Amiley - H\u00e4r hittar du senaste infromation om sk\u00f6nhet, livsstil, entrepren\u00f6rskap, makeup &amp; tips.\" \/>\n<meta name=\"robots\" content=\"index, follow, max-snippet:-1, max-image-preview:large, max-video-preview:-1\" \/>\n<link rel=\"canonical\" href=\"https:\/\/www.imakeyousmile.se\/en\/smink-till-sommarplagget\/\" \/>\n<meta property=\"og:locale\" content=\"en_US\" \/>\n<meta property=\"og:type\" content=\"article\" \/>\n<meta property=\"og:title\" content=\"Smink till sommarplagget | Imakeyousmile.se\" \/>\n<meta property=\"og:description\" content=\"Smink till sommarplagget | Helena Amiley - H\u00e4r hittar du senaste infromation om sk\u00f6nhet, livsstil, entrepren\u00f6rskap, makeup &amp; tips.\" \/>\n<meta property=\"og:url\" content=\"https:\/\/www.imakeyousmile.se\/en\/smink-till-sommarplagget\/\" \/>\n<meta property=\"og:site_name\" content=\"Imakeyousmile.se\" \/>\n<meta property=\"article:author\" content=\"https:\/\/www.facebook.com\/imakeyousmile.se\" \/>\n<meta property=\"article:published_time\" content=\"2014-04-22T07:00:39+00:00\" \/>\n<meta property=\"article:modified_time\" content=\"2014-04-22T07:02:57+00:00\" \/>\n<meta property=\"og:image\" content=\"http:\/\/www.imakeyousmile.se\/wp-content\/uploads\/2014\/04\/IMG_0303_111-660x1024.jpg\" \/>\n<meta name=\"twitter:card\" content=\"summary_large_image\" \/>\n<script type=\"application\/ld+json\" class=\"yoast-schema-graph\">{\"@context\":\"https:\/\/schema.org\",\"@graph\":[{\"@type\":\"Organization\",\"@id\":\"https:\/\/www.imakeyousmile.se\/en\/#organization\",\"name\":\"Imakeyousmile\",\"url\":\"https:\/\/www.imakeyousmile.se\/en\/\",\"sameAs\":[],\"logo\":{\"@type\":\"ImageObject\",\"@id\":\"https:\/\/www.imakeyousmile.se\/en\/#logo\",\"inLanguage\":\"en-US\",\"url\":\"https:\/\/www.imakeyousmile.se\/wp-content\/uploads\/2020\/10\/HELENA-AMILEY_SVART-1-e1603367975324.png\",\"width\":280,\"height\":93,\"caption\":\"Imakeyousmile\"},\"image\":{\"@id\":\"https:\/\/www.imakeyousmile.se\/en\/#logo\"}},{\"@type\":\"WebSite\",\"@id\":\"https:\/\/www.imakeyousmile.se\/en\/#website\",\"url\":\"https:\/\/www.imakeyousmile.se\/en\/\",\"name\":\"Imakeyousmile.se\",\"description\":\"Helena Amiley - Beauty, Entrepreneur, Lifestyle\",\"publisher\":{\"@id\":\"https:\/\/www.imakeyousmile.se\/en\/#organization\"},\"potentialAction\":[{\"@type\":\"SearchAction\",\"target\":\"https:\/\/www.imakeyousmile.se\/en\/?s={search_term_string}\",\"query-input\":\"required name=search_term_string\"}],\"inLanguage\":\"en-US\"},{\"@type\":\"ImageObject\",\"@id\":\"https:\/\/www.imakeyousmile.se\/smink-till-sommarplagget\/#primaryimage\",\"inLanguage\":\"en-US\",\"url\":\"http:\/\/www.imakeyousmile.se\/wp-content\/uploads\/2014\/04\/IMG_0303_111-660x1024.jpg\"},{\"@type\":\"WebPage\",\"@id\":\"https:\/\/www.imakeyousmile.se\/smink-till-sommarplagget\/#webpage\",\"url\":\"https:\/\/www.imakeyousmile.se\/smink-till-sommarplagget\/\",\"name\":\"Smink till sommarplagget | Imakeyousmile.se\",\"isPartOf\":{\"@id\":\"https:\/\/www.imakeyousmile.se\/en\/#website\"},\"primaryImageOfPage\":{\"@id\":\"https:\/\/www.imakeyousmile.se\/smink-till-sommarplagget\/#primaryimage\"},\"datePublished\":\"2014-04-22T07:00:39+00:00\",\"dateModified\":\"2014-04-22T07:02:57+00:00\",\"description\":\"Smink till sommarplagget | Helena Amiley - H\\u00e4r hittar du senaste infromation om sk\\u00f6nhet, livsstil, entrepren\\u00f6rskap, makeup & tips.\",\"inLanguage\":\"en-US\",\"potentialAction\":[{\"@type\":\"ReadAction\",\"target\":[\"https:\/\/www.imakeyousmile.se\/smink-till-sommarplagget\/\"]}]},{\"@type\":\"Article\",\"@id\":\"https:\/\/www.imakeyousmile.se\/smink-till-sommarplagget\/#article\",\"isPartOf\":{\"@id\":\"https:\/\/www.imakeyousmile.se\/smink-till-sommarplagget\/#webpage\"},\"author\":{\"@id\":\"https:\/\/www.imakeyousmile.se\/en\/#\/schema\/person\/b0fd43b1c6bb1c60cfd68bff9b4a10fb\"},\"headline\":\"Smink till sommarplagget\",\"datePublished\":\"2014-04-22T07:00:39+00:00\",\"dateModified\":\"2014-04-22T07:02:57+00:00\",\"mainEntityOfPage\":{\"@id\":\"https:\/\/www.imakeyousmile.se\/smink-till-sommarplagget\/#webpage\"},\"commentCount\":0,\"publisher\":{\"@id\":\"https:\/\/www.imakeyousmile.se\/en\/#organization\"},\"image\":{\"@id\":\"https:\/\/www.imakeyousmile.se\/smink-till-sommarplagget\/#primaryimage\"},\"keywords\":\"sommarlook\",\"articleSection\":\"\\u00d6vrigt\",\"inLanguage\":\"en-US\",\"potentialAction\":[{\"@type\":\"CommentAction\",\"name\":\"Comment\",\"target\":[\"https:\/\/www.imakeyousmile.se\/smink-till-sommarplagget\/#respond\"]}]},{\"@type\":\"Person\",\"@id\":\"https:\/\/www.imakeyousmile.se\/en\/#\/schema\/person\/b0fd43b1c6bb1c60cfd68bff9b4a10fb\",\"name\":\"Helena Amiley\",\"image\":{\"@type\":\"ImageObject\",\"@id\":\"https:\/\/www.imakeyousmile.se\/en\/#personlogo\",\"inLanguage\":\"en-US\",\"url\":\"https:\/\/secure.gravatar.com\/avatar\/5645558e1e355457a23368d7e1b4c904?s=96&d=mm&r=g\",\"caption\":\"Helena Amiley\"},\"description\":\"Jag skriver mest om sk\\u00f6nhet men bjuder \\u00e4ven p\\u00e5 glimtar fr\\u00e5n entrepren\\u00f6rlivet och bygget av v\\u00e5r egen camper van. Vanlife here we come!\",\"sameAs\":[\"https:\/\/www.facebook.com\/imakeyousmile.se\",\"https:\/\/www.instagram.com\/helenaamiley\",\"https:\/\/www.youtube.com\/channel\/UCR5iB6rvpV6Yr8ZjpQfr5mg?view_as=subscriber\"]}]}<\/script>\n<!-- \/ Yoast SEO Premium plugin. -->","_links":{"self":[{"href":"https:\/\/www.imakeyousmile.se\/en\/wp-json\/wp\/v2\/posts\/12893"}],"collection":[{"href":"https:\/\/www.imakeyousmile.se\/en\/wp-json\/wp\/v2\/posts"}],"about":[{"href":"https:\/\/www.imakeyousmile.se\/en\/wp-json\/wp\/v2\/types\/post"}],"author":[{"embeddable":true,"href":"https:\/\/www.imakeyousmile.se\/en\/wp-json\/wp\/v2\/users\/30"}],"replies":[{"embeddable":true,"href":"https:\/\/www.imakeyousmile.se\/en\/wp-json\/wp\/v2\/comments?post=12893"}],"version-history":[{"count":0,"href":"https:\/\/www.imakeyousmile.se\/en\/wp-json\/wp\/v2\/posts\/12893\/revisions"}],"wp:attachment":[{"href":"https:\/\/www.imakeyousmile.se\/en\/wp-json\/wp\/v2\/media?parent=12893"}],"wp:term":[{"taxonomy":"category","embeddable":true,"href":"https:\/\/www.imakeyousmile.se\/en\/wp-json\/wp\/v2\/categories?post=12893"},{"taxonomy":"post_tag","embeddable":true,"href":"https:\/\/www.imakeyousmile.se\/en\/wp-json\/wp\/v2\/tags?post=12893"}],"curies":[{"name":"wp","href":"https:\/\/api.w.org\/{rel}","templated":true}]}}