{"id":13167,"date":"2014-05-06T19:02:50","date_gmt":"2014-05-06T17:02:50","guid":{"rendered":"http:\/\/www.imakeyousmile.se\/?p=13167"},"modified":"2021-09-23T08:55:17","modified_gmt":"2021-09-23T06:55:17","slug":"varsminkning-5","status":"publish","type":"post","link":"https:\/\/www.imakeyousmile.se\/en\/warning-make-up-5\/","title":{"rendered":"Spring make-up"},"content":{"rendered":"<p>Today&#039;s make-up is a typical make-up that looks so sticky while you are doing it, that you just want to wash everything off and start over. But then when you have all the details in place, it is not so tedious anymore :)<\/p>\n<p>Hope you like!<\/p>\n<p><a href=\"http:\/\/www.imakeyousmile.se\/wp-content\/uploads\/2014\/05\/IMG_2917_111.jpg\"><img loading=\"lazy\" decoding=\"async\" src=\"http:\/\/www.imakeyousmile.se\/wp-content\/uploads\/2014\/05\/IMG_2917_111-1024x913.jpg\" alt=\"IMG_2917_111\" width=\"1024\" height=\"913\" \/><\/a><\/p>\n<p><a href=\"http:\/\/www.imakeyousmile.se\/wp-content\/uploads\/2014\/05\/IMG_2894_111.jpg\"><img loading=\"lazy\" decoding=\"async\" src=\"http:\/\/www.imakeyousmile.se\/wp-content\/uploads\/2014\/05\/IMG_2894_111-1024x623.jpg\" alt=\"IMG_2894_111\" width=\"1024\" height=\"623\" \/><\/a><\/p>\n<p><a href=\"http:\/\/www.imakeyousmile.se\/wp-content\/uploads\/2014\/05\/sminkblogg.jpg\"><img loading=\"lazy\" decoding=\"async\" src=\"http:\/\/www.imakeyousmile.se\/wp-content\/uploads\/2014\/05\/sminkblogg-1024x423.jpg\" alt=\"makeup blog\" width=\"1024\" height=\"423\" \/><\/a><\/p>\n<p>&nbsp;<\/p>\n<p>All eye shadows come from this 40 palette.<\/p>\n<p>&nbsp;<\/p>\n<p><a href=\"http:\/\/www.imakeyousmile.se\/wp-content\/uploads\/2014\/05\/steg-f\u00f6r-steg-sminkningar.jpg\"><img loading=\"lazy\" decoding=\"async\" class=\"alignnone size-full wp-image-13175\" src=\"http:\/\/www.imakeyousmile.se\/wp-content\/uploads\/2014\/05\/steg-f\u00f6r-steg-sminkningar.jpg\" alt=\"step-by-step make-up\" width=\"2760\" height=\"5388\" srcset=\"https:\/\/www.imakeyousmile.se\/wp-content\/uploads\/2014\/05\/steg-f\u00f6r-steg-sminkningar.jpg 1311w, https:\/\/www.imakeyousmile.se\/wp-content\/uploads\/2014\/05\/steg-f\u00f6r-steg-sminkningar-153x300.jpg 153w, https:\/\/www.imakeyousmile.se\/wp-content\/uploads\/2014\/05\/steg-f\u00f6r-steg-sminkningar-524x1024.jpg 524w\" sizes=\"(max-width: 2760px) 100vw, 2760px\" \/><\/a><\/p>\n<p>&nbsp;<\/p>\n<p>1. <strong><span style=\"color: #999999;\">Silver eyeshadow<\/span><\/strong> in the middle of the eyelid.<br \/>\n2. <strong><span style=\"color: #ff00ff;\">Pink eye shadow<\/span> <\/strong>on the sides of the silvery shadow.<br \/>\n3. <strong><span style=\"color: #800080;\">Purple eye shadow<\/span><\/strong> innermost and outermost on the eyelid.<br \/>\n4. Blur the edges.<br \/>\n5. <strong><span style=\"color: #3366ff;\">Blue eye shadow<\/span><\/strong> along the lower lash line.<br \/>\n6. <strong><span style=\"color: #000000;\">Black eye shadow<\/span> <\/strong>sooty on the outer lash line and eyelid, and a little on the inner eyelid.<br \/>\n7. <strong><span style=\"color: #ffcc99;\">Light eye shadow<\/span> <\/strong>In the corner of the eye.<br \/>\n<strong><span style=\"color: #c0c0c0;\">White eyeliner<\/span><\/strong> along the waterline, <a href=\"https:\/\/ion.lyko.com\/t\/t?a=1117786221&amp;as=1548102449&amp;t=2&amp;tk=1&amp;epi=search-replace-isadorainliner&amp;url=https:\/\/lyko.com\/sv\/isadora\/isadora-inliner-kajal-50-satin-white\" target=\"_blank\" rel=\"noopener\">IsaDora Inliner Kajal (50 Satin White)<br \/>\n<\/a><strong><span style=\"color: #000000;\">Black eyeliner<\/span> <\/strong>along the upper and lower lash line, Oriflame Eye Liner Stylo.<br \/>\n8. <strong><span style=\"color: #000000;\">Black mascara<\/span><\/strong> on all lashes, <a href=\"https:\/\/ion.lyko.com\/t\/t?a=1117786221&amp;as=1548102449&amp;t=2&amp;tk=1&amp;epi=search-replace-mascara&amp;url=https:\/\/lyko.com\/sv\/smink\/ogon\/mascara\" target=\"_blank\" rel=\"noopener\">Lumene Cloudberry Volume Serum Mascara<\/a><\/p>\n<p><a href=\"http:\/\/www.imakeyousmile.se\/wp-content\/uploads\/2014\/05\/IMG_2874_111.jpg\"><img loading=\"lazy\" decoding=\"async\" src=\"http:\/\/www.imakeyousmile.se\/wp-content\/uploads\/2014\/05\/IMG_2874_111-1006x1024.jpg\" alt=\"IMG_2874_111\" width=\"1006\" height=\"1024\" \/><\/a><\/p>\n<p>&nbsp;<\/p>\n<p>Lipstick, P\u00fcr Minerals&#039; new lipstick that goes on sale in September (in the shade Smooth Talker)<\/p>\n<p><a href=\"http:\/\/www.imakeyousmile.se\/wp-content\/uploads\/2014\/05\/IMG_2864_111.jpg\"><img loading=\"lazy\" decoding=\"async\" class=\"alignnone size-large wp-image-13168\" src=\"http:\/\/www.imakeyousmile.se\/wp-content\/uploads\/2014\/05\/IMG_2864_111-932x1024.jpg\" alt=\"IMG_2864_111\" width=\"932\" height=\"1024\" srcset=\"https:\/\/www.imakeyousmile.se\/wp-content\/uploads\/2014\/05\/IMG_2864_111-932x1024.jpg 932w, https:\/\/www.imakeyousmile.se\/wp-content\/uploads\/2014\/05\/IMG_2864_111-273x300.jpg 273w\" sizes=\"(max-width: 932px) 100vw, 932px\" \/><\/a><\/p>\n<p><a href=\"http:\/\/www.imakeyousmile.se\/wp-content\/uploads\/2014\/05\/IMG_2868_111.jpg\"><img loading=\"lazy\" decoding=\"async\" class=\"alignnone size-large wp-image-13169\" src=\"http:\/\/www.imakeyousmile.se\/wp-content\/uploads\/2014\/05\/IMG_2868_111-881x1024.jpg\" alt=\"IMG_2868_111\" width=\"881\" height=\"1024\" srcset=\"https:\/\/www.imakeyousmile.se\/wp-content\/uploads\/2014\/05\/IMG_2868_111-881x1024.jpg 881w, https:\/\/www.imakeyousmile.se\/wp-content\/uploads\/2014\/05\/IMG_2868_111-258x300.jpg 258w\" sizes=\"(max-width: 881px) 100vw, 881px\" \/><\/a><\/p>\n<p><a href=\"http:\/\/www.imakeyousmile.se\/wp-content\/uploads\/2014\/05\/IMG_2885_111.jpg\"><img loading=\"lazy\" decoding=\"async\" class=\"alignnone size-large wp-image-13171\" src=\"http:\/\/www.imakeyousmile.se\/wp-content\/uploads\/2014\/05\/IMG_2885_111-1024x965.jpg\" alt=\"IMG_2885_111\" width=\"1024\" height=\"965\" srcset=\"https:\/\/www.imakeyousmile.se\/wp-content\/uploads\/2014\/05\/IMG_2885_111-1024x965.jpg 1024w, https:\/\/www.imakeyousmile.se\/wp-content\/uploads\/2014\/05\/IMG_2885_111-300x282.jpg 300w\" sizes=\"(max-width: 1024px) 100vw, 1024px\" \/><\/a><\/p>\n<p>&nbsp;<\/p>\n<p><strong>Have a nice evening nice ones!<\/strong><\/p>","protected":false},"excerpt":{"rendered":"<p>Dagens sminkning \u00e4r en typisk sminkning som ser s\u00e5 kladdig ut medan man h\u00e5ller p\u00e5, att man bara vill tv\u00e4tta bort allting och b\u00f6rja om. Men sen n\u00e4r man f\u00e5tt alla detaljer p\u00e5 plats s\u00e5 \u00e4r det inte s\u00e5 pj\u00e5kigt l\u00e4ngre :) Hoppas ni gillar! &nbsp; Alla \u00f6gonskuggor kommer fr\u00e5n denna 40-palett. &nbsp; &nbsp; 1. [&hellip;]<\/p>\n","protected":false},"author":30,"featured_media":13172,"comment_status":"open","ping_status":"closed","sticky":false,"template":"","format":"standard","meta":{"footnotes":""},"categories":[2623],"tags":[715,1174,2208,409,408],"class_list":["post-13167","post","type-post","status-publish","format-standard","has-post-thumbnail","hentry","category-sminkningar","tag-40-palett","tag-fargglad-sminkning-steg-for-steg","tag-majsminkning","tag-sommarsminkning","tag-varsminkning"],"yoast_head":"<!-- This site is optimized with the Yoast SEO Premium plugin v14.9 - https:\/\/yoast.com\/wordpress\/plugins\/seo\/ -->\n<meta name=\"description\" content=\"V\u00e5rsminkning | Helena Amiley - H\u00e4r hittar du senaste infromation om sk\u00f6nhet, livsstil, entrepren\u00f6rskap, makeup &amp; tips.\" \/>\n<meta name=\"robots\" content=\"index, follow, max-snippet:-1, max-image-preview:large, max-video-preview:-1\" \/>\n<link rel=\"canonical\" href=\"https:\/\/www.imakeyousmile.se\/en\/varsminkning-5\/\" \/>\n<meta property=\"og:locale\" content=\"en_US\" \/>\n<meta property=\"og:type\" content=\"article\" \/>\n<meta property=\"og:title\" content=\"V\u00e5rsminkning | Imakeyousmile.se\" \/>\n<meta property=\"og:description\" content=\"V\u00e5rsminkning | Helena Amiley - H\u00e4r hittar du senaste infromation om sk\u00f6nhet, livsstil, entrepren\u00f6rskap, makeup &amp; tips.\" \/>\n<meta property=\"og:url\" content=\"https:\/\/www.imakeyousmile.se\/en\/varsminkning-5\/\" \/>\n<meta property=\"og:site_name\" content=\"Imakeyousmile.se\" \/>\n<meta property=\"article:author\" content=\"https:\/\/www.facebook.com\/imakeyousmile.se\" \/>\n<meta property=\"article:published_time\" content=\"2014-05-06T17:02:50+00:00\" \/>\n<meta property=\"article:modified_time\" content=\"2021-09-23T06:55:17+00:00\" \/>\n<meta property=\"og:image\" content=\"https:\/\/www.imakeyousmile.se\/wp-content\/uploads\/2014\/05\/IMG_2894_111.jpg\" \/>\n\t<meta property=\"og:image:width\" content=\"2560\" \/>\n\t<meta property=\"og:image:height\" content=\"1558\" \/>\n<meta name=\"twitter:card\" content=\"summary_large_image\" \/>\n<script type=\"application\/ld+json\" class=\"yoast-schema-graph\">{\"@context\":\"https:\/\/schema.org\",\"@graph\":[{\"@type\":\"Organization\",\"@id\":\"https:\/\/www.imakeyousmile.se\/en\/#organization\",\"name\":\"Imakeyousmile\",\"url\":\"https:\/\/www.imakeyousmile.se\/en\/\",\"sameAs\":[],\"logo\":{\"@type\":\"ImageObject\",\"@id\":\"https:\/\/www.imakeyousmile.se\/en\/#logo\",\"inLanguage\":\"en-US\",\"url\":\"https:\/\/www.imakeyousmile.se\/wp-content\/uploads\/2020\/10\/HELENA-AMILEY_SVART-1-e1603367975324.png\",\"width\":280,\"height\":93,\"caption\":\"Imakeyousmile\"},\"image\":{\"@id\":\"https:\/\/www.imakeyousmile.se\/en\/#logo\"}},{\"@type\":\"WebSite\",\"@id\":\"https:\/\/www.imakeyousmile.se\/en\/#website\",\"url\":\"https:\/\/www.imakeyousmile.se\/en\/\",\"name\":\"Imakeyousmile.se\",\"description\":\"Helena Amiley - Beauty, Entrepreneur, Lifestyle\",\"publisher\":{\"@id\":\"https:\/\/www.imakeyousmile.se\/en\/#organization\"},\"potentialAction\":[{\"@type\":\"SearchAction\",\"target\":\"https:\/\/www.imakeyousmile.se\/en\/?s={search_term_string}\",\"query-input\":\"required name=search_term_string\"}],\"inLanguage\":\"en-US\"},{\"@type\":\"ImageObject\",\"@id\":\"https:\/\/www.imakeyousmile.se\/varsminkning-5\/#primaryimage\",\"inLanguage\":\"en-US\",\"url\":\"https:\/\/www.imakeyousmile.se\/wp-content\/uploads\/2014\/05\/IMG_2894_111.jpg\",\"width\":2560,\"height\":1558},{\"@type\":\"WebPage\",\"@id\":\"https:\/\/www.imakeyousmile.se\/varsminkning-5\/#webpage\",\"url\":\"https:\/\/www.imakeyousmile.se\/varsminkning-5\/\",\"name\":\"V\\u00e5rsminkning | Imakeyousmile.se\",\"isPartOf\":{\"@id\":\"https:\/\/www.imakeyousmile.se\/en\/#website\"},\"primaryImageOfPage\":{\"@id\":\"https:\/\/www.imakeyousmile.se\/varsminkning-5\/#primaryimage\"},\"datePublished\":\"2014-05-06T17:02:50+00:00\",\"dateModified\":\"2021-09-23T06:55:17+00:00\",\"description\":\"V\\u00e5rsminkning | Helena Amiley - H\\u00e4r hittar du senaste infromation om sk\\u00f6nhet, livsstil, entrepren\\u00f6rskap, makeup & tips.\",\"inLanguage\":\"en-US\",\"potentialAction\":[{\"@type\":\"ReadAction\",\"target\":[\"https:\/\/www.imakeyousmile.se\/varsminkning-5\/\"]}]},{\"@type\":\"Article\",\"@id\":\"https:\/\/www.imakeyousmile.se\/varsminkning-5\/#article\",\"isPartOf\":{\"@id\":\"https:\/\/www.imakeyousmile.se\/varsminkning-5\/#webpage\"},\"author\":{\"@id\":\"https:\/\/www.imakeyousmile.se\/en\/#\/schema\/person\/b0fd43b1c6bb1c60cfd68bff9b4a10fb\"},\"headline\":\"V\\u00e5rsminkning\",\"datePublished\":\"2014-05-06T17:02:50+00:00\",\"dateModified\":\"2021-09-23T06:55:17+00:00\",\"mainEntityOfPage\":{\"@id\":\"https:\/\/www.imakeyousmile.se\/varsminkning-5\/#webpage\"},\"commentCount\":0,\"publisher\":{\"@id\":\"https:\/\/www.imakeyousmile.se\/en\/#organization\"},\"image\":{\"@id\":\"https:\/\/www.imakeyousmile.se\/varsminkning-5\/#primaryimage\"},\"keywords\":\"40 palett,f\\u00e4rgglad sminkning steg f\\u00f6r steg,majsminkning,Sommarsminkning,V\\u00e5rsminkning\",\"articleSection\":\"Sminkningar\",\"inLanguage\":\"en-US\",\"potentialAction\":[{\"@type\":\"CommentAction\",\"name\":\"Comment\",\"target\":[\"https:\/\/www.imakeyousmile.se\/varsminkning-5\/#respond\"]}]},{\"@type\":\"Person\",\"@id\":\"https:\/\/www.imakeyousmile.se\/en\/#\/schema\/person\/b0fd43b1c6bb1c60cfd68bff9b4a10fb\",\"name\":\"Helena Amiley\",\"image\":{\"@type\":\"ImageObject\",\"@id\":\"https:\/\/www.imakeyousmile.se\/en\/#personlogo\",\"inLanguage\":\"en-US\",\"url\":\"https:\/\/secure.gravatar.com\/avatar\/5645558e1e355457a23368d7e1b4c904?s=96&d=mm&r=g\",\"caption\":\"Helena Amiley\"},\"description\":\"Jag skriver mest om sk\\u00f6nhet men bjuder \\u00e4ven p\\u00e5 glimtar fr\\u00e5n entrepren\\u00f6rlivet och bygget av v\\u00e5r egen camper van. Vanlife here we come!\",\"sameAs\":[\"https:\/\/www.facebook.com\/imakeyousmile.se\",\"https:\/\/www.instagram.com\/helenaamiley\",\"https:\/\/www.youtube.com\/channel\/UCR5iB6rvpV6Yr8ZjpQfr5mg?view_as=subscriber\"]}]}<\/script>\n<!-- \/ Yoast SEO Premium plugin. -->","_links":{"self":[{"href":"https:\/\/www.imakeyousmile.se\/en\/wp-json\/wp\/v2\/posts\/13167"}],"collection":[{"href":"https:\/\/www.imakeyousmile.se\/en\/wp-json\/wp\/v2\/posts"}],"about":[{"href":"https:\/\/www.imakeyousmile.se\/en\/wp-json\/wp\/v2\/types\/post"}],"author":[{"embeddable":true,"href":"https:\/\/www.imakeyousmile.se\/en\/wp-json\/wp\/v2\/users\/30"}],"replies":[{"embeddable":true,"href":"https:\/\/www.imakeyousmile.se\/en\/wp-json\/wp\/v2\/comments?post=13167"}],"version-history":[{"count":2,"href":"https:\/\/www.imakeyousmile.se\/en\/wp-json\/wp\/v2\/posts\/13167\/revisions"}],"predecessor-version":[{"id":41107,"href":"https:\/\/www.imakeyousmile.se\/en\/wp-json\/wp\/v2\/posts\/13167\/revisions\/41107"}],"wp:featuredmedia":[{"embeddable":true,"href":"https:\/\/www.imakeyousmile.se\/en\/wp-json\/wp\/v2\/media\/13172"}],"wp:attachment":[{"href":"https:\/\/www.imakeyousmile.se\/en\/wp-json\/wp\/v2\/media?parent=13167"}],"wp:term":[{"taxonomy":"category","embeddable":true,"href":"https:\/\/www.imakeyousmile.se\/en\/wp-json\/wp\/v2\/categories?post=13167"},{"taxonomy":"post_tag","embeddable":true,"href":"https:\/\/www.imakeyousmile.se\/en\/wp-json\/wp\/v2\/tags?post=13167"}],"curies":[{"name":"wp","href":"https:\/\/api.w.org\/{rel}","templated":true}]}}