{"id":1328,"date":"2011-09-29T13:19:00","date_gmt":"2011-09-29T11:19:00","guid":{"rendered":"http:\/\/www.imakeyousmile.se\/enkel-fargglad-sminkning\/"},"modified":"2011-09-29T13:19:00","modified_gmt":"2011-09-29T11:19:00","slug":"enkel-fargglad-sminkning","status":"publish","type":"post","link":"https:\/\/www.imakeyousmile.se\/en\/simple-colorful-makeup\/","title":{"rendered":"Simple colorful makeup"},"content":{"rendered":"<div style=\"clear: both; text-align: left;\">Today it was a really colorful make-up, which is both simple and quick to do!<\/div>\n<div style=\"clear: both; text-align: center;\"><\/div>\n<div style=\"clear: both; text-align: center;\"><a href=\"http:\/\/4.bp.blogspot.com\/-7GYnKnfiZTg\/ToQ8XlUeIDI\/AAAAAAAAEP8\/4zJzuav8NQU\/s1600\/kskjsksks+003.jpg\" style=\"margin-left: 1em; margin-right: 1em;\"><img decoding=\"async\" border=\"0\" height=\"291px\" kca=\"true\" src=\"http:\/\/4.bp.blogspot.com\/-7GYnKnfiZTg\/ToQ8XlUeIDI\/AAAAAAAAEP8\/4zJzuav8NQU\/s320\/kskjsksks+003.jpg\" width=\"320px\" \/><\/a><\/div>\n<div style=\"clear: both; text-align: center;\">(<em>All eyeshadows are from the 180 palette)<\/em><\/div>\n<div style=\"clear: both; text-align: center;\"><\/div>\n<div style=\"clear: both; text-align: center;\"><span style=\"color: #93c47d; font-size: large;\"><strong>Light green<\/strong><\/span> eye shadow on the eyelid.<\/div>\n<div style=\"clear: both; text-align: center;\"><span style=\"color: #6aa84f; font-size: large;\"><strong>Darker green<\/strong><\/span> eye shadow at the end of the lower lash line and along the globe line.<\/div>\n<div style=\"clear: both; text-align: center;\"><span style=\"color: #3d85c6; font-size: large;\"><strong>Blue<\/strong><\/span> eye shadow on the rest of the lower lash line.<\/div>\n<div style=\"clear: both; text-align: center;\"><span style=\"color: #ffd966; font-size: large;\"><strong>Light yellow<\/strong><\/span> eye shadow in the corner of the eye.<\/div>\n<div style=\"clear: both; text-align: center;\"><\/div>\n<div style=\"clear: both; text-align: center;\"><span style=\"color: #999999; font-size: large;\">White<\/span> eyeliner in the inner lash line, <em>H&amp;M.<\/em><\/div>\n<div style=\"clear: both; text-align: center;\"><span style=\"color: #38761d;\"><span style=\"font-size: large;\"><strong>Khaki green<\/strong><\/span> <\/span>eyeliner on the upper and outer part of the lower lash line,<em> wet wildn wild.<\/em><\/div>\n<p><\/p>\n<div style=\"clear: both; text-align: center;\"><a href=\"http:\/\/3.bp.blogspot.com\/-j20jra8Dg2s\/ToQ8lQyV1LI\/AAAAAAAAEQA\/fo0IcWejHMc\/s1600\/DSCF1895.jpg\" style=\"margin-left: 1em; margin-right: 1em;\"><img decoding=\"async\" border=\"0\" height=\"640px\" kca=\"true\" src=\"http:\/\/3.bp.blogspot.com\/-j20jra8Dg2s\/ToQ8lQyV1LI\/AAAAAAAAEQA\/fo0IcWejHMc\/s640\/DSCF1895.jpg\" width=\"472px\" \/><\/a><\/div>\n<div style=\"clear: both; text-align: center;\"><em>My photogenic side is a bit skewed when I have a cold, haha\u2026<\/em><\/div>\n<p>Now I have to run to class.<\/p>\n<div style=\"text-align: center;\"><span style=\"font-size: x-large;\">Goodbye!<\/span><\/div>","protected":false},"excerpt":{"rendered":"<p>Idag blev det en riktigt f\u00e4rgglad sminkning, som\u00a0b\u00e5de \u00e4r enkel och g\u00e5r snabbt att g\u00f6ra! (Alla \u00f6gonskuggor \u00e4r fr\u00e5n 180 paletten) Ljusgr\u00f6n \u00f6gonskugga p\u00e5 \u00f6gonlocket. M\u00f6rkare gr\u00f6n \u00f6gonskugga ytterst p\u00e5 undre fransraden och l\u00e4ngs globlinjen. Bl\u00e5 \u00f6gonskugga p\u00e5 resten av undre fransraden. Ljusgul \u00f6gonskuigga i \u00f6gonvr\u00e5n. Vit kajalpenna p\u00e5 inre fransraden, H&#038;M. Khakigr\u00f6n kajalpenna p\u00e5 [&hellip;]<\/p>\n","protected":false},"author":30,"featured_media":0,"comment_status":"open","ping_status":"open","sticky":false,"template":"","format":"standard","meta":{"footnotes":""},"categories":[3],"tags":[],"class_list":["post-1328","post","type-post","status-publish","format-standard","hentry","category-allmant"],"yoast_head":"<!-- This site is optimized with the Yoast SEO Premium plugin v14.9 - https:\/\/yoast.com\/wordpress\/plugins\/seo\/ -->\n<meta name=\"description\" content=\"Enkel f\u00e4rgglad sminkning | Helena Amiley - H\u00e4r hittar du senaste infromation om sk\u00f6nhet, livsstil, entrepren\u00f6rskap, makeup &amp; tips.\" \/>\n<meta name=\"robots\" content=\"index, follow, max-snippet:-1, max-image-preview:large, max-video-preview:-1\" \/>\n<link rel=\"canonical\" href=\"https:\/\/www.imakeyousmile.se\/en\/enkel-fargglad-sminkning\/\" \/>\n<meta property=\"og:locale\" content=\"en_US\" \/>\n<meta property=\"og:type\" content=\"article\" \/>\n<meta property=\"og:title\" content=\"Enkel f\u00e4rgglad sminkning | Imakeyousmile.se\" \/>\n<meta property=\"og:description\" content=\"Enkel f\u00e4rgglad sminkning | Helena Amiley - H\u00e4r hittar du senaste infromation om sk\u00f6nhet, livsstil, entrepren\u00f6rskap, makeup &amp; tips.\" \/>\n<meta property=\"og:url\" content=\"https:\/\/www.imakeyousmile.se\/en\/enkel-fargglad-sminkning\/\" \/>\n<meta property=\"og:site_name\" content=\"Imakeyousmile.se\" \/>\n<meta property=\"article:author\" content=\"https:\/\/www.facebook.com\/imakeyousmile.se\" \/>\n<meta property=\"article:published_time\" content=\"2011-09-29T11:19:00+00:00\" \/>\n<meta property=\"og:image\" content=\"http:\/\/4.bp.blogspot.com\/-7GYnKnfiZTg\/ToQ8XlUeIDI\/AAAAAAAAEP8\/4zJzuav8NQU\/s320\/kskjsksks+003.jpg\" \/>\n<meta name=\"twitter:card\" content=\"summary_large_image\" \/>\n<script type=\"application\/ld+json\" class=\"yoast-schema-graph\">{\"@context\":\"https:\/\/schema.org\",\"@graph\":[{\"@type\":\"Organization\",\"@id\":\"https:\/\/www.imakeyousmile.se\/en\/#organization\",\"name\":\"Imakeyousmile\",\"url\":\"https:\/\/www.imakeyousmile.se\/en\/\",\"sameAs\":[],\"logo\":{\"@type\":\"ImageObject\",\"@id\":\"https:\/\/www.imakeyousmile.se\/en\/#logo\",\"inLanguage\":\"en-US\",\"url\":\"https:\/\/www.imakeyousmile.se\/wp-content\/uploads\/2020\/10\/HELENA-AMILEY_SVART-1-e1603367975324.png\",\"width\":280,\"height\":93,\"caption\":\"Imakeyousmile\"},\"image\":{\"@id\":\"https:\/\/www.imakeyousmile.se\/en\/#logo\"}},{\"@type\":\"WebSite\",\"@id\":\"https:\/\/www.imakeyousmile.se\/en\/#website\",\"url\":\"https:\/\/www.imakeyousmile.se\/en\/\",\"name\":\"Imakeyousmile.se\",\"description\":\"Helena Amiley - Beauty, Entrepreneur, Lifestyle\",\"publisher\":{\"@id\":\"https:\/\/www.imakeyousmile.se\/en\/#organization\"},\"potentialAction\":[{\"@type\":\"SearchAction\",\"target\":\"https:\/\/www.imakeyousmile.se\/en\/?s={search_term_string}\",\"query-input\":\"required name=search_term_string\"}],\"inLanguage\":\"en-US\"},{\"@type\":\"ImageObject\",\"@id\":\"https:\/\/www.imakeyousmile.se\/enkel-fargglad-sminkning\/#primaryimage\",\"inLanguage\":\"en-US\",\"url\":\"http:\/\/4.bp.blogspot.com\/-7GYnKnfiZTg\/ToQ8XlUeIDI\/AAAAAAAAEP8\/4zJzuav8NQU\/s320\/kskjsksks+003.jpg\"},{\"@type\":\"WebPage\",\"@id\":\"https:\/\/www.imakeyousmile.se\/enkel-fargglad-sminkning\/#webpage\",\"url\":\"https:\/\/www.imakeyousmile.se\/enkel-fargglad-sminkning\/\",\"name\":\"Enkel f\\u00e4rgglad sminkning | Imakeyousmile.se\",\"isPartOf\":{\"@id\":\"https:\/\/www.imakeyousmile.se\/en\/#website\"},\"primaryImageOfPage\":{\"@id\":\"https:\/\/www.imakeyousmile.se\/enkel-fargglad-sminkning\/#primaryimage\"},\"datePublished\":\"2011-09-29T11:19:00+00:00\",\"dateModified\":\"2011-09-29T11:19:00+00:00\",\"description\":\"Enkel f\\u00e4rgglad sminkning | Helena Amiley - H\\u00e4r hittar du senaste infromation om sk\\u00f6nhet, livsstil, entrepren\\u00f6rskap, makeup & tips.\",\"inLanguage\":\"en-US\",\"potentialAction\":[{\"@type\":\"ReadAction\",\"target\":[\"https:\/\/www.imakeyousmile.se\/enkel-fargglad-sminkning\/\"]}]},{\"@type\":\"Article\",\"@id\":\"https:\/\/www.imakeyousmile.se\/enkel-fargglad-sminkning\/#article\",\"isPartOf\":{\"@id\":\"https:\/\/www.imakeyousmile.se\/enkel-fargglad-sminkning\/#webpage\"},\"author\":{\"@id\":\"https:\/\/www.imakeyousmile.se\/en\/#\/schema\/person\/b0fd43b1c6bb1c60cfd68bff9b4a10fb\"},\"headline\":\"Enkel f\\u00e4rgglad sminkning\",\"datePublished\":\"2011-09-29T11:19:00+00:00\",\"dateModified\":\"2011-09-29T11:19:00+00:00\",\"mainEntityOfPage\":{\"@id\":\"https:\/\/www.imakeyousmile.se\/enkel-fargglad-sminkning\/#webpage\"},\"commentCount\":0,\"publisher\":{\"@id\":\"https:\/\/www.imakeyousmile.se\/en\/#organization\"},\"image\":{\"@id\":\"https:\/\/www.imakeyousmile.se\/enkel-fargglad-sminkning\/#primaryimage\"},\"articleSection\":\"\\u00d6vrigt\",\"inLanguage\":\"en-US\",\"potentialAction\":[{\"@type\":\"CommentAction\",\"name\":\"Comment\",\"target\":[\"https:\/\/www.imakeyousmile.se\/enkel-fargglad-sminkning\/#respond\"]}]},{\"@type\":\"Person\",\"@id\":\"https:\/\/www.imakeyousmile.se\/en\/#\/schema\/person\/b0fd43b1c6bb1c60cfd68bff9b4a10fb\",\"name\":\"Helena Amiley\",\"image\":{\"@type\":\"ImageObject\",\"@id\":\"https:\/\/www.imakeyousmile.se\/en\/#personlogo\",\"inLanguage\":\"en-US\",\"url\":\"https:\/\/secure.gravatar.com\/avatar\/5645558e1e355457a23368d7e1b4c904?s=96&d=mm&r=g\",\"caption\":\"Helena Amiley\"},\"description\":\"Jag skriver mest om sk\\u00f6nhet men bjuder \\u00e4ven p\\u00e5 glimtar fr\\u00e5n entrepren\\u00f6rlivet och bygget av v\\u00e5r egen camper van. Vanlife here we come!\",\"sameAs\":[\"https:\/\/www.facebook.com\/imakeyousmile.se\",\"https:\/\/www.instagram.com\/helenaamiley\",\"https:\/\/www.youtube.com\/channel\/UCR5iB6rvpV6Yr8ZjpQfr5mg?view_as=subscriber\"]}]}<\/script>\n<!-- \/ Yoast SEO Premium plugin. -->","_links":{"self":[{"href":"https:\/\/www.imakeyousmile.se\/en\/wp-json\/wp\/v2\/posts\/1328"}],"collection":[{"href":"https:\/\/www.imakeyousmile.se\/en\/wp-json\/wp\/v2\/posts"}],"about":[{"href":"https:\/\/www.imakeyousmile.se\/en\/wp-json\/wp\/v2\/types\/post"}],"author":[{"embeddable":true,"href":"https:\/\/www.imakeyousmile.se\/en\/wp-json\/wp\/v2\/users\/30"}],"replies":[{"embeddable":true,"href":"https:\/\/www.imakeyousmile.se\/en\/wp-json\/wp\/v2\/comments?post=1328"}],"version-history":[{"count":0,"href":"https:\/\/www.imakeyousmile.se\/en\/wp-json\/wp\/v2\/posts\/1328\/revisions"}],"wp:attachment":[{"href":"https:\/\/www.imakeyousmile.se\/en\/wp-json\/wp\/v2\/media?parent=1328"}],"wp:term":[{"taxonomy":"category","embeddable":true,"href":"https:\/\/www.imakeyousmile.se\/en\/wp-json\/wp\/v2\/categories?post=1328"},{"taxonomy":"post_tag","embeddable":true,"href":"https:\/\/www.imakeyousmile.se\/en\/wp-json\/wp\/v2\/tags?post=1328"}],"curies":[{"name":"wp","href":"https:\/\/api.w.org\/{rel}","templated":true}]}}