{"id":1361,"date":"2011-09-07T16:05:00","date_gmt":"2011-09-07T14:05:00","guid":{"rendered":"http:\/\/www.imakeyousmile.se\/jag-kanske-inte-har-det-sa-svart-anda\/"},"modified":"2011-09-07T16:05:00","modified_gmt":"2011-09-07T14:05:00","slug":"jag-kanske-inte-har-det-sa-svart-anda","status":"publish","type":"post","link":"https:\/\/www.imakeyousmile.se\/en\/i-may-not-have-said-it-said-black-spirit\/","title":{"rendered":"I may not have it that hard anyway"},"content":{"rendered":"<p>My night yesterday was a real pain in the ass. Pms and computer problems do not go together!<\/p>\n<p>I ended up going to bed\u00a0<span style=\"font-size: x-large;\">without washing off the makeup<\/span>. And that alone explains how frustrated I was, because I ALWAYS wash off my makeup before I fall asleep!<\/p>\n<p>Then this morning I woke up and read everyone <span style=\"font-size: x-large;\">SMS<\/span> I got. Miska wrote the following:<\/p>\n<p><em><strong>&quot;Now I&#039;m lying here in the dark again :) Saw a bird eating another bird out here, went and took a picture. He looked angrily at me :( Kiss \u201d<\/strong><\/em><\/p>\n<p>My first thought huh \u201d<em>but wow, that&#039;s not the first thing you want to hear when you&#039;m sad<\/em>\u2026 \u201cAlthough he did not know that I was but, haha.<\/p>\n<p>But after a few seconds, I saw it from a different point of view.<\/p>\n<div style=\"clear: both; text-align: center;\"><a href=\"http:\/\/2.bp.blogspot.com\/-1VtJ0fR6eQ0\/TmeHyNGErXI\/AAAAAAAAELg\/7oHqPmn6ZyQ\/s1600\/IMG_3118.JPG\" style=\"margin-left: 1em; margin-right: 1em;\"><img decoding=\"async\" border=\"0\" height=\"340px\" nba=\"true\" src=\"http:\/\/2.bp.blogspot.com\/-1VtJ0fR6eQ0\/TmeHyNGErXI\/AAAAAAAAELg\/7oHqPmn6ZyQ\/s400\/IMG_3118.JPG\" width=\"400px\" \/><\/a><\/div>\n<div style=\"clear: both; text-align: center;\"><\/div>\n<div style=\"text-align: center;\"><span style=\"font-size: x-large;\">There is always someone who is worse off!<\/span><\/div>","protected":false},"excerpt":{"rendered":"<p>Min kv\u00e4ll ig\u00e5r var en riktig pain in the ass. Pms och datorproblem g\u00e5r inte ihop! Slutade med att jag\u00a0gick och la mig i s\u00e4ngen\u00a0utan att tv\u00e4tta bort sminket. Och\u00a0bara det f\u00f6rklarar hur frustrerad jag var, eftersom jag ALLTID tv\u00e4ttar bort sminket innan jag somnar! Sen\u00a0i morse vaknade jag och l\u00e4ste alla sms jag f\u00e5tt. [&hellip;]<\/p>\n","protected":false},"author":30,"featured_media":0,"comment_status":"open","ping_status":"open","sticky":false,"template":"","format":"standard","meta":{"footnotes":""},"categories":[3],"tags":[],"class_list":["post-1361","post","type-post","status-publish","format-standard","hentry","category-allmant"],"yoast_head":"<!-- This site is optimized with the Yoast SEO Premium plugin v14.9 - https:\/\/yoast.com\/wordpress\/plugins\/seo\/ -->\n<meta name=\"description\" content=\"Jag kanske inte har det s\u00e5 sv\u00e5rt \u00e4nd\u00e5 | Helena Amiley - H\u00e4r hittar du senaste infromation om sk\u00f6nhet, livsstil, entrepren\u00f6rskap, makeup &amp; tips.\" \/>\n<meta name=\"robots\" content=\"index, follow, max-snippet:-1, max-image-preview:large, max-video-preview:-1\" \/>\n<link rel=\"canonical\" href=\"https:\/\/www.imakeyousmile.se\/en\/jag-kanske-inte-har-det-sa-svart-anda\/\" \/>\n<meta property=\"og:locale\" content=\"en_US\" \/>\n<meta property=\"og:type\" content=\"article\" \/>\n<meta property=\"og:title\" content=\"Jag kanske inte har det s\u00e5 sv\u00e5rt \u00e4nd\u00e5 | Imakeyousmile.se\" \/>\n<meta property=\"og:description\" content=\"Jag kanske inte har det s\u00e5 sv\u00e5rt \u00e4nd\u00e5 | Helena Amiley - H\u00e4r hittar du senaste infromation om sk\u00f6nhet, livsstil, entrepren\u00f6rskap, makeup &amp; tips.\" \/>\n<meta property=\"og:url\" content=\"https:\/\/www.imakeyousmile.se\/en\/jag-kanske-inte-har-det-sa-svart-anda\/\" \/>\n<meta property=\"og:site_name\" content=\"Imakeyousmile.se\" \/>\n<meta property=\"article:author\" content=\"https:\/\/www.facebook.com\/imakeyousmile.se\" \/>\n<meta property=\"article:published_time\" content=\"2011-09-07T14:05:00+00:00\" \/>\n<meta property=\"og:image\" content=\"http:\/\/2.bp.blogspot.com\/-1VtJ0fR6eQ0\/TmeHyNGErXI\/AAAAAAAAELg\/7oHqPmn6ZyQ\/s400\/IMG_3118.JPG\" \/>\n<meta name=\"twitter:card\" content=\"summary_large_image\" \/>\n<script type=\"application\/ld+json\" class=\"yoast-schema-graph\">{\"@context\":\"https:\/\/schema.org\",\"@graph\":[{\"@type\":\"Organization\",\"@id\":\"https:\/\/www.imakeyousmile.se\/en\/#organization\",\"name\":\"Imakeyousmile\",\"url\":\"https:\/\/www.imakeyousmile.se\/en\/\",\"sameAs\":[],\"logo\":{\"@type\":\"ImageObject\",\"@id\":\"https:\/\/www.imakeyousmile.se\/en\/#logo\",\"inLanguage\":\"en-US\",\"url\":\"https:\/\/www.imakeyousmile.se\/wp-content\/uploads\/2020\/10\/HELENA-AMILEY_SVART-1-e1603367975324.png\",\"width\":280,\"height\":93,\"caption\":\"Imakeyousmile\"},\"image\":{\"@id\":\"https:\/\/www.imakeyousmile.se\/en\/#logo\"}},{\"@type\":\"WebSite\",\"@id\":\"https:\/\/www.imakeyousmile.se\/en\/#website\",\"url\":\"https:\/\/www.imakeyousmile.se\/en\/\",\"name\":\"Imakeyousmile.se\",\"description\":\"Helena Amiley - Beauty, Entrepreneur, Lifestyle\",\"publisher\":{\"@id\":\"https:\/\/www.imakeyousmile.se\/en\/#organization\"},\"potentialAction\":[{\"@type\":\"SearchAction\",\"target\":\"https:\/\/www.imakeyousmile.se\/en\/?s={search_term_string}\",\"query-input\":\"required name=search_term_string\"}],\"inLanguage\":\"en-US\"},{\"@type\":\"ImageObject\",\"@id\":\"https:\/\/www.imakeyousmile.se\/jag-kanske-inte-har-det-sa-svart-anda\/#primaryimage\",\"inLanguage\":\"en-US\",\"url\":\"http:\/\/2.bp.blogspot.com\/-1VtJ0fR6eQ0\/TmeHyNGErXI\/AAAAAAAAELg\/7oHqPmn6ZyQ\/s400\/IMG_3118.JPG\"},{\"@type\":\"WebPage\",\"@id\":\"https:\/\/www.imakeyousmile.se\/jag-kanske-inte-har-det-sa-svart-anda\/#webpage\",\"url\":\"https:\/\/www.imakeyousmile.se\/jag-kanske-inte-har-det-sa-svart-anda\/\",\"name\":\"Jag kanske inte har det s\\u00e5 sv\\u00e5rt \\u00e4nd\\u00e5 | Imakeyousmile.se\",\"isPartOf\":{\"@id\":\"https:\/\/www.imakeyousmile.se\/en\/#website\"},\"primaryImageOfPage\":{\"@id\":\"https:\/\/www.imakeyousmile.se\/jag-kanske-inte-har-det-sa-svart-anda\/#primaryimage\"},\"datePublished\":\"2011-09-07T14:05:00+00:00\",\"dateModified\":\"2011-09-07T14:05:00+00:00\",\"description\":\"Jag kanske inte har det s\\u00e5 sv\\u00e5rt \\u00e4nd\\u00e5 | Helena Amiley - H\\u00e4r hittar du senaste infromation om sk\\u00f6nhet, livsstil, entrepren\\u00f6rskap, makeup & tips.\",\"inLanguage\":\"en-US\",\"potentialAction\":[{\"@type\":\"ReadAction\",\"target\":[\"https:\/\/www.imakeyousmile.se\/jag-kanske-inte-har-det-sa-svart-anda\/\"]}]},{\"@type\":\"Article\",\"@id\":\"https:\/\/www.imakeyousmile.se\/jag-kanske-inte-har-det-sa-svart-anda\/#article\",\"isPartOf\":{\"@id\":\"https:\/\/www.imakeyousmile.se\/jag-kanske-inte-har-det-sa-svart-anda\/#webpage\"},\"author\":{\"@id\":\"https:\/\/www.imakeyousmile.se\/en\/#\/schema\/person\/b0fd43b1c6bb1c60cfd68bff9b4a10fb\"},\"headline\":\"Jag kanske inte har det s\\u00e5 sv\\u00e5rt \\u00e4nd\\u00e5\",\"datePublished\":\"2011-09-07T14:05:00+00:00\",\"dateModified\":\"2011-09-07T14:05:00+00:00\",\"mainEntityOfPage\":{\"@id\":\"https:\/\/www.imakeyousmile.se\/jag-kanske-inte-har-det-sa-svart-anda\/#webpage\"},\"commentCount\":0,\"publisher\":{\"@id\":\"https:\/\/www.imakeyousmile.se\/en\/#organization\"},\"image\":{\"@id\":\"https:\/\/www.imakeyousmile.se\/jag-kanske-inte-har-det-sa-svart-anda\/#primaryimage\"},\"articleSection\":\"\\u00d6vrigt\",\"inLanguage\":\"en-US\",\"potentialAction\":[{\"@type\":\"CommentAction\",\"name\":\"Comment\",\"target\":[\"https:\/\/www.imakeyousmile.se\/jag-kanske-inte-har-det-sa-svart-anda\/#respond\"]}]},{\"@type\":\"Person\",\"@id\":\"https:\/\/www.imakeyousmile.se\/en\/#\/schema\/person\/b0fd43b1c6bb1c60cfd68bff9b4a10fb\",\"name\":\"Helena Amiley\",\"image\":{\"@type\":\"ImageObject\",\"@id\":\"https:\/\/www.imakeyousmile.se\/en\/#personlogo\",\"inLanguage\":\"en-US\",\"url\":\"https:\/\/secure.gravatar.com\/avatar\/5645558e1e355457a23368d7e1b4c904?s=96&d=mm&r=g\",\"caption\":\"Helena Amiley\"},\"description\":\"Jag skriver mest om sk\\u00f6nhet men bjuder \\u00e4ven p\\u00e5 glimtar fr\\u00e5n entrepren\\u00f6rlivet och bygget av v\\u00e5r egen camper van. Vanlife here we come!\",\"sameAs\":[\"https:\/\/www.facebook.com\/imakeyousmile.se\",\"https:\/\/www.instagram.com\/helenaamiley\",\"https:\/\/www.youtube.com\/channel\/UCR5iB6rvpV6Yr8ZjpQfr5mg?view_as=subscriber\"]}]}<\/script>\n<!-- \/ Yoast SEO Premium plugin. -->","_links":{"self":[{"href":"https:\/\/www.imakeyousmile.se\/en\/wp-json\/wp\/v2\/posts\/1361"}],"collection":[{"href":"https:\/\/www.imakeyousmile.se\/en\/wp-json\/wp\/v2\/posts"}],"about":[{"href":"https:\/\/www.imakeyousmile.se\/en\/wp-json\/wp\/v2\/types\/post"}],"author":[{"embeddable":true,"href":"https:\/\/www.imakeyousmile.se\/en\/wp-json\/wp\/v2\/users\/30"}],"replies":[{"embeddable":true,"href":"https:\/\/www.imakeyousmile.se\/en\/wp-json\/wp\/v2\/comments?post=1361"}],"version-history":[{"count":0,"href":"https:\/\/www.imakeyousmile.se\/en\/wp-json\/wp\/v2\/posts\/1361\/revisions"}],"wp:attachment":[{"href":"https:\/\/www.imakeyousmile.se\/en\/wp-json\/wp\/v2\/media?parent=1361"}],"wp:term":[{"taxonomy":"category","embeddable":true,"href":"https:\/\/www.imakeyousmile.se\/en\/wp-json\/wp\/v2\/categories?post=1361"},{"taxonomy":"post_tag","embeddable":true,"href":"https:\/\/www.imakeyousmile.se\/en\/wp-json\/wp\/v2\/tags?post=1361"}],"curies":[{"name":"wp","href":"https:\/\/api.w.org\/{rel}","templated":true}]}}