{"id":1380,"date":"2011-08-25T17:50:00","date_gmt":"2011-08-25T15:50:00","guid":{"rendered":"http:\/\/www.imakeyousmile.se\/gul-och-orange-sminkning-2\/"},"modified":"2014-08-16T12:37:39","modified_gmt":"2014-08-16T10:37:39","slug":"gul-och-orange-sminkning-2","status":"publish","type":"post","link":"https:\/\/www.imakeyousmile.se\/en\/yellow-and-orange-makeup-2\/","title":{"rendered":"Yellow and Orange makeup"},"content":{"rendered":"<div style=\"clear: both; text-align: left;\">Oh oh here comes the first make-up in a long time! Even went pretty well with the internet today, great!<\/div>\n<div style=\"clear: both; text-align: left;\"><\/div>\n<div style=\"clear: both; text-align: left;\">All eye shadows are from <em>180 pallets<\/em>. If you are curious about it, you can look inside<span style=\"color: red;\">\u00a0<\/span><a href=\"https:\/\/go.eleven.se\/t\/t?a=1301482047&#038;as=1548102449&#038;t=2&#038;tk=1&#038;epi=search-replace-elevenpaletter&#038;url=https:\/\/eleven.se\/smink\/makeup-set\/set---paletter\"><span style=\"color: red; font-size: large;\"><strong>here<\/strong><\/span><\/a><\/div>\n<div style=\"clear: both; text-align: center;\"><\/div>\n<div style=\"clear: both; text-align: center;\"><a style=\"margin-left: 1em; margin-right: 1em;\" href=\"http:\/\/3.bp.blogspot.com\/-lDFBZbnBdQI\/TlZ4bIAJuuI\/AAAAAAAAEI4\/LPmbO-F0zhA\/s1600\/kamera+1+077.jpg\"><img decoding=\"async\" src=\"http:\/\/3.bp.blogspot.com\/-lDFBZbnBdQI\/TlZ4bIAJuuI\/AAAAAAAAEI4\/LPmbO-F0zhA\/s320\/kamera+1+077.jpg\" alt=\"\" width=\"320px\" height=\"278px\" border=\"0\" \/><\/a><\/div>\n<div style=\"clear: both; text-align: center;\"><\/div>\n<div style=\"clear: both; text-align: center;\"><span style=\"color: yellow; font-size: large;\"><strong>Yellow<\/strong><\/span> eye shadow at the inside of the eyelid and at the bottom of the lower lash line.<\/div>\n<div style=\"clear: both; text-align: center;\"><span style=\"color: #f6b26b; font-size: large;\"><strong>Orange<\/strong><\/span> eye shadow at the end of the eyelid and in the middle of the lower lash line.<\/div>\n<div style=\"clear: both; text-align: center;\"><span style=\"color: orange; font-size: large;\"><strong><span style=\"color: #e69138;\">Darker orange<\/span> <\/strong><\/span>eye shadow at the end of the lower lash line and along the globe line.<\/div>\n<div style=\"clear: both; text-align: center;\"><span style=\"color: #ffd966; font-size: large;\"><strong>Light yellow<\/strong><\/span> shimmery eye shadow in the corner of the eye.<\/div>\n<div style=\"clear: both; text-align: center;\"><span style=\"color: #999999; font-size: large;\">White<\/span> eye shadow under the eyebrow.<\/div>\n<div style=\"clear: both; text-align: center;\"><\/div>\n<div style=\"clear: both; text-align: center;\"><strong><span style=\"font-size: large;\">Black<\/span><\/strong> eyeliner on the inside, a little on the bottom and almost the entire upper lash lines, <em>H&amp;M.<\/em><\/div>\n<div style=\"clear: both; text-align: center;\"><a style=\"margin-left: 1em; margin-right: 1em;\" href=\"http:\/\/2.bp.blogspot.com\/-3Fq6mt_vKUs\/TlZ4cUdwBEI\/AAAAAAAAEI8\/GBydcR-XHic\/s1600\/kamera+1+097.jpg\"><img decoding=\"async\" src=\"http:\/\/2.bp.blogspot.com\/-3Fq6mt_vKUs\/TlZ4cUdwBEI\/AAAAAAAAEI8\/GBydcR-XHic\/s640\/kamera+1+097.jpg\" alt=\"\" width=\"516px\" height=\"640px\" border=\"0\" \/><\/a><\/div>\n<p>There you go. Now I will gather my strength to fix <span style=\"font-size: x-large;\">evening coffee <\/span>tonight. It sucks but you have to line up!<\/p>\n<p>So I have to flirt with someone on call as well, so I can get help to put up some stuff in the room I was shopping at <span style=\"font-size: x-large;\">IKEA<\/span> yesterday.<\/p>\n<p>Our caretaker who usually helps otherwise is sick, and I am not the most handy tool in the box, so to speak. You will see pictures when it is ready!<\/p>\n<div style=\"text-align: center;\"><span style=\"font-size: x-large;\">Wish you a nice Thursday night!<\/span><\/div>","protected":false},"excerpt":{"rendered":"<p>Oj oj h\u00e4r kommer f\u00f6rsta sminkningen p\u00e5 l\u00e4nge! Gick till och med ganska bra med internet idag, sk\u00f6\u00f6nt! Alla \u00f6gonskuggor \u00e4r fr\u00e5n 180 paletten. \u00c4r ni nyfikna p\u00e5 den s\u00e5 kan ni kika in\u00a0h\u00e4r Gul \u00f6gonskugga innerst p\u00e5 \u00f6gonlocket och innerst p\u00e5 undre fransraden. Orange \u00f6gonskugga ytterst p\u00e5 \u00f6gonlocket och i mitten av undre fransraden. [&hellip;]<\/p>\n","protected":false},"author":30,"featured_media":0,"comment_status":"open","ping_status":"open","sticky":false,"template":"","format":"standard","meta":{"footnotes":""},"categories":[3],"tags":[],"class_list":["post-1380","post","type-post","status-publish","format-standard","hentry","category-allmant"],"yoast_head":"<!-- This site is optimized with the Yoast SEO Premium plugin v14.9 - https:\/\/yoast.com\/wordpress\/plugins\/seo\/ -->\n<meta name=\"description\" content=\"Gul och Orange sminkning | Helena Amiley - H\u00e4r hittar du senaste infromation om sk\u00f6nhet, livsstil, entrepren\u00f6rskap, makeup &amp; tips.\" \/>\n<meta name=\"robots\" content=\"index, follow, max-snippet:-1, max-image-preview:large, max-video-preview:-1\" \/>\n<link rel=\"canonical\" href=\"https:\/\/www.imakeyousmile.se\/en\/gul-och-orange-sminkning-2\/\" \/>\n<meta property=\"og:locale\" content=\"en_US\" \/>\n<meta property=\"og:type\" content=\"article\" \/>\n<meta property=\"og:title\" content=\"Gul och Orange sminkning | Imakeyousmile.se\" \/>\n<meta property=\"og:description\" content=\"Gul och Orange sminkning | Helena Amiley - H\u00e4r hittar du senaste infromation om sk\u00f6nhet, livsstil, entrepren\u00f6rskap, makeup &amp; tips.\" \/>\n<meta property=\"og:url\" content=\"https:\/\/www.imakeyousmile.se\/en\/gul-och-orange-sminkning-2\/\" \/>\n<meta property=\"og:site_name\" content=\"Imakeyousmile.se\" \/>\n<meta property=\"article:author\" content=\"https:\/\/www.facebook.com\/imakeyousmile.se\" \/>\n<meta property=\"article:published_time\" content=\"2011-08-25T15:50:00+00:00\" \/>\n<meta property=\"article:modified_time\" content=\"2014-08-16T10:37:39+00:00\" \/>\n<meta property=\"og:image\" content=\"http:\/\/3.bp.blogspot.com\/-lDFBZbnBdQI\/TlZ4bIAJuuI\/AAAAAAAAEI4\/LPmbO-F0zhA\/s320\/kamera+1+077.jpg\" \/>\n<meta name=\"twitter:card\" content=\"summary_large_image\" \/>\n<script type=\"application\/ld+json\" class=\"yoast-schema-graph\">{\"@context\":\"https:\/\/schema.org\",\"@graph\":[{\"@type\":\"Organization\",\"@id\":\"https:\/\/www.imakeyousmile.se\/en\/#organization\",\"name\":\"Imakeyousmile\",\"url\":\"https:\/\/www.imakeyousmile.se\/en\/\",\"sameAs\":[],\"logo\":{\"@type\":\"ImageObject\",\"@id\":\"https:\/\/www.imakeyousmile.se\/en\/#logo\",\"inLanguage\":\"en-US\",\"url\":\"https:\/\/www.imakeyousmile.se\/wp-content\/uploads\/2020\/10\/HELENA-AMILEY_SVART-1-e1603367975324.png\",\"width\":280,\"height\":93,\"caption\":\"Imakeyousmile\"},\"image\":{\"@id\":\"https:\/\/www.imakeyousmile.se\/en\/#logo\"}},{\"@type\":\"WebSite\",\"@id\":\"https:\/\/www.imakeyousmile.se\/en\/#website\",\"url\":\"https:\/\/www.imakeyousmile.se\/en\/\",\"name\":\"Imakeyousmile.se\",\"description\":\"Helena Amiley - Beauty, Entrepreneur, Lifestyle\",\"publisher\":{\"@id\":\"https:\/\/www.imakeyousmile.se\/en\/#organization\"},\"potentialAction\":[{\"@type\":\"SearchAction\",\"target\":\"https:\/\/www.imakeyousmile.se\/en\/?s={search_term_string}\",\"query-input\":\"required name=search_term_string\"}],\"inLanguage\":\"en-US\"},{\"@type\":\"ImageObject\",\"@id\":\"https:\/\/www.imakeyousmile.se\/gul-och-orange-sminkning-2\/#primaryimage\",\"inLanguage\":\"en-US\",\"url\":\"http:\/\/3.bp.blogspot.com\/-lDFBZbnBdQI\/TlZ4bIAJuuI\/AAAAAAAAEI4\/LPmbO-F0zhA\/s320\/kamera+1+077.jpg\"},{\"@type\":\"WebPage\",\"@id\":\"https:\/\/www.imakeyousmile.se\/gul-och-orange-sminkning-2\/#webpage\",\"url\":\"https:\/\/www.imakeyousmile.se\/gul-och-orange-sminkning-2\/\",\"name\":\"Gul och Orange sminkning | Imakeyousmile.se\",\"isPartOf\":{\"@id\":\"https:\/\/www.imakeyousmile.se\/en\/#website\"},\"primaryImageOfPage\":{\"@id\":\"https:\/\/www.imakeyousmile.se\/gul-och-orange-sminkning-2\/#primaryimage\"},\"datePublished\":\"2011-08-25T15:50:00+00:00\",\"dateModified\":\"2014-08-16T10:37:39+00:00\",\"description\":\"Gul och Orange sminkning | Helena Amiley - H\\u00e4r hittar du senaste infromation om sk\\u00f6nhet, livsstil, entrepren\\u00f6rskap, makeup & tips.\",\"inLanguage\":\"en-US\",\"potentialAction\":[{\"@type\":\"ReadAction\",\"target\":[\"https:\/\/www.imakeyousmile.se\/gul-och-orange-sminkning-2\/\"]}]},{\"@type\":\"Article\",\"@id\":\"https:\/\/www.imakeyousmile.se\/gul-och-orange-sminkning-2\/#article\",\"isPartOf\":{\"@id\":\"https:\/\/www.imakeyousmile.se\/gul-och-orange-sminkning-2\/#webpage\"},\"author\":{\"@id\":\"https:\/\/www.imakeyousmile.se\/en\/#\/schema\/person\/b0fd43b1c6bb1c60cfd68bff9b4a10fb\"},\"headline\":\"Gul och Orange sminkning\",\"datePublished\":\"2011-08-25T15:50:00+00:00\",\"dateModified\":\"2014-08-16T10:37:39+00:00\",\"mainEntityOfPage\":{\"@id\":\"https:\/\/www.imakeyousmile.se\/gul-och-orange-sminkning-2\/#webpage\"},\"commentCount\":0,\"publisher\":{\"@id\":\"https:\/\/www.imakeyousmile.se\/en\/#organization\"},\"image\":{\"@id\":\"https:\/\/www.imakeyousmile.se\/gul-och-orange-sminkning-2\/#primaryimage\"},\"articleSection\":\"\\u00d6vrigt\",\"inLanguage\":\"en-US\",\"potentialAction\":[{\"@type\":\"CommentAction\",\"name\":\"Comment\",\"target\":[\"https:\/\/www.imakeyousmile.se\/gul-och-orange-sminkning-2\/#respond\"]}]},{\"@type\":\"Person\",\"@id\":\"https:\/\/www.imakeyousmile.se\/en\/#\/schema\/person\/b0fd43b1c6bb1c60cfd68bff9b4a10fb\",\"name\":\"Helena Amiley\",\"image\":{\"@type\":\"ImageObject\",\"@id\":\"https:\/\/www.imakeyousmile.se\/en\/#personlogo\",\"inLanguage\":\"en-US\",\"url\":\"https:\/\/secure.gravatar.com\/avatar\/5645558e1e355457a23368d7e1b4c904?s=96&d=mm&r=g\",\"caption\":\"Helena Amiley\"},\"description\":\"Jag skriver mest om sk\\u00f6nhet men bjuder \\u00e4ven p\\u00e5 glimtar fr\\u00e5n entrepren\\u00f6rlivet och bygget av v\\u00e5r egen camper van. Vanlife here we come!\",\"sameAs\":[\"https:\/\/www.facebook.com\/imakeyousmile.se\",\"https:\/\/www.instagram.com\/helenaamiley\",\"https:\/\/www.youtube.com\/channel\/UCR5iB6rvpV6Yr8ZjpQfr5mg?view_as=subscriber\"]}]}<\/script>\n<!-- \/ Yoast SEO Premium plugin. -->","_links":{"self":[{"href":"https:\/\/www.imakeyousmile.se\/en\/wp-json\/wp\/v2\/posts\/1380"}],"collection":[{"href":"https:\/\/www.imakeyousmile.se\/en\/wp-json\/wp\/v2\/posts"}],"about":[{"href":"https:\/\/www.imakeyousmile.se\/en\/wp-json\/wp\/v2\/types\/post"}],"author":[{"embeddable":true,"href":"https:\/\/www.imakeyousmile.se\/en\/wp-json\/wp\/v2\/users\/30"}],"replies":[{"embeddable":true,"href":"https:\/\/www.imakeyousmile.se\/en\/wp-json\/wp\/v2\/comments?post=1380"}],"version-history":[{"count":0,"href":"https:\/\/www.imakeyousmile.se\/en\/wp-json\/wp\/v2\/posts\/1380\/revisions"}],"wp:attachment":[{"href":"https:\/\/www.imakeyousmile.se\/en\/wp-json\/wp\/v2\/media?parent=1380"}],"wp:term":[{"taxonomy":"category","embeddable":true,"href":"https:\/\/www.imakeyousmile.se\/en\/wp-json\/wp\/v2\/categories?post=1380"},{"taxonomy":"post_tag","embeddable":true,"href":"https:\/\/www.imakeyousmile.se\/en\/wp-json\/wp\/v2\/tags?post=1380"}],"curies":[{"name":"wp","href":"https:\/\/api.w.org\/{rel}","templated":true}]}}