{"id":1418,"date":"2011-07-14T21:35:00","date_gmt":"2011-07-14T19:35:00","guid":{"rendered":"http:\/\/www.imakeyousmile.se\/hm-volym-powder\/"},"modified":"2020-10-22T11:11:40","modified_gmt":"2020-10-22T09:11:40","slug":"hm-volym-powder","status":"publish","type":"post","link":"https:\/\/www.imakeyousmile.se\/en\/hm-volume-powder\/","title":{"rendered":"H&amp;M Volume Powder"},"content":{"rendered":"<div style=\"clear: both; text-align: left;\">I blog almost exclusively about makeup, but when it comes to hair products I am almost as obsessed!<\/div>\n<div style=\"clear: both; text-align: left;\"><\/div>\n<div style=\"clear: both; text-align: left;\">Have tested as much as I can, and I think I should start recommending more about different hair products as well. And also tell you which products are less good!<\/div>\n<div style=\"clear: both; text-align: left;\"><\/div>\n<div style=\"clear: both; text-align: left;\">Because I have a bad hair day, it does not matter how nicely made up I am, I do not feel good looking anyway.<\/div>\n<div style=\"clear: both; text-align: left;\"><\/div>\n<div style=\"clear: both; text-align: left;\">So now that I&#039;m at Miska&#039;s house and all the make-up pictures are on the computer at home, I&#039;m starting my little hair product marathon with this <span style=\"font-size: x-large;\">affordable treats:<\/span><\/div>\n<div style=\"clear: both; text-align: center;\"><\/div>\n<div style=\"clear: both; text-align: center;\"><a href=\"http:\/\/2.bp.blogspot.com\/-fGvuaV8wdTY\/Th9O_ch18GI\/AAAAAAAAEDU\/TRakMRpxVao\/s1600\/dsc_0045_127609227_134485943.jpg\" style=\"margin-left: 1em; margin-right: 1em;\"><img loading=\"lazy\" decoding=\"async\" border=\"0\" height=\"320\" m$=\"true\" src=\"http:\/\/2.bp.blogspot.com\/-fGvuaV8wdTY\/Th9O_ch18GI\/AAAAAAAAEDU\/TRakMRpxVao\/s320\/dsc_0045_127609227_134485943.jpg\" width=\"142\" \/><\/a><\/div>\n<div style=\"clear: both; text-align: center;\">Volume of powder from <em>H&amp;M<\/em>, approx. 50 kr.<\/div>\n<div style=\"clear: both; text-align: center;\"><\/div>\n<p><\/p>\n<div style=\"clear: both; text-align: left;\">I have previously loved the volume powder <em>Osis Dust It<\/em>. But it quickly runs out and costs around a hundred bucks, which I can not regularly spend on such a small thing.<\/div>\n<div style=\"clear: both; text-align: left;\"><\/div>\n<div style=\"clear: both; text-align: left;\">But then I tested the volume powder as <em>H&amp;M<\/em> has, and it is <span style=\"font-size: x-large;\">Super good<\/span>!! Costs half as much and is equal, and maybe even more efficient than <em>Osis!<\/em><\/div>\n<div style=\"clear: both; text-align: left;\"><\/div>\n<div style=\"clear: both; text-align: left;\">However, this &quot;feeling of impurity&quot; that you get from volume powder is very clear. But you get away with that though <em>Osis Dust It<\/em> nor, so a little more or less does not matter so much I think.<\/div>\n<div style=\"clear: both; text-align: left;\"><\/div>\n<div style=\"clear: both; text-align: left;\"><span style=\"font-size: x-large;\">Cruel volume<\/span> you get at least!<\/div>\n<div align=\"left\">And<\/div>\n<div style=\"text-align: center;\"><span style=\"color: #f1c232;\"><span style=\"font-size: large;\">\u2605.<span style=\"color: #f1c232;\">\u2605.<span style=\"color: #f1c232;\">\u2605.<span style=\"color: #f1c232;\">\u2605.<span style=\"color: #f1c232;\">\u2605.<\/span><\/span><\/span><\/span><\/span><\/span><\/div>\n<div style=\"text-align: center;\"><span style=\"color: #f1c232;\"><span style=\"color: #f1c232;\"><span style=\"color: #f1c232;\"><span style=\"color: #f1c232;\"><span style=\"color: #f1c232;\"><em><span style=\"color: black;\">5 stars get it from me!<\/span><\/em><\/span><\/span><\/span><\/span><\/span><\/div>","protected":false},"excerpt":{"rendered":"<p>Jag bloggar n\u00e4stan bara om smink, men n\u00e4r det g\u00e4ller h\u00e5rprodukter \u00e4r jag n\u00e4stan lika besatt! Har testat hur mycket som helst, och anser sj\u00e4lv att jag borde b\u00f6rja tipsa mer om olika h\u00e5rprodukter ocks\u00e5. Och \u00e4ven ber\u00e4tta vilka produkter som \u00e4r mindre bra! F\u00f6r har jag en d\u00e5lig h\u00e5rdag s\u00e5 spelar det ingen roll [&hellip;]<\/p>\n","protected":false},"author":30,"featured_media":0,"comment_status":"open","ping_status":"open","sticky":false,"template":"","format":"standard","meta":{"footnotes":""},"categories":[2862,59],"tags":[],"class_list":["post-1418","post","type-post","status-publish","format-standard","hentry","category-har","category-recensioner-produkttips"],"yoast_head":"<!-- This site is optimized with the Yoast SEO Premium plugin v14.9 - https:\/\/yoast.com\/wordpress\/plugins\/seo\/ -->\n<meta name=\"description\" content=\"H&amp;M Volym Powder | Helena Amiley - H\u00e4r hittar du senaste infromation om sk\u00f6nhet, livsstil, entrepren\u00f6rskap, makeup &amp; tips.\" \/>\n<meta name=\"robots\" content=\"index, follow, max-snippet:-1, max-image-preview:large, max-video-preview:-1\" \/>\n<link rel=\"canonical\" href=\"https:\/\/www.imakeyousmile.se\/en\/hm-volym-powder\/\" \/>\n<meta property=\"og:locale\" content=\"en_US\" \/>\n<meta property=\"og:type\" content=\"article\" \/>\n<meta property=\"og:title\" content=\"H&amp;M Volym Powder | Imakeyousmile.se\" \/>\n<meta property=\"og:description\" content=\"H&amp;M Volym Powder | Helena Amiley - H\u00e4r hittar du senaste infromation om sk\u00f6nhet, livsstil, entrepren\u00f6rskap, makeup &amp; tips.\" \/>\n<meta property=\"og:url\" content=\"https:\/\/www.imakeyousmile.se\/en\/hm-volym-powder\/\" \/>\n<meta property=\"og:site_name\" content=\"Imakeyousmile.se\" \/>\n<meta property=\"article:author\" content=\"https:\/\/www.facebook.com\/imakeyousmile.se\" \/>\n<meta property=\"article:published_time\" content=\"2011-07-14T19:35:00+00:00\" \/>\n<meta property=\"article:modified_time\" content=\"2020-10-22T09:11:40+00:00\" \/>\n<meta property=\"og:image\" content=\"http:\/\/2.bp.blogspot.com\/-fGvuaV8wdTY\/Th9O_ch18GI\/AAAAAAAAEDU\/TRakMRpxVao\/s320\/dsc_0045_127609227_134485943.jpg\" \/>\n<meta name=\"twitter:card\" content=\"summary_large_image\" \/>\n<script type=\"application\/ld+json\" class=\"yoast-schema-graph\">{\"@context\":\"https:\/\/schema.org\",\"@graph\":[{\"@type\":\"Organization\",\"@id\":\"https:\/\/www.imakeyousmile.se\/en\/#organization\",\"name\":\"Imakeyousmile\",\"url\":\"https:\/\/www.imakeyousmile.se\/en\/\",\"sameAs\":[],\"logo\":{\"@type\":\"ImageObject\",\"@id\":\"https:\/\/www.imakeyousmile.se\/en\/#logo\",\"inLanguage\":\"en-US\",\"url\":\"https:\/\/www.imakeyousmile.se\/wp-content\/uploads\/2020\/10\/HELENA-AMILEY_SVART-1-e1603367975324.png\",\"width\":280,\"height\":93,\"caption\":\"Imakeyousmile\"},\"image\":{\"@id\":\"https:\/\/www.imakeyousmile.se\/en\/#logo\"}},{\"@type\":\"WebSite\",\"@id\":\"https:\/\/www.imakeyousmile.se\/en\/#website\",\"url\":\"https:\/\/www.imakeyousmile.se\/en\/\",\"name\":\"Imakeyousmile.se\",\"description\":\"Helena Amiley - Beauty, Entrepreneur, Lifestyle\",\"publisher\":{\"@id\":\"https:\/\/www.imakeyousmile.se\/en\/#organization\"},\"potentialAction\":[{\"@type\":\"SearchAction\",\"target\":\"https:\/\/www.imakeyousmile.se\/en\/?s={search_term_string}\",\"query-input\":\"required name=search_term_string\"}],\"inLanguage\":\"en-US\"},{\"@type\":\"ImageObject\",\"@id\":\"https:\/\/www.imakeyousmile.se\/hm-volym-powder\/#primaryimage\",\"inLanguage\":\"en-US\",\"url\":\"http:\/\/2.bp.blogspot.com\/-fGvuaV8wdTY\/Th9O_ch18GI\/AAAAAAAAEDU\/TRakMRpxVao\/s320\/dsc_0045_127609227_134485943.jpg\"},{\"@type\":\"WebPage\",\"@id\":\"https:\/\/www.imakeyousmile.se\/hm-volym-powder\/#webpage\",\"url\":\"https:\/\/www.imakeyousmile.se\/hm-volym-powder\/\",\"name\":\"H&M Volym Powder | Imakeyousmile.se\",\"isPartOf\":{\"@id\":\"https:\/\/www.imakeyousmile.se\/en\/#website\"},\"primaryImageOfPage\":{\"@id\":\"https:\/\/www.imakeyousmile.se\/hm-volym-powder\/#primaryimage\"},\"datePublished\":\"2011-07-14T19:35:00+00:00\",\"dateModified\":\"2020-10-22T09:11:40+00:00\",\"description\":\"H&M Volym Powder | Helena Amiley - H\\u00e4r hittar du senaste infromation om sk\\u00f6nhet, livsstil, entrepren\\u00f6rskap, makeup & tips.\",\"inLanguage\":\"en-US\",\"potentialAction\":[{\"@type\":\"ReadAction\",\"target\":[\"https:\/\/www.imakeyousmile.se\/hm-volym-powder\/\"]}]},{\"@type\":\"Article\",\"@id\":\"https:\/\/www.imakeyousmile.se\/hm-volym-powder\/#article\",\"isPartOf\":{\"@id\":\"https:\/\/www.imakeyousmile.se\/hm-volym-powder\/#webpage\"},\"author\":{\"@id\":\"https:\/\/www.imakeyousmile.se\/en\/#\/schema\/person\/b0fd43b1c6bb1c60cfd68bff9b4a10fb\"},\"headline\":\"H&#038;M Volym Powder\",\"datePublished\":\"2011-07-14T19:35:00+00:00\",\"dateModified\":\"2020-10-22T09:11:40+00:00\",\"mainEntityOfPage\":{\"@id\":\"https:\/\/www.imakeyousmile.se\/hm-volym-powder\/#webpage\"},\"commentCount\":0,\"publisher\":{\"@id\":\"https:\/\/www.imakeyousmile.se\/en\/#organization\"},\"image\":{\"@id\":\"https:\/\/www.imakeyousmile.se\/hm-volym-powder\/#primaryimage\"},\"articleSection\":\"H\\u00e5r,Recensioner &amp; Produkttips\",\"inLanguage\":\"en-US\",\"potentialAction\":[{\"@type\":\"CommentAction\",\"name\":\"Comment\",\"target\":[\"https:\/\/www.imakeyousmile.se\/hm-volym-powder\/#respond\"]}]},{\"@type\":\"Person\",\"@id\":\"https:\/\/www.imakeyousmile.se\/en\/#\/schema\/person\/b0fd43b1c6bb1c60cfd68bff9b4a10fb\",\"name\":\"Helena Amiley\",\"image\":{\"@type\":\"ImageObject\",\"@id\":\"https:\/\/www.imakeyousmile.se\/en\/#personlogo\",\"inLanguage\":\"en-US\",\"url\":\"https:\/\/secure.gravatar.com\/avatar\/5645558e1e355457a23368d7e1b4c904?s=96&d=mm&r=g\",\"caption\":\"Helena Amiley\"},\"description\":\"Jag skriver mest om sk\\u00f6nhet men bjuder \\u00e4ven p\\u00e5 glimtar fr\\u00e5n entrepren\\u00f6rlivet och bygget av v\\u00e5r egen camper van. Vanlife here we come!\",\"sameAs\":[\"https:\/\/www.facebook.com\/imakeyousmile.se\",\"https:\/\/www.instagram.com\/helenaamiley\",\"https:\/\/www.youtube.com\/channel\/UCR5iB6rvpV6Yr8ZjpQfr5mg?view_as=subscriber\"]}]}<\/script>\n<!-- \/ Yoast SEO Premium plugin. -->","_links":{"self":[{"href":"https:\/\/www.imakeyousmile.se\/en\/wp-json\/wp\/v2\/posts\/1418"}],"collection":[{"href":"https:\/\/www.imakeyousmile.se\/en\/wp-json\/wp\/v2\/posts"}],"about":[{"href":"https:\/\/www.imakeyousmile.se\/en\/wp-json\/wp\/v2\/types\/post"}],"author":[{"embeddable":true,"href":"https:\/\/www.imakeyousmile.se\/en\/wp-json\/wp\/v2\/users\/30"}],"replies":[{"embeddable":true,"href":"https:\/\/www.imakeyousmile.se\/en\/wp-json\/wp\/v2\/comments?post=1418"}],"version-history":[{"count":1,"href":"https:\/\/www.imakeyousmile.se\/en\/wp-json\/wp\/v2\/posts\/1418\/revisions"}],"predecessor-version":[{"id":37238,"href":"https:\/\/www.imakeyousmile.se\/en\/wp-json\/wp\/v2\/posts\/1418\/revisions\/37238"}],"wp:attachment":[{"href":"https:\/\/www.imakeyousmile.se\/en\/wp-json\/wp\/v2\/media?parent=1418"}],"wp:term":[{"taxonomy":"category","embeddable":true,"href":"https:\/\/www.imakeyousmile.se\/en\/wp-json\/wp\/v2\/categories?post=1418"},{"taxonomy":"post_tag","embeddable":true,"href":"https:\/\/www.imakeyousmile.se\/en\/wp-json\/wp\/v2\/tags?post=1418"}],"curies":[{"name":"wp","href":"https:\/\/api.w.org\/{rel}","templated":true}]}}