{"id":1455,"date":"2011-06-16T09:32:00","date_gmt":"2011-06-16T07:32:00","guid":{"rendered":"http:\/\/www.imakeyousmile.se\/fargglad-sommarsminkning\/"},"modified":"2012-12-02T18:35:55","modified_gmt":"2012-12-02T17:35:55","slug":"fargglad-sommarsminkning","status":"publish","type":"post","link":"https:\/\/www.imakeyousmile.se\/en\/colorful-summer-make-up\/","title":{"rendered":"Colorful summer make-up"},"content":{"rendered":"<div style=\"clear: both; text-align: left;\"><em>This is going to be such a gryyyym day!<\/em><\/div>\n<div style=\"clear: both; text-align: left;\"><\/div>\n<div style=\"clear: both; text-align: left;\">Have saved money for a trip to Germany for a long time, but at the last second it did not happen ..<\/div>\n<div style=\"clear: both; text-align: left;\"><\/div>\n<div style=\"clear: both; text-align: left;\">So today, sister Linda and I are going to shop for the money in Stockholm instead! :)<\/div>\n<div style=\"clear: both; text-align: left;\"><\/div>\n<div style=\"clear: both; text-align: left;\">And then tonight Nicolin and I, and maybe Linda, will go on <span style=\"font-size: x-large;\">makeup night<\/span> on <span style=\"font-size: x-large;\">Oriflame<\/span>! Will probably be crazy cool :)<\/div>\n<div style=\"clear: both; text-align: left;\"><\/div>\n<div style=\"clear: both; text-align: center;\"><a style=\"margin-left: 1em; margin-right: 1em;\" href=\"http:\/\/4.bp.blogspot.com\/-B0Pxb8pB7jw\/Tfm8Lw3jHkI\/AAAAAAAAD9c\/bPuMAqcBKUQ\/s1600\/DSC_0024.JPG\"><img loading=\"lazy\" decoding=\"async\" src=\"http:\/\/4.bp.blogspot.com\/-B0Pxb8pB7jw\/Tfm8Lw3jHkI\/AAAAAAAAD9c\/bPuMAqcBKUQ\/s320\/DSC_0024.JPG\" alt=\"\" width=\"320\" height=\"294\" border=\"0\" \/><\/a><\/div>\n<div style=\"clear: both; text-align: center;\"><em>All eye shadows are from <span style=\"text-decoration: underline;\">180 pallets<\/span>.<\/em><\/div>\n<div style=\"clear: both; text-align: center;\"><\/div>\n<div style=\"clear: both; text-align: center;\"><span style=\"color: #999999; font-size: large;\">White<\/span> eye shadow on the inside of the eyelid.<\/div>\n<div style=\"clear: both; text-align: center;\"><span style=\"color: #6fa8dc; font-size: large;\"><strong>Light blue <\/strong><\/span>eye shadow in the middle of the eyelid.<\/div>\n<div style=\"clear: both; text-align: center;\"><span style=\"color: #6aa84f; font-size: large;\"><strong>Green<\/strong><\/span> eye shadow at the end of the eyelid, and in the middle of the lower lash line.<\/div>\n<div style=\"clear: both; text-align: center;\"><span style=\"color: #45818e; font-size: large;\"><strong>Turquoise blue<\/strong><\/span> eye shadow at the end of the lower lash line and along the globe line.<\/div>\n<div style=\"clear: both; text-align: center;\"><span style=\"color: #f1c232; font-size: large;\"><strong>Yellow<\/strong><\/span> eye shadow over the globe line (<em>only extremely<\/em>)<\/div>\n<div style=\"clear: both; text-align: center;\"><strong><span style=\"font-size: large;\"><span style=\"color: #ffd966;\">Light yellow<\/span><span style=\"color: #93c47d;\">\/Green<\/span><\/span><\/strong> eye shadow in the corner of the eye and at the bottom of the lower lash line.<\/div>\n<div style=\"clear: both; text-align: center;\"><\/div>\n<div style=\"clear: both; text-align: center;\"><span style=\"color: #999999; font-size: large;\">White<\/span> eyeliner pencil at the bottom of the inner lash line, <em><span style=\"text-decoration: underline;\">H&amp;M.<\/span><\/em><\/div>\n<div style=\"clear: both; text-align: center;\"><span style=\"color: #45818e; font-size: large;\"><strong>Turquoise<\/strong><\/span> eyeliner at the end of the inner lash line, <span style=\"color: black;\"><em>Yves Rocher Waterproof Eye Pencil<\/em><\/span><\/div>\n<div style=\"clear: both; text-align: center;\"><strong><span style=\"font-size: large;\">Black<\/span><\/strong> eyeliner at the end of the upper and lower lash line, <em><span style=\"text-decoration: underline;\">H&amp;M<\/span>.<\/em><\/div>\n<div style=\"clear: both; text-align: center;\"><a style=\"margin-left: 1em; margin-right: 1em;\" href=\"http:\/\/4.bp.blogspot.com\/-AtyWsNKkWaE\/Tfm8Unlxs4I\/AAAAAAAAD9g\/AirtvA_AprI\/s1600\/DSC_0029.JPG\"><img loading=\"lazy\" decoding=\"async\" src=\"http:\/\/4.bp.blogspot.com\/-AtyWsNKkWaE\/Tfm8Unlxs4I\/AAAAAAAAD9g\/AirtvA_AprI\/s640\/DSC_0029.JPG\" alt=\"\" width=\"468\" height=\"640\" border=\"0\" \/><\/a><\/div>\n<div style=\"clear: both; text-align: center;\"><em>Lipstick, <span style=\"text-decoration: underline;\">66 lipstick palette<\/span>.<\/em><\/div>\n<div style=\"clear: both; text-align: center;\"><\/div>\n<div style=\"clear: both; text-align: left;\">Now I have to hurry so I can catch the bus.<\/div>\n<div style=\"clear: both; text-align: left;\"><\/div>\n<div style=\"clear: both; text-align: center;\"><span style=\"font-size: x-large;\">Have a nice Thursday everyone!<\/span><\/div>","protected":false},"excerpt":{"rendered":"<p>Det h\u00e4r ska bli en s\u00e5n gryyyym dag! Har l\u00e4nge\u00a0sparat pengar till en Tysklandsresa, men i sista sekunden s\u00e5 blev det inte av.. S\u00e5 idag ska jag och syster Linda shoppa loss\u00a0pengarna\u00a0i Stockholm ist\u00e4llet! :) Och sen ikv\u00e4ll s\u00e5 ska jag och Nicolin, och kanske Linda, g\u00e5 p\u00e5 makeupkv\u00e4ll p\u00e5 Oriflame! Kommer nog bli galet [&hellip;]<\/p>\n","protected":false},"author":30,"featured_media":0,"comment_status":"open","ping_status":"open","sticky":false,"template":"","format":"standard","meta":{"footnotes":""},"categories":[3],"tags":[],"class_list":["post-1455","post","type-post","status-publish","format-standard","hentry","category-allmant"],"yoast_head":"<!-- This site is optimized with the Yoast SEO Premium plugin v14.9 - https:\/\/yoast.com\/wordpress\/plugins\/seo\/ -->\n<meta name=\"description\" content=\"F\u00e4rgglad sommarsminkning | Helena Amiley - H\u00e4r hittar du senaste infromation om sk\u00f6nhet, livsstil, entrepren\u00f6rskap, makeup &amp; tips.\" \/>\n<meta name=\"robots\" content=\"index, follow, max-snippet:-1, max-image-preview:large, max-video-preview:-1\" \/>\n<link rel=\"canonical\" href=\"https:\/\/www.imakeyousmile.se\/en\/fargglad-sommarsminkning\/\" \/>\n<meta property=\"og:locale\" content=\"en_US\" \/>\n<meta property=\"og:type\" content=\"article\" \/>\n<meta property=\"og:title\" content=\"F\u00e4rgglad sommarsminkning | Imakeyousmile.se\" \/>\n<meta property=\"og:description\" content=\"F\u00e4rgglad sommarsminkning | Helena Amiley - H\u00e4r hittar du senaste infromation om sk\u00f6nhet, livsstil, entrepren\u00f6rskap, makeup &amp; tips.\" \/>\n<meta property=\"og:url\" content=\"https:\/\/www.imakeyousmile.se\/en\/fargglad-sommarsminkning\/\" \/>\n<meta property=\"og:site_name\" content=\"Imakeyousmile.se\" \/>\n<meta property=\"article:author\" content=\"https:\/\/www.facebook.com\/imakeyousmile.se\" \/>\n<meta property=\"article:published_time\" content=\"2011-06-16T07:32:00+00:00\" \/>\n<meta property=\"article:modified_time\" content=\"2012-12-02T17:35:55+00:00\" \/>\n<meta property=\"og:image\" content=\"http:\/\/4.bp.blogspot.com\/-B0Pxb8pB7jw\/Tfm8Lw3jHkI\/AAAAAAAAD9c\/bPuMAqcBKUQ\/s320\/DSC_0024.JPG\" \/>\n<meta name=\"twitter:card\" content=\"summary_large_image\" \/>\n<script type=\"application\/ld+json\" class=\"yoast-schema-graph\">{\"@context\":\"https:\/\/schema.org\",\"@graph\":[{\"@type\":\"Organization\",\"@id\":\"https:\/\/www.imakeyousmile.se\/en\/#organization\",\"name\":\"Imakeyousmile\",\"url\":\"https:\/\/www.imakeyousmile.se\/en\/\",\"sameAs\":[],\"logo\":{\"@type\":\"ImageObject\",\"@id\":\"https:\/\/www.imakeyousmile.se\/en\/#logo\",\"inLanguage\":\"en-US\",\"url\":\"https:\/\/www.imakeyousmile.se\/wp-content\/uploads\/2020\/10\/HELENA-AMILEY_SVART-1-e1603367975324.png\",\"width\":280,\"height\":93,\"caption\":\"Imakeyousmile\"},\"image\":{\"@id\":\"https:\/\/www.imakeyousmile.se\/en\/#logo\"}},{\"@type\":\"WebSite\",\"@id\":\"https:\/\/www.imakeyousmile.se\/en\/#website\",\"url\":\"https:\/\/www.imakeyousmile.se\/en\/\",\"name\":\"Imakeyousmile.se\",\"description\":\"Helena Amiley - Beauty, Entrepreneur, Lifestyle\",\"publisher\":{\"@id\":\"https:\/\/www.imakeyousmile.se\/en\/#organization\"},\"potentialAction\":[{\"@type\":\"SearchAction\",\"target\":\"https:\/\/www.imakeyousmile.se\/en\/?s={search_term_string}\",\"query-input\":\"required name=search_term_string\"}],\"inLanguage\":\"en-US\"},{\"@type\":\"ImageObject\",\"@id\":\"https:\/\/www.imakeyousmile.se\/fargglad-sommarsminkning\/#primaryimage\",\"inLanguage\":\"en-US\",\"url\":\"http:\/\/4.bp.blogspot.com\/-B0Pxb8pB7jw\/Tfm8Lw3jHkI\/AAAAAAAAD9c\/bPuMAqcBKUQ\/s320\/DSC_0024.JPG\"},{\"@type\":\"WebPage\",\"@id\":\"https:\/\/www.imakeyousmile.se\/fargglad-sommarsminkning\/#webpage\",\"url\":\"https:\/\/www.imakeyousmile.se\/fargglad-sommarsminkning\/\",\"name\":\"F\\u00e4rgglad sommarsminkning | Imakeyousmile.se\",\"isPartOf\":{\"@id\":\"https:\/\/www.imakeyousmile.se\/en\/#website\"},\"primaryImageOfPage\":{\"@id\":\"https:\/\/www.imakeyousmile.se\/fargglad-sommarsminkning\/#primaryimage\"},\"datePublished\":\"2011-06-16T07:32:00+00:00\",\"dateModified\":\"2012-12-02T17:35:55+00:00\",\"description\":\"F\\u00e4rgglad sommarsminkning | Helena Amiley - H\\u00e4r hittar du senaste infromation om sk\\u00f6nhet, livsstil, entrepren\\u00f6rskap, makeup & tips.\",\"inLanguage\":\"en-US\",\"potentialAction\":[{\"@type\":\"ReadAction\",\"target\":[\"https:\/\/www.imakeyousmile.se\/fargglad-sommarsminkning\/\"]}]},{\"@type\":\"Article\",\"@id\":\"https:\/\/www.imakeyousmile.se\/fargglad-sommarsminkning\/#article\",\"isPartOf\":{\"@id\":\"https:\/\/www.imakeyousmile.se\/fargglad-sommarsminkning\/#webpage\"},\"author\":{\"@id\":\"https:\/\/www.imakeyousmile.se\/en\/#\/schema\/person\/b0fd43b1c6bb1c60cfd68bff9b4a10fb\"},\"headline\":\"F\\u00e4rgglad sommarsminkning\",\"datePublished\":\"2011-06-16T07:32:00+00:00\",\"dateModified\":\"2012-12-02T17:35:55+00:00\",\"mainEntityOfPage\":{\"@id\":\"https:\/\/www.imakeyousmile.se\/fargglad-sommarsminkning\/#webpage\"},\"commentCount\":0,\"publisher\":{\"@id\":\"https:\/\/www.imakeyousmile.se\/en\/#organization\"},\"image\":{\"@id\":\"https:\/\/www.imakeyousmile.se\/fargglad-sommarsminkning\/#primaryimage\"},\"articleSection\":\"\\u00d6vrigt\",\"inLanguage\":\"en-US\",\"potentialAction\":[{\"@type\":\"CommentAction\",\"name\":\"Comment\",\"target\":[\"https:\/\/www.imakeyousmile.se\/fargglad-sommarsminkning\/#respond\"]}]},{\"@type\":\"Person\",\"@id\":\"https:\/\/www.imakeyousmile.se\/en\/#\/schema\/person\/b0fd43b1c6bb1c60cfd68bff9b4a10fb\",\"name\":\"Helena Amiley\",\"image\":{\"@type\":\"ImageObject\",\"@id\":\"https:\/\/www.imakeyousmile.se\/en\/#personlogo\",\"inLanguage\":\"en-US\",\"url\":\"https:\/\/secure.gravatar.com\/avatar\/5645558e1e355457a23368d7e1b4c904?s=96&d=mm&r=g\",\"caption\":\"Helena Amiley\"},\"description\":\"Jag skriver mest om sk\\u00f6nhet men bjuder \\u00e4ven p\\u00e5 glimtar fr\\u00e5n entrepren\\u00f6rlivet och bygget av v\\u00e5r egen camper van. Vanlife here we come!\",\"sameAs\":[\"https:\/\/www.facebook.com\/imakeyousmile.se\",\"https:\/\/www.instagram.com\/helenaamiley\",\"https:\/\/www.youtube.com\/channel\/UCR5iB6rvpV6Yr8ZjpQfr5mg?view_as=subscriber\"]}]}<\/script>\n<!-- \/ Yoast SEO Premium plugin. -->","_links":{"self":[{"href":"https:\/\/www.imakeyousmile.se\/en\/wp-json\/wp\/v2\/posts\/1455"}],"collection":[{"href":"https:\/\/www.imakeyousmile.se\/en\/wp-json\/wp\/v2\/posts"}],"about":[{"href":"https:\/\/www.imakeyousmile.se\/en\/wp-json\/wp\/v2\/types\/post"}],"author":[{"embeddable":true,"href":"https:\/\/www.imakeyousmile.se\/en\/wp-json\/wp\/v2\/users\/30"}],"replies":[{"embeddable":true,"href":"https:\/\/www.imakeyousmile.se\/en\/wp-json\/wp\/v2\/comments?post=1455"}],"version-history":[{"count":0,"href":"https:\/\/www.imakeyousmile.se\/en\/wp-json\/wp\/v2\/posts\/1455\/revisions"}],"wp:attachment":[{"href":"https:\/\/www.imakeyousmile.se\/en\/wp-json\/wp\/v2\/media?parent=1455"}],"wp:term":[{"taxonomy":"category","embeddable":true,"href":"https:\/\/www.imakeyousmile.se\/en\/wp-json\/wp\/v2\/categories?post=1455"},{"taxonomy":"post_tag","embeddable":true,"href":"https:\/\/www.imakeyousmile.se\/en\/wp-json\/wp\/v2\/tags?post=1455"}],"curies":[{"name":"wp","href":"https:\/\/api.w.org\/{rel}","templated":true}]}}