{"id":1465,"date":"2011-06-08T12:11:00","date_gmt":"2011-06-08T10:11:00","guid":{"rendered":"http:\/\/www.imakeyousmile.se\/lila-och-guldig-sminkning-2\/"},"modified":"2011-06-08T12:11:00","modified_gmt":"2011-06-08T10:11:00","slug":"lila-och-guldig-sminkning-2","status":"publish","type":"post","link":"https:\/\/www.imakeyousmile.se\/en\/purple-and-gold-makeup-2\/","title":{"rendered":"Purple and golden makeup"},"content":{"rendered":"<div style=\"clear: both; text-align: left;\">Never got pli on the camera, so had to put me in the daylight and snap cards without flash instead.<\/div>\n<div style=\"clear: both; text-align: center;\"><\/div>\n<div style=\"clear: both; text-align: center;\"><a href=\"http:\/\/1.bp.blogspot.com\/-9PclVdN0_sw\/Te9VwOikabI\/AAAAAAAAD8Y\/0uB1rWtANto\/s1600\/DSCN2499.JPG\" style=\"margin-left: 1em; margin-right: 1em;\"><img decoding=\"async\" border=\"0\" height=\"314px\" src=\"http:\/\/1.bp.blogspot.com\/-9PclVdN0_sw\/Te9VwOikabI\/AAAAAAAAD8Y\/0uB1rWtANto\/s320\/DSCN2499.JPG\" t8=\"true\" width=\"320px\" \/><\/a><\/div>\n<div style=\"clear: both; text-align: center;\"><em>All eyeshadows are from the 180 palette.<\/em><\/div>\n<div style=\"clear: both; text-align: center;\"><\/div>\n<div style=\"clear: both; text-align: center;\"><span style=\"color: purple; font-size: large;\"><strong>Purple<\/strong><\/span> eye shadow <u>innermost<\/u> and <u>ultimately<\/u> on the lower lash line and along the globe line.<\/div>\n<div style=\"clear: both; text-align: center;\"><span style=\"color: #c27ba0; font-size: large;\"><strong><span style=\"color: #a64d79;\">Brighter<\/span> <span style=\"color: #a64d79;\">lila<\/span><\/strong><\/span><span style=\"color: #a64d79;\"> <\/span>eye shadow at the end of the eyelid.<\/div>\n<div style=\"clear: both; text-align: center;\"><span style=\"color: #c27ba0; font-size: large;\"><strong>Light purple<\/strong><\/span> eye shadow in the middle of the eyelid.<\/div>\n<div style=\"clear: both; text-align: center;\"><span style=\"background-color: white; color: #999999; font-size: large;\">White<\/span> eye shadow in the inner part of the eyelid and in the corner of the eye.<\/div>\n<div style=\"clear: both; text-align: center;\"><span style=\"color: #e69138; font-size: large;\"><strong>Valid<\/strong><\/span> eye shadow in <u>middle<\/u> of the lower lash line and across the globe line.<\/div>\n<div style=\"clear: both; text-align: center;\"><\/div>\n<div style=\"clear: both; text-align: center;\"><strong><span style=\"font-size: large;\">Black eyeliner<\/span><\/strong> on the inner and upper lash line<em>, H&amp;M<\/em>.\u00a0<\/div>\n<div style=\"clear: both; text-align: center;\"><\/div>\n<p><\/p>\n<div style=\"clear: both; text-align: center;\"><a href=\"http:\/\/3.bp.blogspot.com\/-15QFOpZETLg\/Te9V_VNrJvI\/AAAAAAAAD8g\/6fgCuX1kBlA\/s1600\/DSCN2497.JPG\" style=\"margin-left: 1em; margin-right: 1em;\"><img decoding=\"async\" border=\"0\" height=\"640px\" src=\"http:\/\/3.bp.blogspot.com\/-15QFOpZETLg\/Te9V_VNrJvI\/AAAAAAAAD8g\/6fgCuX1kBlA\/s640\/DSCN2497.JPG\" t8=\"true\" width=\"484px\" \/><\/a><\/div>\n<div style=\"clear: both; text-align: center;\">Raspberry Red Lipstick, <em>66 lipstick palette.<\/em><\/div>\n<div style=\"clear: both; text-align: center;\"><\/div>\n<div style=\"clear: both; text-align: left;\">No, now I&#039;ll get started and be<span style=\"font-size: x-large;\"> diligent<\/span> the rest of the day!<\/div>\n<div style=\"clear: both; text-align: left;\"><\/div>\n<div style=\"clear: both; text-align: left;\">Should clean, start packing, wash clothes, wash makeup brushes, wash the makeup bag etc.<\/div>\n<div style=\"clear: both; text-align: left;\"><\/div>\n<div style=\"clear: both; text-align: left;\">Should donate with most things in other words. Because on Friday the room should be empty and then I start to enjoy mine <span style=\"font-size: x-large;\">last<\/span> summer vacation.<\/div>\n<p><\/p>\n<div style=\"text-align: center;\"><span style=\"font-size: x-large;\">Hard work, fun, sad and wonderful.<\/span><\/div>","protected":false},"excerpt":{"rendered":"<p>Fick\u00a0aldrig\u00a0pli p\u00e5 kameran, s\u00e5 fick st\u00e4lla mig i dagsljuset och kn\u00e4ppa kort utan blixt ist\u00e4llet. Alla \u00f6gonskuggor \u00e4r fr\u00e5n 180 paletten. Lila \u00f6gonskugga innerst och ytterst p\u00e5 undre fransraden och l\u00e4ngs globlinjen. Ljusare lila \u00f6gonskugga ytterst p\u00e5 \u00f6gonlocket. Ljuslila \u00f6gonskugg i mitten av \u00f6gonlocket. Vit \u00f6gonskugga innerst p\u00e5 \u00f6gonlocket och i \u00f6gonvr\u00e5n. Guldig \u00f6gonskugga i [&hellip;]<\/p>\n","protected":false},"author":30,"featured_media":0,"comment_status":"open","ping_status":"open","sticky":false,"template":"","format":"standard","meta":{"footnotes":""},"categories":[3],"tags":[],"class_list":["post-1465","post","type-post","status-publish","format-standard","hentry","category-allmant"],"yoast_head":"<!-- This site is optimized with the Yoast SEO Premium plugin v14.9 - https:\/\/yoast.com\/wordpress\/plugins\/seo\/ -->\n<meta name=\"description\" content=\"Lila och guldig sminkning | Helena Amiley - H\u00e4r hittar du senaste infromation om sk\u00f6nhet, livsstil, entrepren\u00f6rskap, makeup &amp; tips.\" \/>\n<meta name=\"robots\" content=\"index, follow, max-snippet:-1, max-image-preview:large, max-video-preview:-1\" \/>\n<link rel=\"canonical\" href=\"https:\/\/www.imakeyousmile.se\/en\/lila-och-guldig-sminkning-2\/\" \/>\n<meta property=\"og:locale\" content=\"en_US\" \/>\n<meta property=\"og:type\" content=\"article\" \/>\n<meta property=\"og:title\" content=\"Lila och guldig sminkning | Imakeyousmile.se\" \/>\n<meta property=\"og:description\" content=\"Lila och guldig sminkning | Helena Amiley - H\u00e4r hittar du senaste infromation om sk\u00f6nhet, livsstil, entrepren\u00f6rskap, makeup &amp; tips.\" \/>\n<meta property=\"og:url\" content=\"https:\/\/www.imakeyousmile.se\/en\/lila-och-guldig-sminkning-2\/\" \/>\n<meta property=\"og:site_name\" content=\"Imakeyousmile.se\" \/>\n<meta property=\"article:author\" content=\"https:\/\/www.facebook.com\/imakeyousmile.se\" \/>\n<meta property=\"article:published_time\" content=\"2011-06-08T10:11:00+00:00\" \/>\n<meta property=\"og:image\" content=\"http:\/\/1.bp.blogspot.com\/-9PclVdN0_sw\/Te9VwOikabI\/AAAAAAAAD8Y\/0uB1rWtANto\/s320\/DSCN2499.JPG\" \/>\n<meta name=\"twitter:card\" content=\"summary_large_image\" \/>\n<script type=\"application\/ld+json\" class=\"yoast-schema-graph\">{\"@context\":\"https:\/\/schema.org\",\"@graph\":[{\"@type\":\"Organization\",\"@id\":\"https:\/\/www.imakeyousmile.se\/en\/#organization\",\"name\":\"Imakeyousmile\",\"url\":\"https:\/\/www.imakeyousmile.se\/en\/\",\"sameAs\":[],\"logo\":{\"@type\":\"ImageObject\",\"@id\":\"https:\/\/www.imakeyousmile.se\/en\/#logo\",\"inLanguage\":\"en-US\",\"url\":\"https:\/\/www.imakeyousmile.se\/wp-content\/uploads\/2020\/10\/HELENA-AMILEY_SVART-1-e1603367975324.png\",\"width\":280,\"height\":93,\"caption\":\"Imakeyousmile\"},\"image\":{\"@id\":\"https:\/\/www.imakeyousmile.se\/en\/#logo\"}},{\"@type\":\"WebSite\",\"@id\":\"https:\/\/www.imakeyousmile.se\/en\/#website\",\"url\":\"https:\/\/www.imakeyousmile.se\/en\/\",\"name\":\"Imakeyousmile.se\",\"description\":\"Helena Amiley - Beauty, Entrepreneur, Lifestyle\",\"publisher\":{\"@id\":\"https:\/\/www.imakeyousmile.se\/en\/#organization\"},\"potentialAction\":[{\"@type\":\"SearchAction\",\"target\":\"https:\/\/www.imakeyousmile.se\/en\/?s={search_term_string}\",\"query-input\":\"required name=search_term_string\"}],\"inLanguage\":\"en-US\"},{\"@type\":\"ImageObject\",\"@id\":\"https:\/\/www.imakeyousmile.se\/lila-och-guldig-sminkning-2\/#primaryimage\",\"inLanguage\":\"en-US\",\"url\":\"http:\/\/1.bp.blogspot.com\/-9PclVdN0_sw\/Te9VwOikabI\/AAAAAAAAD8Y\/0uB1rWtANto\/s320\/DSCN2499.JPG\"},{\"@type\":\"WebPage\",\"@id\":\"https:\/\/www.imakeyousmile.se\/lila-och-guldig-sminkning-2\/#webpage\",\"url\":\"https:\/\/www.imakeyousmile.se\/lila-och-guldig-sminkning-2\/\",\"name\":\"Lila och guldig sminkning | Imakeyousmile.se\",\"isPartOf\":{\"@id\":\"https:\/\/www.imakeyousmile.se\/en\/#website\"},\"primaryImageOfPage\":{\"@id\":\"https:\/\/www.imakeyousmile.se\/lila-och-guldig-sminkning-2\/#primaryimage\"},\"datePublished\":\"2011-06-08T10:11:00+00:00\",\"dateModified\":\"2011-06-08T10:11:00+00:00\",\"description\":\"Lila och guldig sminkning | Helena Amiley - H\\u00e4r hittar du senaste infromation om sk\\u00f6nhet, livsstil, entrepren\\u00f6rskap, makeup & tips.\",\"inLanguage\":\"en-US\",\"potentialAction\":[{\"@type\":\"ReadAction\",\"target\":[\"https:\/\/www.imakeyousmile.se\/lila-och-guldig-sminkning-2\/\"]}]},{\"@type\":\"Article\",\"@id\":\"https:\/\/www.imakeyousmile.se\/lila-och-guldig-sminkning-2\/#article\",\"isPartOf\":{\"@id\":\"https:\/\/www.imakeyousmile.se\/lila-och-guldig-sminkning-2\/#webpage\"},\"author\":{\"@id\":\"https:\/\/www.imakeyousmile.se\/en\/#\/schema\/person\/b0fd43b1c6bb1c60cfd68bff9b4a10fb\"},\"headline\":\"Lila och guldig sminkning\",\"datePublished\":\"2011-06-08T10:11:00+00:00\",\"dateModified\":\"2011-06-08T10:11:00+00:00\",\"mainEntityOfPage\":{\"@id\":\"https:\/\/www.imakeyousmile.se\/lila-och-guldig-sminkning-2\/#webpage\"},\"commentCount\":0,\"publisher\":{\"@id\":\"https:\/\/www.imakeyousmile.se\/en\/#organization\"},\"image\":{\"@id\":\"https:\/\/www.imakeyousmile.se\/lila-och-guldig-sminkning-2\/#primaryimage\"},\"articleSection\":\"\\u00d6vrigt\",\"inLanguage\":\"en-US\",\"potentialAction\":[{\"@type\":\"CommentAction\",\"name\":\"Comment\",\"target\":[\"https:\/\/www.imakeyousmile.se\/lila-och-guldig-sminkning-2\/#respond\"]}]},{\"@type\":\"Person\",\"@id\":\"https:\/\/www.imakeyousmile.se\/en\/#\/schema\/person\/b0fd43b1c6bb1c60cfd68bff9b4a10fb\",\"name\":\"Helena Amiley\",\"image\":{\"@type\":\"ImageObject\",\"@id\":\"https:\/\/www.imakeyousmile.se\/en\/#personlogo\",\"inLanguage\":\"en-US\",\"url\":\"https:\/\/secure.gravatar.com\/avatar\/5645558e1e355457a23368d7e1b4c904?s=96&d=mm&r=g\",\"caption\":\"Helena Amiley\"},\"description\":\"Jag skriver mest om sk\\u00f6nhet men bjuder \\u00e4ven p\\u00e5 glimtar fr\\u00e5n entrepren\\u00f6rlivet och bygget av v\\u00e5r egen camper van. Vanlife here we come!\",\"sameAs\":[\"https:\/\/www.facebook.com\/imakeyousmile.se\",\"https:\/\/www.instagram.com\/helenaamiley\",\"https:\/\/www.youtube.com\/channel\/UCR5iB6rvpV6Yr8ZjpQfr5mg?view_as=subscriber\"]}]}<\/script>\n<!-- \/ Yoast SEO Premium plugin. -->","_links":{"self":[{"href":"https:\/\/www.imakeyousmile.se\/en\/wp-json\/wp\/v2\/posts\/1465"}],"collection":[{"href":"https:\/\/www.imakeyousmile.se\/en\/wp-json\/wp\/v2\/posts"}],"about":[{"href":"https:\/\/www.imakeyousmile.se\/en\/wp-json\/wp\/v2\/types\/post"}],"author":[{"embeddable":true,"href":"https:\/\/www.imakeyousmile.se\/en\/wp-json\/wp\/v2\/users\/30"}],"replies":[{"embeddable":true,"href":"https:\/\/www.imakeyousmile.se\/en\/wp-json\/wp\/v2\/comments?post=1465"}],"version-history":[{"count":0,"href":"https:\/\/www.imakeyousmile.se\/en\/wp-json\/wp\/v2\/posts\/1465\/revisions"}],"wp:attachment":[{"href":"https:\/\/www.imakeyousmile.se\/en\/wp-json\/wp\/v2\/media?parent=1465"}],"wp:term":[{"taxonomy":"category","embeddable":true,"href":"https:\/\/www.imakeyousmile.se\/en\/wp-json\/wp\/v2\/categories?post=1465"},{"taxonomy":"post_tag","embeddable":true,"href":"https:\/\/www.imakeyousmile.se\/en\/wp-json\/wp\/v2\/tags?post=1465"}],"curies":[{"name":"wp","href":"https:\/\/api.w.org\/{rel}","templated":true}]}}