{"id":14679,"date":"2014-07-03T08:31:29","date_gmt":"2014-07-03T06:31:29","guid":{"rendered":"http:\/\/www.imakeyousmile.se\/?p=14679"},"modified":"2014-08-16T13:16:22","modified_gmt":"2014-08-16T11:16:22","slug":"dagens-look","status":"publish","type":"post","link":"https:\/\/www.imakeyousmile.se\/en\/todays-look\/","title":{"rendered":"Today&#039;s look"},"content":{"rendered":"<p>It&#039;s weird weather this week, warming sun mixed with rain and hail, and it can turn around in just a few minutes!<\/p>\n<p>My tip? Wear a dress that fits with a warm jacket, then you will look great in 2 seconds if you take off your jacket, and can quickly get dressed and still be warm and stylish when the sun goes down in the clouds again :)<\/p>\n<p>Photo: <a href=\"http:\/\/www.linngullberg.com\/\" target=\"_blank\">Linn Gullberg<\/a><\/p>\n<p><a href=\"http:\/\/www.imakeyousmile.se\/wp-content\/uploads\/2014\/07\/Helena_7653-as-Smart-Object-1.jpg\"><img loading=\"lazy\" decoding=\"async\" src=\"http:\/\/www.imakeyousmile.se\/wp-content\/uploads\/2014\/07\/Helena_7653-as-Smart-Object-1-682x1024.jpg\" alt=\"Helena_7653-as-Smart-Object-1\" width=\"682\" height=\"1024\" \/><\/a><\/p>\n<p>Blue<a href=\"http:\/\/creativemakeup.se\/produkt\/bla-klanning\/\" target=\"_blank\"> dress<\/a> from creativemakeup.se<br \/>\n<a href=\"http:\/\/creativemakeup.se\/produkt\/skor-beige\/\" target=\"_blank\">Shoes<\/a> with transparent heel from creativemakeup.se<br \/>\nBlack quilted<a href=\"http:\/\/creativemakeup.se\/produkt\/handvaska-svart-quiltat-m-tassel\/\" target=\"_blank\"> handbag<\/a> from creativemakeup.se<\/p>\n<p>The hair is so nice as long as I sleep with a braid and let it out in the morning! Love my extensions from <a href=\"http:\/\/www.hairtalk.se\/\" target=\"_blank\">Hair Talk<\/a> :)<\/p>\n<p><a href=\"http:\/\/www.imakeyousmile.se\/wp-content\/uploads\/2014\/07\/Helena_7620-as-Smart-Object-1-copy.jpg\"><img loading=\"lazy\" decoding=\"async\" class=\"alignnone size-large wp-image-14680\" src=\"http:\/\/www.imakeyousmile.se\/wp-content\/uploads\/2014\/07\/Helena_7620-as-Smart-Object-1-copy-682x1024.jpg\" alt=\"Helena_7620-as-Smart-Object-1-copy\" width=\"682\" height=\"1024\" srcset=\"https:\/\/www.imakeyousmile.se\/wp-content\/uploads\/2014\/07\/Helena_7620-as-Smart-Object-1-copy-682x1024.jpg 682w, https:\/\/www.imakeyousmile.se\/wp-content\/uploads\/2014\/07\/Helena_7620-as-Smart-Object-1-copy-200x300.jpg 200w, https:\/\/www.imakeyousmile.se\/wp-content\/uploads\/2014\/07\/Helena_7620-as-Smart-Object-1-copy.jpg 876w\" sizes=\"(max-width: 682px) 100vw, 682px\" \/><\/a><\/p>\n<p>Matched with a bright blue eyeshadow smoky around the eyes. My yellow nails and coral lipsticks are then highlighted by the blue!<\/p>\n<p>The golden one\u00a0<a href=\"http:\/\/creativemakeup.se\/produkt\/dubbelring-love\/\" target=\"_blank\">The love ring<\/a> is also available for purchase at creativemakeup.se.<\/p>\n<p><a href=\"http:\/\/www.imakeyousmile.se\/wp-content\/uploads\/2014\/07\/Helena_7647-as-Smart-Object-1.jpg\"><img loading=\"lazy\" decoding=\"async\" src=\"http:\/\/www.imakeyousmile.se\/wp-content\/uploads\/2014\/07\/Helena_7647-as-Smart-Object-1-682x1024.jpg\" alt=\"Helena_7647-as-Smart-Object-1\" width=\"682\" height=\"1024\" \/><\/a><\/p>\n<p>Eyeshadow smoky around the eyes, <a href=\"https:\/\/ion.lyko.com\/t\/t?a=1117786221&#038;as=1548102449&#038;t=2&#038;tk=1&#038;epi=search-replace-palette&#038;url=https:\/\/lyko.com\/sv\/smink\/paletter\" target=\"_blank\">byher 40 Palette<\/a>.<br \/>\nBlack mascara on all lashes, <a href=\"http:\/\/creativemakeup.se\/produkt\/adore-3d-lash-mascara\/\" target=\"_blank\">Paese Adore 3D Lash Mascara<\/a>.<br \/>\nLipstick, <a href=\"http:\/\/creativemakeup.se\/produkt\/paese-lappstift\/\" target=\"_blank\">Paese Lipstick with Argan Oil<\/a> in shade 10.<\/p>\n<p><a href=\"http:\/\/www.imakeyousmile.se\/wp-content\/uploads\/2014\/07\/Helena_7623-as-Smart-Object-1.jpg\"><img loading=\"lazy\" decoding=\"async\" class=\"alignnone size-large wp-image-14681\" src=\"http:\/\/www.imakeyousmile.se\/wp-content\/uploads\/2014\/07\/Helena_7623-as-Smart-Object-1-682x1024.jpg\" alt=\"Helena_7623-as-Smart-Object-1\" width=\"682\" height=\"1024\" srcset=\"https:\/\/www.imakeyousmile.se\/wp-content\/uploads\/2014\/07\/Helena_7623-as-Smart-Object-1-682x1024.jpg 682w, https:\/\/www.imakeyousmile.se\/wp-content\/uploads\/2014\/07\/Helena_7623-as-Smart-Object-1-199x300.jpg 199w, https:\/\/www.imakeyousmile.se\/wp-content\/uploads\/2014\/07\/Helena_7623-as-Smart-Object-1.jpg 819w\" sizes=\"(max-width: 682px) 100vw, 682px\" \/><\/a><\/p>\n<p><a href=\"http:\/\/www.imakeyousmile.se\/wp-content\/uploads\/2014\/07\/Helena_7594-as-Smart-Object-1-kopia.jpg\"><img loading=\"lazy\" decoding=\"async\" src=\"http:\/\/www.imakeyousmile.se\/wp-content\/uploads\/2014\/07\/Helena_7594-as-Smart-Object-1-kopia-682x1024.jpg\" alt=\"Helena_7594-as-Smart-Object-1 - copy\" width=\"682\" height=\"1024\" \/><\/a><\/p>\n<p>Nice huh? :)<\/p>\n<p>I have received help from Linn Gullberg with the photography, check out her <a href=\"https:\/\/www.facebook.com\/LinnGullbergPhotography\" target=\"_blank\">Facebook page<\/a> for super nice photos! She is also interested in photographing weddings if someone needs a wedding photographer at the last second, she works in both Stockholm and Copenhagen.<\/p>\n<p><strong>Hope you were inspired!<\/strong><\/p>","protected":false},"excerpt":{"rendered":"<p>Konstigt v\u00e4der \u00e4r det denna vecka, v\u00e4rmande sol blandat med regn och hagel, och det kan v\u00e4nda p\u00e5 bara n\u00e5gon minut! Mitt tips? Ha p\u00e5 dig en kl\u00e4nning som passar med en varm jacka, d\u00e5 blir du sommarfin p\u00e5 2 sekunder om du tar av dig jackan, och kan snabbt kl\u00e4 p\u00e5 dig och fortfarande [&hellip;]<\/p>\n","protected":false},"author":30,"featured_media":0,"comment_status":"open","ping_status":"closed","sticky":false,"template":"","format":"standard","meta":{"footnotes":""},"categories":[3],"tags":[],"class_list":["post-14679","post","type-post","status-publish","format-standard","hentry","category-allmant"],"yoast_head":"<!-- This site is optimized with the Yoast SEO Premium plugin v14.9 - https:\/\/yoast.com\/wordpress\/plugins\/seo\/ -->\n<meta name=\"description\" content=\"Dagens look | Helena Amiley - H\u00e4r hittar du senaste infromation om sk\u00f6nhet, livsstil, entrepren\u00f6rskap, makeup &amp; tips.\" \/>\n<meta name=\"robots\" content=\"index, follow, max-snippet:-1, max-image-preview:large, max-video-preview:-1\" \/>\n<link rel=\"canonical\" href=\"https:\/\/www.imakeyousmile.se\/en\/dagens-look\/\" \/>\n<meta property=\"og:locale\" content=\"en_US\" \/>\n<meta property=\"og:type\" content=\"article\" \/>\n<meta property=\"og:title\" content=\"Dagens look | Imakeyousmile.se\" \/>\n<meta property=\"og:description\" content=\"Dagens look | Helena Amiley - H\u00e4r hittar du senaste infromation om sk\u00f6nhet, livsstil, entrepren\u00f6rskap, makeup &amp; tips.\" \/>\n<meta property=\"og:url\" content=\"https:\/\/www.imakeyousmile.se\/en\/dagens-look\/\" \/>\n<meta property=\"og:site_name\" content=\"Imakeyousmile.se\" \/>\n<meta property=\"article:author\" content=\"https:\/\/www.facebook.com\/imakeyousmile.se\" \/>\n<meta property=\"article:published_time\" content=\"2014-07-03T06:31:29+00:00\" \/>\n<meta property=\"article:modified_time\" content=\"2014-08-16T11:16:22+00:00\" \/>\n<meta property=\"og:image\" content=\"http:\/\/www.imakeyousmile.se\/wp-content\/uploads\/2014\/07\/Helena_7653-as-Smart-Object-1-682x1024.jpg\" \/>\n<meta name=\"twitter:card\" content=\"summary_large_image\" \/>\n<script type=\"application\/ld+json\" class=\"yoast-schema-graph\">{\"@context\":\"https:\/\/schema.org\",\"@graph\":[{\"@type\":\"Organization\",\"@id\":\"https:\/\/www.imakeyousmile.se\/en\/#organization\",\"name\":\"Imakeyousmile\",\"url\":\"https:\/\/www.imakeyousmile.se\/en\/\",\"sameAs\":[],\"logo\":{\"@type\":\"ImageObject\",\"@id\":\"https:\/\/www.imakeyousmile.se\/en\/#logo\",\"inLanguage\":\"en-US\",\"url\":\"https:\/\/www.imakeyousmile.se\/wp-content\/uploads\/2020\/10\/HELENA-AMILEY_SVART-1-e1603367975324.png\",\"width\":280,\"height\":93,\"caption\":\"Imakeyousmile\"},\"image\":{\"@id\":\"https:\/\/www.imakeyousmile.se\/en\/#logo\"}},{\"@type\":\"WebSite\",\"@id\":\"https:\/\/www.imakeyousmile.se\/en\/#website\",\"url\":\"https:\/\/www.imakeyousmile.se\/en\/\",\"name\":\"Imakeyousmile.se\",\"description\":\"Helena Amiley - Beauty, Entrepreneur, Lifestyle\",\"publisher\":{\"@id\":\"https:\/\/www.imakeyousmile.se\/en\/#organization\"},\"potentialAction\":[{\"@type\":\"SearchAction\",\"target\":\"https:\/\/www.imakeyousmile.se\/en\/?s={search_term_string}\",\"query-input\":\"required name=search_term_string\"}],\"inLanguage\":\"en-US\"},{\"@type\":\"ImageObject\",\"@id\":\"https:\/\/www.imakeyousmile.se\/dagens-look\/#primaryimage\",\"inLanguage\":\"en-US\",\"url\":\"http:\/\/www.imakeyousmile.se\/wp-content\/uploads\/2014\/07\/Helena_7653-as-Smart-Object-1-682x1024.jpg\"},{\"@type\":\"WebPage\",\"@id\":\"https:\/\/www.imakeyousmile.se\/dagens-look\/#webpage\",\"url\":\"https:\/\/www.imakeyousmile.se\/dagens-look\/\",\"name\":\"Dagens look | Imakeyousmile.se\",\"isPartOf\":{\"@id\":\"https:\/\/www.imakeyousmile.se\/en\/#website\"},\"primaryImageOfPage\":{\"@id\":\"https:\/\/www.imakeyousmile.se\/dagens-look\/#primaryimage\"},\"datePublished\":\"2014-07-03T06:31:29+00:00\",\"dateModified\":\"2014-08-16T11:16:22+00:00\",\"description\":\"Dagens look | Helena Amiley - H\\u00e4r hittar du senaste infromation om sk\\u00f6nhet, livsstil, entrepren\\u00f6rskap, makeup & tips.\",\"inLanguage\":\"en-US\",\"potentialAction\":[{\"@type\":\"ReadAction\",\"target\":[\"https:\/\/www.imakeyousmile.se\/dagens-look\/\"]}]},{\"@type\":\"Article\",\"@id\":\"https:\/\/www.imakeyousmile.se\/dagens-look\/#article\",\"isPartOf\":{\"@id\":\"https:\/\/www.imakeyousmile.se\/dagens-look\/#webpage\"},\"author\":{\"@id\":\"https:\/\/www.imakeyousmile.se\/en\/#\/schema\/person\/b0fd43b1c6bb1c60cfd68bff9b4a10fb\"},\"headline\":\"Dagens look\",\"datePublished\":\"2014-07-03T06:31:29+00:00\",\"dateModified\":\"2014-08-16T11:16:22+00:00\",\"mainEntityOfPage\":{\"@id\":\"https:\/\/www.imakeyousmile.se\/dagens-look\/#webpage\"},\"commentCount\":2,\"publisher\":{\"@id\":\"https:\/\/www.imakeyousmile.se\/en\/#organization\"},\"image\":{\"@id\":\"https:\/\/www.imakeyousmile.se\/dagens-look\/#primaryimage\"},\"articleSection\":\"\\u00d6vrigt\",\"inLanguage\":\"en-US\",\"potentialAction\":[{\"@type\":\"CommentAction\",\"name\":\"Comment\",\"target\":[\"https:\/\/www.imakeyousmile.se\/dagens-look\/#respond\"]}]},{\"@type\":\"Person\",\"@id\":\"https:\/\/www.imakeyousmile.se\/en\/#\/schema\/person\/b0fd43b1c6bb1c60cfd68bff9b4a10fb\",\"name\":\"Helena Amiley\",\"image\":{\"@type\":\"ImageObject\",\"@id\":\"https:\/\/www.imakeyousmile.se\/en\/#personlogo\",\"inLanguage\":\"en-US\",\"url\":\"https:\/\/secure.gravatar.com\/avatar\/5645558e1e355457a23368d7e1b4c904?s=96&d=mm&r=g\",\"caption\":\"Helena Amiley\"},\"description\":\"Jag skriver mest om sk\\u00f6nhet men bjuder \\u00e4ven p\\u00e5 glimtar fr\\u00e5n entrepren\\u00f6rlivet och bygget av v\\u00e5r egen camper van. Vanlife here we come!\",\"sameAs\":[\"https:\/\/www.facebook.com\/imakeyousmile.se\",\"https:\/\/www.instagram.com\/helenaamiley\",\"https:\/\/www.youtube.com\/channel\/UCR5iB6rvpV6Yr8ZjpQfr5mg?view_as=subscriber\"]}]}<\/script>\n<!-- \/ Yoast SEO Premium plugin. -->","_links":{"self":[{"href":"https:\/\/www.imakeyousmile.se\/en\/wp-json\/wp\/v2\/posts\/14679"}],"collection":[{"href":"https:\/\/www.imakeyousmile.se\/en\/wp-json\/wp\/v2\/posts"}],"about":[{"href":"https:\/\/www.imakeyousmile.se\/en\/wp-json\/wp\/v2\/types\/post"}],"author":[{"embeddable":true,"href":"https:\/\/www.imakeyousmile.se\/en\/wp-json\/wp\/v2\/users\/30"}],"replies":[{"embeddable":true,"href":"https:\/\/www.imakeyousmile.se\/en\/wp-json\/wp\/v2\/comments?post=14679"}],"version-history":[{"count":0,"href":"https:\/\/www.imakeyousmile.se\/en\/wp-json\/wp\/v2\/posts\/14679\/revisions"}],"wp:attachment":[{"href":"https:\/\/www.imakeyousmile.se\/en\/wp-json\/wp\/v2\/media?parent=14679"}],"wp:term":[{"taxonomy":"category","embeddable":true,"href":"https:\/\/www.imakeyousmile.se\/en\/wp-json\/wp\/v2\/categories?post=14679"},{"taxonomy":"post_tag","embeddable":true,"href":"https:\/\/www.imakeyousmile.se\/en\/wp-json\/wp\/v2\/tags?post=14679"}],"curies":[{"name":"wp","href":"https:\/\/api.w.org\/{rel}","templated":true}]}}