{"id":1468,"date":"2011-06-07T21:37:00","date_gmt":"2011-06-07T19:37:00","guid":{"rendered":"http:\/\/www.imakeyousmile.se\/sommarsminkning-4\/"},"modified":"2014-08-16T09:24:32","modified_gmt":"2014-08-16T07:24:32","slug":"sommarsminkning-4","status":"publish","type":"post","link":"https:\/\/www.imakeyousmile.se\/en\/summer-make-up-4\/","title":{"rendered":"Summer make-up"},"content":{"rendered":"<div style=\"clear: both; text-align: left;\">I really do not want to call any make-up at all summer make-up. Because in the summer you should be like I have been all day, <span style=\"font-size: x-large;\">unvarnished<\/span>!<\/div>\n<div style=\"clear: both; text-align: left;\"><\/div>\n<div style=\"clear: both; text-align: left;\">So heavenly nice, and so you get so nice <span style=\"font-size: x-large;\">natural blush<\/span> when you get some sun on your face :)<\/div>\n<div style=\"clear: both; text-align: left;\"><\/div>\n<div style=\"clear: both; text-align: left;\">But this evening I got such a craving for make-up that I had to put on make-up anyway, even though I will be sleeping soon!<\/div>\n<div style=\"clear: both; text-align: left;\"><\/div>\n<div style=\"clear: both; text-align: left;\">And then there was this &quot;summery&quot; make-up:<\/div>\n<div style=\"clear: both; text-align: center;\"><\/div>\n<div style=\"clear: both; text-align: center;\"><a style=\"margin-left: 1em; margin-right: 1em;\" href=\"http:\/\/2.bp.blogspot.com\/-KEN-qgWnvsg\/Te6F91nT5ZI\/AAAAAAAAD8E\/OZRrRjkmm4g\/s1600\/DSC_0586.JPG\"><img decoding=\"async\" src=\"http:\/\/2.bp.blogspot.com\/-KEN-qgWnvsg\/Te6F91nT5ZI\/AAAAAAAAD8E\/OZRrRjkmm4g\/s320\/DSC_0586.JPG\" alt=\"\" width=\"309px\" height=\"320px\" border=\"0\" \/><\/a><\/div>\n<div style=\"clear: both; text-align: center;\">The picture almost looks <em>for\u00a0<\/em>photoshoped out. I often reinforce the colors so that they look more like in reality. But I have actually done no more than that<span style=\"font-size: x-large;\"> lit up<\/span> this picture, haha!<\/div>\n<div style=\"clear: both; text-align: center;\"><\/div>\n<div style=\"clear: both; text-align: center;\">Anyway :) This makeup is just done with <span style=\"font-size: large;\">The H&amp;M palette<\/span>.<\/div>\n<div style=\"clear: both; text-align: center;\"><\/div>\n<div style=\"clear: both; text-align: center;\"><span style=\"color: #999999; font-size: large;\">White<\/span> eye shadow in the inner part of the eyelid and in the corner of the eye.<\/div>\n<div style=\"clear: both; text-align: center;\"><span style=\"color: #e69138; font-size: large;\"><strong>Golden brown<\/strong><\/span> eye shadow at the bottom of the rest of the eyelid.<\/div>\n<div style=\"clear: both; text-align: center;\"><span style=\"color: #783f04; font-size: large;\"><strong>Brown<\/strong><\/span> eye shadow at the end of the eyelid and along the globe line.<\/div>\n<div style=\"clear: both; text-align: center;\"><span style=\"color: #93c47d; font-size: large;\"><strong>Gr\u00f6nturkos<\/strong><\/span> eye shadow <span style=\"text-decoration: underline;\">innermost<\/span> on the lower lash line.<\/div>\n<div style=\"clear: both; text-align: center;\"><span style=\"color: #6fa8dc; font-size: large;\"><strong>Light blue<\/strong><\/span> eye shadow on <span style=\"text-decoration: underline;\">middle<\/span> of the lower lash line.<\/div>\n<div style=\"clear: both; text-align: center;\"><span style=\"color: #0b5394; font-size: large;\"><strong>Blue<\/strong><\/span> eye shadow <span style=\"text-decoration: underline;\">ultimately<\/span> on the lower lash line.<\/div>\n<div style=\"clear: both; text-align: center;\"><\/div>\n<div style=\"clear: both; text-align: center;\">The make-up can type <span style=\"font-size: x-large;\">cut<\/span> a little, and look like the eyelid and lower lash line do not really fit together. That it will be like 2 different make-ups.<\/div>\n<div style=\"clear: both; text-align: center;\"><\/div>\n<div style=\"clear: both; text-align: center;\">But it <span style=\"font-size: x-large;\">fixed easily<\/span> by first blurring the white in the corner of the eye towards the inner lash line, where you put one <span style=\"color: #999999; font-size: x-large;\">vit kajalpenna<\/span>.<\/div>\n<div style=\"clear: both; text-align: center;\"><\/div>\n<div style=\"clear: both; text-align: center;\">And then add <strong><span style=\"font-size: x-large;\">black eyeliner<\/span><\/strong> at the top of the upper lash line, and down at half the lower lash line. Then you &quot;tie&quot; the make-up together there too!<\/div>\n<div style=\"clear: both; text-align: center;\"><\/div>\n<div style=\"clear: both; text-align: center;\"><a style=\"margin-left: 1em; margin-right: 1em;\" href=\"http:\/\/2.bp.blogspot.com\/-H8fKed233D0\/Te6GANRrDKI\/AAAAAAAAD8I\/nVL0zKozwLc\/s1600\/DSC_0595.JPG\"><img decoding=\"async\" src=\"http:\/\/2.bp.blogspot.com\/-H8fKed233D0\/Te6GANRrDKI\/AAAAAAAAD8I\/nVL0zKozwLc\/s640\/DSC_0595.JPG\" alt=\"\" width=\"458px\" height=\"640px\" border=\"0\" \/><\/a><\/div>\n<p>Oh, what time it was a lot\u2026 I who had intended to go out and <span style=\"font-size: x-large;\">run <\/span>the track! Although maybe it&#039;s healthier to go to bed on time? Lol.<\/p>\n<p>By the way, I snapped pictures of myself in just a bikini after the Christmas holidays, and thought it would be fun to have <span style=\"font-size: x-large;\">before-and-after pictures<\/span> for summer.<\/p>\n<p>Snaped new pictures today and compared, and it actually is <span style=\"font-size: x-large;\">difference<\/span>!! Then you got a little happy :)<\/p>\n<p>So I can basically say that I am happy with my &quot;beach body&quot; now like this when the summer has started. Its nice!<\/p>\n<div style=\"text-align: center;\"><span style=\"font-size: x-large;\">Now I&#039;m definitely going to row a boat.<\/span><\/div>\n<div style=\"text-align: center;\"><span style=\"font-size: x-large;\">What an adventure! <\/span><span style=\"font-size: large;\">:)<\/span><\/div>","protected":false},"excerpt":{"rendered":"<p>Egentligen vill jag inte kalla n\u00e5gon sminkning alls f\u00f6r sommarsminkning. F\u00f6r p\u00e5 sommaren ska man vara som jag har varit hela dagen, osminkad! S\u00e5 himla sk\u00f6nt, och s\u00e5 man f\u00e5r ju s\u00e5 fin naturlig rouge n\u00e4r man f\u00e5r lite sol i ansiktet :) Men nu p\u00e5 kv\u00e4llen fick jag s\u00e5nt sminksug att jag var tvungen [&hellip;]<\/p>\n","protected":false},"author":30,"featured_media":0,"comment_status":"open","ping_status":"open","sticky":false,"template":"","format":"standard","meta":{"footnotes":""},"categories":[3],"tags":[],"class_list":["post-1468","post","type-post","status-publish","format-standard","hentry","category-allmant"],"yoast_head":"<!-- This site is optimized with the Yoast SEO Premium plugin v14.9 - https:\/\/yoast.com\/wordpress\/plugins\/seo\/ -->\n<meta name=\"description\" content=\"Sommarsminkning | Helena Amiley - H\u00e4r hittar du senaste infromation om sk\u00f6nhet, livsstil, entrepren\u00f6rskap, makeup &amp; tips.\" \/>\n<meta name=\"robots\" content=\"index, follow, max-snippet:-1, max-image-preview:large, max-video-preview:-1\" \/>\n<link rel=\"canonical\" href=\"https:\/\/www.imakeyousmile.se\/en\/sommarsminkning-4\/\" \/>\n<meta property=\"og:locale\" content=\"en_US\" \/>\n<meta property=\"og:type\" content=\"article\" \/>\n<meta property=\"og:title\" content=\"Sommarsminkning | Imakeyousmile.se\" \/>\n<meta property=\"og:description\" content=\"Sommarsminkning | Helena Amiley - H\u00e4r hittar du senaste infromation om sk\u00f6nhet, livsstil, entrepren\u00f6rskap, makeup &amp; tips.\" \/>\n<meta property=\"og:url\" content=\"https:\/\/www.imakeyousmile.se\/en\/sommarsminkning-4\/\" \/>\n<meta property=\"og:site_name\" content=\"Imakeyousmile.se\" \/>\n<meta property=\"article:author\" content=\"https:\/\/www.facebook.com\/imakeyousmile.se\" \/>\n<meta property=\"article:published_time\" content=\"2011-06-07T19:37:00+00:00\" \/>\n<meta property=\"article:modified_time\" content=\"2014-08-16T07:24:32+00:00\" \/>\n<meta property=\"og:image\" content=\"http:\/\/2.bp.blogspot.com\/-KEN-qgWnvsg\/Te6F91nT5ZI\/AAAAAAAAD8E\/OZRrRjkmm4g\/s320\/DSC_0586.JPG\" \/>\n<meta name=\"twitter:card\" content=\"summary_large_image\" \/>\n<script type=\"application\/ld+json\" class=\"yoast-schema-graph\">{\"@context\":\"https:\/\/schema.org\",\"@graph\":[{\"@type\":\"Organization\",\"@id\":\"https:\/\/www.imakeyousmile.se\/en\/#organization\",\"name\":\"Imakeyousmile\",\"url\":\"https:\/\/www.imakeyousmile.se\/en\/\",\"sameAs\":[],\"logo\":{\"@type\":\"ImageObject\",\"@id\":\"https:\/\/www.imakeyousmile.se\/en\/#logo\",\"inLanguage\":\"en-US\",\"url\":\"https:\/\/www.imakeyousmile.se\/wp-content\/uploads\/2020\/10\/HELENA-AMILEY_SVART-1-e1603367975324.png\",\"width\":280,\"height\":93,\"caption\":\"Imakeyousmile\"},\"image\":{\"@id\":\"https:\/\/www.imakeyousmile.se\/en\/#logo\"}},{\"@type\":\"WebSite\",\"@id\":\"https:\/\/www.imakeyousmile.se\/en\/#website\",\"url\":\"https:\/\/www.imakeyousmile.se\/en\/\",\"name\":\"Imakeyousmile.se\",\"description\":\"Helena Amiley - Beauty, Entrepreneur, Lifestyle\",\"publisher\":{\"@id\":\"https:\/\/www.imakeyousmile.se\/en\/#organization\"},\"potentialAction\":[{\"@type\":\"SearchAction\",\"target\":\"https:\/\/www.imakeyousmile.se\/en\/?s={search_term_string}\",\"query-input\":\"required name=search_term_string\"}],\"inLanguage\":\"en-US\"},{\"@type\":\"ImageObject\",\"@id\":\"https:\/\/www.imakeyousmile.se\/sommarsminkning-4\/#primaryimage\",\"inLanguage\":\"en-US\",\"url\":\"http:\/\/2.bp.blogspot.com\/-KEN-qgWnvsg\/Te6F91nT5ZI\/AAAAAAAAD8E\/OZRrRjkmm4g\/s320\/DSC_0586.JPG\"},{\"@type\":\"WebPage\",\"@id\":\"https:\/\/www.imakeyousmile.se\/sommarsminkning-4\/#webpage\",\"url\":\"https:\/\/www.imakeyousmile.se\/sommarsminkning-4\/\",\"name\":\"Sommarsminkning | Imakeyousmile.se\",\"isPartOf\":{\"@id\":\"https:\/\/www.imakeyousmile.se\/en\/#website\"},\"primaryImageOfPage\":{\"@id\":\"https:\/\/www.imakeyousmile.se\/sommarsminkning-4\/#primaryimage\"},\"datePublished\":\"2011-06-07T19:37:00+00:00\",\"dateModified\":\"2014-08-16T07:24:32+00:00\",\"description\":\"Sommarsminkning | Helena Amiley - H\\u00e4r hittar du senaste infromation om sk\\u00f6nhet, livsstil, entrepren\\u00f6rskap, makeup & tips.\",\"inLanguage\":\"en-US\",\"potentialAction\":[{\"@type\":\"ReadAction\",\"target\":[\"https:\/\/www.imakeyousmile.se\/sommarsminkning-4\/\"]}]},{\"@type\":\"Article\",\"@id\":\"https:\/\/www.imakeyousmile.se\/sommarsminkning-4\/#article\",\"isPartOf\":{\"@id\":\"https:\/\/www.imakeyousmile.se\/sommarsminkning-4\/#webpage\"},\"author\":{\"@id\":\"https:\/\/www.imakeyousmile.se\/en\/#\/schema\/person\/b0fd43b1c6bb1c60cfd68bff9b4a10fb\"},\"headline\":\"Sommarsminkning\",\"datePublished\":\"2011-06-07T19:37:00+00:00\",\"dateModified\":\"2014-08-16T07:24:32+00:00\",\"mainEntityOfPage\":{\"@id\":\"https:\/\/www.imakeyousmile.se\/sommarsminkning-4\/#webpage\"},\"commentCount\":0,\"publisher\":{\"@id\":\"https:\/\/www.imakeyousmile.se\/en\/#organization\"},\"image\":{\"@id\":\"https:\/\/www.imakeyousmile.se\/sommarsminkning-4\/#primaryimage\"},\"articleSection\":\"\\u00d6vrigt\",\"inLanguage\":\"en-US\",\"potentialAction\":[{\"@type\":\"CommentAction\",\"name\":\"Comment\",\"target\":[\"https:\/\/www.imakeyousmile.se\/sommarsminkning-4\/#respond\"]}]},{\"@type\":\"Person\",\"@id\":\"https:\/\/www.imakeyousmile.se\/en\/#\/schema\/person\/b0fd43b1c6bb1c60cfd68bff9b4a10fb\",\"name\":\"Helena Amiley\",\"image\":{\"@type\":\"ImageObject\",\"@id\":\"https:\/\/www.imakeyousmile.se\/en\/#personlogo\",\"inLanguage\":\"en-US\",\"url\":\"https:\/\/secure.gravatar.com\/avatar\/5645558e1e355457a23368d7e1b4c904?s=96&d=mm&r=g\",\"caption\":\"Helena Amiley\"},\"description\":\"Jag skriver mest om sk\\u00f6nhet men bjuder \\u00e4ven p\\u00e5 glimtar fr\\u00e5n entrepren\\u00f6rlivet och bygget av v\\u00e5r egen camper van. Vanlife here we come!\",\"sameAs\":[\"https:\/\/www.facebook.com\/imakeyousmile.se\",\"https:\/\/www.instagram.com\/helenaamiley\",\"https:\/\/www.youtube.com\/channel\/UCR5iB6rvpV6Yr8ZjpQfr5mg?view_as=subscriber\"]}]}<\/script>\n<!-- \/ Yoast SEO Premium plugin. -->","_links":{"self":[{"href":"https:\/\/www.imakeyousmile.se\/en\/wp-json\/wp\/v2\/posts\/1468"}],"collection":[{"href":"https:\/\/www.imakeyousmile.se\/en\/wp-json\/wp\/v2\/posts"}],"about":[{"href":"https:\/\/www.imakeyousmile.se\/en\/wp-json\/wp\/v2\/types\/post"}],"author":[{"embeddable":true,"href":"https:\/\/www.imakeyousmile.se\/en\/wp-json\/wp\/v2\/users\/30"}],"replies":[{"embeddable":true,"href":"https:\/\/www.imakeyousmile.se\/en\/wp-json\/wp\/v2\/comments?post=1468"}],"version-history":[{"count":0,"href":"https:\/\/www.imakeyousmile.se\/en\/wp-json\/wp\/v2\/posts\/1468\/revisions"}],"wp:attachment":[{"href":"https:\/\/www.imakeyousmile.se\/en\/wp-json\/wp\/v2\/media?parent=1468"}],"wp:term":[{"taxonomy":"category","embeddable":true,"href":"https:\/\/www.imakeyousmile.se\/en\/wp-json\/wp\/v2\/categories?post=1468"},{"taxonomy":"post_tag","embeddable":true,"href":"https:\/\/www.imakeyousmile.se\/en\/wp-json\/wp\/v2\/tags?post=1468"}],"curies":[{"name":"wp","href":"https:\/\/api.w.org\/{rel}","templated":true}]}}