{"id":15011,"date":"2014-07-16T06:00:41","date_gmt":"2014-07-16T04:00:41","guid":{"rendered":"http:\/\/www.imakeyousmile.se\/?p=15011"},"modified":"2014-07-16T00:32:45","modified_gmt":"2014-07-15T22:32:45","slug":"locka-haret-utan-varme","status":"publish","type":"post","link":"https:\/\/www.imakeyousmile.se\/en\/attract-the-hair-without-heat\/","title":{"rendered":"Curl your hair without heat"},"content":{"rendered":"<p>I like the idea of being able to curl my hair without heat by sleeping with it in different ways, and have been experimenting a lot with it lately. For example, the &quot;hair knots&quot; I wrote about a long time ago in <a href=\"http:\/\/modernmom.se\/skonhet\/locka-haret-utan-varme\/#.U8WlBPl_tng\" target=\"_blank\">this post<\/a>.<\/p>\n<p>However, I have not tested anything that has been completely good, either everything comes loose during the night or the effect is not so visible. I&#039;m used to my hair being fairly light-styled, but my slightly coarser hair extensions from <a href=\"http:\/\/www.hairtalk.se\/\" target=\"_blank\">Hair Talk<\/a> is not as easy to work with that way. A braid gives nice wavy curls but otherwise I have not succeeded in 100%.<\/p>\n<p>But I have to offer the results from my latest test - a bit the same principle as the knobs but still not really. The result was not nice, but a little fun :)<\/p>\n<p>The pictures are a bit badly taken as I did not really plan to publish them, but once I put them on the computer I could not help but hehe.<\/p>\n<p><a href=\"http:\/\/www.imakeyousmile.se\/wp-content\/uploads\/2014\/07\/IMG_4678.jpg\"><img loading=\"lazy\" decoding=\"async\" class=\"alignnone size-large wp-image-15012\" alt=\"IMG_4678\" src=\"http:\/\/www.imakeyousmile.se\/wp-content\/uploads\/2014\/07\/IMG_4678-780x1024.jpg\" width=\"780\" height=\"1024\" srcset=\"https:\/\/www.imakeyousmile.se\/wp-content\/uploads\/2014\/07\/IMG_4678-780x1024.jpg 780w, https:\/\/www.imakeyousmile.se\/wp-content\/uploads\/2014\/07\/IMG_4678-228x300.jpg 228w, https:\/\/www.imakeyousmile.se\/wp-content\/uploads\/2014\/07\/IMG_4678.jpg 1951w\" sizes=\"(max-width: 780px) 100vw, 780px\" \/><\/a><\/p>\n<p>Had the result been better, I would have been able to show step by step how to do this, but in short, you twist a strand of hair and roll it up on a piece of fabric that you tie together so that the ball stays in place.<\/p>\n<p><a href=\"http:\/\/www.imakeyousmile.se\/wp-content\/uploads\/2014\/07\/SAM_058666.jpg\"><img loading=\"lazy\" decoding=\"async\" class=\"alignnone size-large wp-image-15017\" alt=\"SAM_058666\" src=\"http:\/\/www.imakeyousmile.se\/wp-content\/uploads\/2014\/07\/SAM_058666-682x1024.jpg\" width=\"682\" height=\"1024\" srcset=\"https:\/\/www.imakeyousmile.se\/wp-content\/uploads\/2014\/07\/SAM_058666-682x1024.jpg 682w, https:\/\/www.imakeyousmile.se\/wp-content\/uploads\/2014\/07\/SAM_058666-200x300.jpg 200w, https:\/\/www.imakeyousmile.se\/wp-content\/uploads\/2014\/07\/SAM_058666.jpg 1707w\" sizes=\"(max-width: 682px) 100vw, 682px\" \/><\/a><\/p>\n<p>This is what I looked like when I woke up, what a ruff haha!<\/p>","protected":false},"excerpt":{"rendered":"<p>Jag gillar tanken av att kunna locka h\u00e5ret utan v\u00e4rme genom att sova med det p\u00e5 olika s\u00e4tt, och har experimenterat en hel del med det den senaste tiden. Till exempel &#8221;h\u00e5rknorrarna&#8221; jag skrev om f\u00f6r l\u00e4nge sen i detta inl\u00e4gg. Dock har jag inte testat n\u00e5gonting som blivit helt bra, antingen lossnar allt under [&hellip;]<\/p>\n","protected":false},"author":30,"featured_media":0,"comment_status":"open","ping_status":"closed","sticky":false,"template":"","format":"standard","meta":{"footnotes":""},"categories":[3],"tags":[],"class_list":["post-15011","post","type-post","status-publish","format-standard","hentry","category-allmant"],"yoast_head":"<!-- This site is optimized with the Yoast SEO Premium plugin v14.9 - https:\/\/yoast.com\/wordpress\/plugins\/seo\/ -->\n<meta name=\"description\" content=\"Locka h\u00e5ret utan v\u00e4rme | Helena Amiley - H\u00e4r hittar du senaste infromation om sk\u00f6nhet, livsstil, entrepren\u00f6rskap, makeup &amp; tips.\" \/>\n<meta name=\"robots\" content=\"index, follow, max-snippet:-1, max-image-preview:large, max-video-preview:-1\" \/>\n<link rel=\"canonical\" href=\"https:\/\/www.imakeyousmile.se\/en\/locka-haret-utan-varme\/\" \/>\n<meta property=\"og:locale\" content=\"en_US\" \/>\n<meta property=\"og:type\" content=\"article\" \/>\n<meta property=\"og:title\" content=\"Locka h\u00e5ret utan v\u00e4rme | Imakeyousmile.se\" \/>\n<meta property=\"og:description\" content=\"Locka h\u00e5ret utan v\u00e4rme | Helena Amiley - H\u00e4r hittar du senaste infromation om sk\u00f6nhet, livsstil, entrepren\u00f6rskap, makeup &amp; tips.\" \/>\n<meta property=\"og:url\" content=\"https:\/\/www.imakeyousmile.se\/en\/locka-haret-utan-varme\/\" \/>\n<meta property=\"og:site_name\" content=\"Imakeyousmile.se\" \/>\n<meta property=\"article:author\" content=\"https:\/\/www.facebook.com\/imakeyousmile.se\" \/>\n<meta property=\"article:published_time\" content=\"2014-07-16T04:00:41+00:00\" \/>\n<meta property=\"article:modified_time\" content=\"2014-07-15T22:32:45+00:00\" \/>\n<meta property=\"og:image\" content=\"http:\/\/www.imakeyousmile.se\/wp-content\/uploads\/2014\/07\/IMG_4678-780x1024.jpg\" \/>\n<meta name=\"twitter:card\" content=\"summary_large_image\" \/>\n<script type=\"application\/ld+json\" class=\"yoast-schema-graph\">{\"@context\":\"https:\/\/schema.org\",\"@graph\":[{\"@type\":\"Organization\",\"@id\":\"https:\/\/www.imakeyousmile.se\/en\/#organization\",\"name\":\"Imakeyousmile\",\"url\":\"https:\/\/www.imakeyousmile.se\/en\/\",\"sameAs\":[],\"logo\":{\"@type\":\"ImageObject\",\"@id\":\"https:\/\/www.imakeyousmile.se\/en\/#logo\",\"inLanguage\":\"en-US\",\"url\":\"https:\/\/www.imakeyousmile.se\/wp-content\/uploads\/2020\/10\/HELENA-AMILEY_SVART-1-e1603367975324.png\",\"width\":280,\"height\":93,\"caption\":\"Imakeyousmile\"},\"image\":{\"@id\":\"https:\/\/www.imakeyousmile.se\/en\/#logo\"}},{\"@type\":\"WebSite\",\"@id\":\"https:\/\/www.imakeyousmile.se\/en\/#website\",\"url\":\"https:\/\/www.imakeyousmile.se\/en\/\",\"name\":\"Imakeyousmile.se\",\"description\":\"Helena Amiley - Beauty, Entrepreneur, Lifestyle\",\"publisher\":{\"@id\":\"https:\/\/www.imakeyousmile.se\/en\/#organization\"},\"potentialAction\":[{\"@type\":\"SearchAction\",\"target\":\"https:\/\/www.imakeyousmile.se\/en\/?s={search_term_string}\",\"query-input\":\"required name=search_term_string\"}],\"inLanguage\":\"en-US\"},{\"@type\":\"ImageObject\",\"@id\":\"https:\/\/www.imakeyousmile.se\/locka-haret-utan-varme\/#primaryimage\",\"inLanguage\":\"en-US\",\"url\":\"http:\/\/www.imakeyousmile.se\/wp-content\/uploads\/2014\/07\/IMG_4678-780x1024.jpg\"},{\"@type\":\"WebPage\",\"@id\":\"https:\/\/www.imakeyousmile.se\/locka-haret-utan-varme\/#webpage\",\"url\":\"https:\/\/www.imakeyousmile.se\/locka-haret-utan-varme\/\",\"name\":\"Locka h\\u00e5ret utan v\\u00e4rme | Imakeyousmile.se\",\"isPartOf\":{\"@id\":\"https:\/\/www.imakeyousmile.se\/en\/#website\"},\"primaryImageOfPage\":{\"@id\":\"https:\/\/www.imakeyousmile.se\/locka-haret-utan-varme\/#primaryimage\"},\"datePublished\":\"2014-07-16T04:00:41+00:00\",\"dateModified\":\"2014-07-15T22:32:45+00:00\",\"description\":\"Locka h\\u00e5ret utan v\\u00e4rme | Helena Amiley - H\\u00e4r hittar du senaste infromation om sk\\u00f6nhet, livsstil, entrepren\\u00f6rskap, makeup & tips.\",\"inLanguage\":\"en-US\",\"potentialAction\":[{\"@type\":\"ReadAction\",\"target\":[\"https:\/\/www.imakeyousmile.se\/locka-haret-utan-varme\/\"]}]},{\"@type\":\"Article\",\"@id\":\"https:\/\/www.imakeyousmile.se\/locka-haret-utan-varme\/#article\",\"isPartOf\":{\"@id\":\"https:\/\/www.imakeyousmile.se\/locka-haret-utan-varme\/#webpage\"},\"author\":{\"@id\":\"https:\/\/www.imakeyousmile.se\/en\/#\/schema\/person\/b0fd43b1c6bb1c60cfd68bff9b4a10fb\"},\"headline\":\"Locka h\\u00e5ret utan v\\u00e4rme\",\"datePublished\":\"2014-07-16T04:00:41+00:00\",\"dateModified\":\"2014-07-15T22:32:45+00:00\",\"mainEntityOfPage\":{\"@id\":\"https:\/\/www.imakeyousmile.se\/locka-haret-utan-varme\/#webpage\"},\"commentCount\":4,\"publisher\":{\"@id\":\"https:\/\/www.imakeyousmile.se\/en\/#organization\"},\"image\":{\"@id\":\"https:\/\/www.imakeyousmile.se\/locka-haret-utan-varme\/#primaryimage\"},\"articleSection\":\"\\u00d6vrigt\",\"inLanguage\":\"en-US\",\"potentialAction\":[{\"@type\":\"CommentAction\",\"name\":\"Comment\",\"target\":[\"https:\/\/www.imakeyousmile.se\/locka-haret-utan-varme\/#respond\"]}]},{\"@type\":\"Person\",\"@id\":\"https:\/\/www.imakeyousmile.se\/en\/#\/schema\/person\/b0fd43b1c6bb1c60cfd68bff9b4a10fb\",\"name\":\"Helena Amiley\",\"image\":{\"@type\":\"ImageObject\",\"@id\":\"https:\/\/www.imakeyousmile.se\/en\/#personlogo\",\"inLanguage\":\"en-US\",\"url\":\"https:\/\/secure.gravatar.com\/avatar\/5645558e1e355457a23368d7e1b4c904?s=96&d=mm&r=g\",\"caption\":\"Helena Amiley\"},\"description\":\"Jag skriver mest om sk\\u00f6nhet men bjuder \\u00e4ven p\\u00e5 glimtar fr\\u00e5n entrepren\\u00f6rlivet och bygget av v\\u00e5r egen camper van. Vanlife here we come!\",\"sameAs\":[\"https:\/\/www.facebook.com\/imakeyousmile.se\",\"https:\/\/www.instagram.com\/helenaamiley\",\"https:\/\/www.youtube.com\/channel\/UCR5iB6rvpV6Yr8ZjpQfr5mg?view_as=subscriber\"]}]}<\/script>\n<!-- \/ Yoast SEO Premium plugin. -->","_links":{"self":[{"href":"https:\/\/www.imakeyousmile.se\/en\/wp-json\/wp\/v2\/posts\/15011"}],"collection":[{"href":"https:\/\/www.imakeyousmile.se\/en\/wp-json\/wp\/v2\/posts"}],"about":[{"href":"https:\/\/www.imakeyousmile.se\/en\/wp-json\/wp\/v2\/types\/post"}],"author":[{"embeddable":true,"href":"https:\/\/www.imakeyousmile.se\/en\/wp-json\/wp\/v2\/users\/30"}],"replies":[{"embeddable":true,"href":"https:\/\/www.imakeyousmile.se\/en\/wp-json\/wp\/v2\/comments?post=15011"}],"version-history":[{"count":0,"href":"https:\/\/www.imakeyousmile.se\/en\/wp-json\/wp\/v2\/posts\/15011\/revisions"}],"wp:attachment":[{"href":"https:\/\/www.imakeyousmile.se\/en\/wp-json\/wp\/v2\/media?parent=15011"}],"wp:term":[{"taxonomy":"category","embeddable":true,"href":"https:\/\/www.imakeyousmile.se\/en\/wp-json\/wp\/v2\/categories?post=15011"},{"taxonomy":"post_tag","embeddable":true,"href":"https:\/\/www.imakeyousmile.se\/en\/wp-json\/wp\/v2\/tags?post=15011"}],"curies":[{"name":"wp","href":"https:\/\/api.w.org\/{rel}","templated":true}]}}