{"id":1502,"date":"2011-05-19T20:20:00","date_gmt":"2011-05-19T18:20:00","guid":{"rendered":"http:\/\/www.imakeyousmile.se\/gron-partysminkning-3\/"},"modified":"2014-08-16T12:30:11","modified_gmt":"2014-08-16T10:30:11","slug":"gron-partysminkning-3","status":"publish","type":"post","link":"https:\/\/www.imakeyousmile.se\/en\/green-party-makeup-3\/","title":{"rendered":"Green party makeup"},"content":{"rendered":"<div style=\"clear: both; text-align: left;\">Only since I was little has it always been my sisters Mia and Malin who have\u00a0<span style=\"font-size: x-large;\">fixed me<\/span> for special occasions. But Mia mostly lately when Malin moved to \u00d6sterby.<\/div>\n<div style=\"clear: both; text-align: left;\"><\/div>\n<div style=\"clear: both; text-align: left;\">But tomorrow it will be <span style=\"font-size: x-large;\">reversal of roles<\/span>, I have actually been given the honorary assignment to <span style=\"font-size: x-large;\">makeup Mia<\/span>!! She will finally go out for a little party for the first time since Mila came into the world, and wants to feel as good-looking as possible! :)<\/div>\n<div style=\"clear: both; text-align: left;\"><\/div>\n<div style=\"clear: both; text-align: left;\">There will be either one <span style=\"color: #38761d; font-size: x-large;\"><strong>Dark green<\/strong><\/span> or a <span style=\"color: #783f04; font-size: x-large;\"><strong>dark brown<\/strong><\/span> make-up. It&#039;s a little nervous because I&#039;ve never made her up before, but sick fun!<\/div>\n<div style=\"clear: both; text-align: left;\"><\/div>\n<div style=\"clear: both; text-align: left;\">So today I have done two such makeups to get some <span style=\"font-size: x-large;\">inspiration<\/span> until tomorrow! :) Here comes the green:<\/div>\n<div style=\"clear: both; text-align: left;\"><\/div>\n<div style=\"clear: both; text-align: center;\"><img decoding=\"async\" src=\"http:\/\/3.bp.blogspot.com\/-Wfo6OezM7g4\/TdVnst2OCdI\/AAAAAAAAD3A\/_lY1LgFJvcs\/s320\/DSCN2077.JPG\" alt=\"\" width=\"320px\" height=\"304px\" border=\"0\" \/><\/div>\n<div style=\"clear: both; text-align: center;\"><em>All eyeshadows are from the 180 palette.<\/em><\/div>\n<div style=\"clear: both; text-align: center;\"><\/div>\n<div style=\"clear: both; text-align: center;\"><span style=\"color: #38761d; font-size: large;\"><strong>Green<\/strong><\/span> eye shadow on the lower lash line and the entire eyelid.<\/div>\n<div style=\"clear: both; text-align: center;\"><strong><span style=\"font-size: large;\">A little black<\/span><\/strong>\u00a0eye shadow over all green.<\/div>\n<div style=\"clear: both; text-align: center;\"><strong><span style=\"font-size: large;\">More black<\/span><\/strong> eye shadow at the end of the lower lash line and along the globe line.<\/div>\n<div style=\"clear: both; text-align: center;\"><span style=\"color: #6aa84f; font-size: large;\"><strong>Light green<\/strong><\/span> eye shadow over the globe line.<\/div>\n<div style=\"clear: both; text-align: center;\"><span style=\"color: #999999; font-size: large;\">White<\/span> highlighter under the eyebrow and in the corner of the eye.<\/div>\n<div style=\"clear: both; text-align: center;\"><\/div>\n<div style=\"clear: both; text-align: center;\"><strong><span style=\"font-size: large;\">Black <\/span><\/strong>eyeliner on the upper and inner lash line, <em>H&amp;M<\/em>.<\/div>\n<div style=\"clear: both; text-align: center;\"><\/div>\n<div style=\"clear: both; text-align: center;\"><\/div>\n<div style=\"clear: both; text-align: center;\">Think (<em>on my data at least)<\/em> that the make-up almost looks a bit blue in the pictures.<\/div>\n<div style=\"clear: both; text-align: center;\">Does it look that way to you too? At least it&#039;s as green as it can get, no blue at all!<\/div>\n<div style=\"clear: both; text-align: center;\"><a style=\"margin-left: 1em; margin-right: 1em;\" href=\"http:\/\/2.bp.blogspot.com\/-ipBqTOLNZzY\/TdVnw0ORdMI\/AAAAAAAAD3E\/sVN2s1_LXjY\/s1600\/DSCN2085.JPG\"><img decoding=\"async\" src=\"http:\/\/2.bp.blogspot.com\/-ipBqTOLNZzY\/TdVnw0ORdMI\/AAAAAAAAD3E\/sVN2s1_LXjY\/s640\/DSCN2085.JPG\" alt=\"\" width=\"468px\" height=\"640px\" border=\"0\" \/><\/a><\/div>\n<div style=\"clear: both; text-align: center;\"><\/div>\n<p>Now the question is, should I publish the dark brown makeup at once. Or set it to tomorrow when I probably won&#039;t have time to blog?<\/p>\n<div style=\"text-align: center;\"><span style=\"font-size: x-large;\">Aja, it remains to be seen! <\/span><span style=\"font-size: large;\">:)<\/span><\/div>","protected":false},"excerpt":{"rendered":"<p>Enda sen jag var liten\u00a0har det alltid varit mina systrar Mia och Malin som har\u00a0fixat mig inf\u00f6r speciella tillf\u00e4llen. Fast Mia\u00a0mest p\u00e5 senare tid d\u00e5 Malin flyttat till \u00d6sterby. Men imorgon blir det ombytta roller, jag\u00a0har\u00a0faktiskt\u00a0f\u00e5tt hedersuppdraget att sminka Mia!! Hon ska \u00e4ntligen dra ut p\u00e5 lite partajj f\u00f6r f\u00f6rsta g\u00e5ngen sen Mila kom till [&hellip;]<\/p>\n","protected":false},"author":30,"featured_media":0,"comment_status":"open","ping_status":"open","sticky":false,"template":"","format":"standard","meta":{"footnotes":""},"categories":[3],"tags":[],"class_list":["post-1502","post","type-post","status-publish","format-standard","hentry","category-allmant"],"yoast_head":"<!-- This site is optimized with the Yoast SEO Premium plugin v14.9 - https:\/\/yoast.com\/wordpress\/plugins\/seo\/ -->\n<meta name=\"description\" content=\"Gr\u00f6n partysminkning | Helena Amiley - H\u00e4r hittar du senaste infromation om sk\u00f6nhet, livsstil, entrepren\u00f6rskap, makeup &amp; tips.\" \/>\n<meta name=\"robots\" content=\"index, follow, max-snippet:-1, max-image-preview:large, max-video-preview:-1\" \/>\n<link rel=\"canonical\" href=\"https:\/\/www.imakeyousmile.se\/en\/gron-partysminkning-3\/\" \/>\n<meta property=\"og:locale\" content=\"en_US\" \/>\n<meta property=\"og:type\" content=\"article\" \/>\n<meta property=\"og:title\" content=\"Gr\u00f6n partysminkning | Imakeyousmile.se\" \/>\n<meta property=\"og:description\" content=\"Gr\u00f6n partysminkning | Helena Amiley - H\u00e4r hittar du senaste infromation om sk\u00f6nhet, livsstil, entrepren\u00f6rskap, makeup &amp; tips.\" \/>\n<meta property=\"og:url\" content=\"https:\/\/www.imakeyousmile.se\/en\/gron-partysminkning-3\/\" \/>\n<meta property=\"og:site_name\" content=\"Imakeyousmile.se\" \/>\n<meta property=\"article:author\" content=\"https:\/\/www.facebook.com\/imakeyousmile.se\" \/>\n<meta property=\"article:published_time\" content=\"2011-05-19T18:20:00+00:00\" \/>\n<meta property=\"article:modified_time\" content=\"2014-08-16T10:30:11+00:00\" \/>\n<meta property=\"og:image\" content=\"http:\/\/3.bp.blogspot.com\/-Wfo6OezM7g4\/TdVnst2OCdI\/AAAAAAAAD3A\/_lY1LgFJvcs\/s320\/DSCN2077.JPG\" \/>\n<meta name=\"twitter:card\" content=\"summary_large_image\" \/>\n<script type=\"application\/ld+json\" class=\"yoast-schema-graph\">{\"@context\":\"https:\/\/schema.org\",\"@graph\":[{\"@type\":\"Organization\",\"@id\":\"https:\/\/www.imakeyousmile.se\/en\/#organization\",\"name\":\"Imakeyousmile\",\"url\":\"https:\/\/www.imakeyousmile.se\/en\/\",\"sameAs\":[],\"logo\":{\"@type\":\"ImageObject\",\"@id\":\"https:\/\/www.imakeyousmile.se\/en\/#logo\",\"inLanguage\":\"en-US\",\"url\":\"https:\/\/www.imakeyousmile.se\/wp-content\/uploads\/2020\/10\/HELENA-AMILEY_SVART-1-e1603367975324.png\",\"width\":280,\"height\":93,\"caption\":\"Imakeyousmile\"},\"image\":{\"@id\":\"https:\/\/www.imakeyousmile.se\/en\/#logo\"}},{\"@type\":\"WebSite\",\"@id\":\"https:\/\/www.imakeyousmile.se\/en\/#website\",\"url\":\"https:\/\/www.imakeyousmile.se\/en\/\",\"name\":\"Imakeyousmile.se\",\"description\":\"Helena Amiley - Beauty, Entrepreneur, Lifestyle\",\"publisher\":{\"@id\":\"https:\/\/www.imakeyousmile.se\/en\/#organization\"},\"potentialAction\":[{\"@type\":\"SearchAction\",\"target\":\"https:\/\/www.imakeyousmile.se\/en\/?s={search_term_string}\",\"query-input\":\"required name=search_term_string\"}],\"inLanguage\":\"en-US\"},{\"@type\":\"ImageObject\",\"@id\":\"https:\/\/www.imakeyousmile.se\/gron-partysminkning-3\/#primaryimage\",\"inLanguage\":\"en-US\",\"url\":\"http:\/\/3.bp.blogspot.com\/-Wfo6OezM7g4\/TdVnst2OCdI\/AAAAAAAAD3A\/_lY1LgFJvcs\/s320\/DSCN2077.JPG\"},{\"@type\":\"WebPage\",\"@id\":\"https:\/\/www.imakeyousmile.se\/gron-partysminkning-3\/#webpage\",\"url\":\"https:\/\/www.imakeyousmile.se\/gron-partysminkning-3\/\",\"name\":\"Gr\\u00f6n partysminkning | Imakeyousmile.se\",\"isPartOf\":{\"@id\":\"https:\/\/www.imakeyousmile.se\/en\/#website\"},\"primaryImageOfPage\":{\"@id\":\"https:\/\/www.imakeyousmile.se\/gron-partysminkning-3\/#primaryimage\"},\"datePublished\":\"2011-05-19T18:20:00+00:00\",\"dateModified\":\"2014-08-16T10:30:11+00:00\",\"description\":\"Gr\\u00f6n partysminkning | Helena Amiley - H\\u00e4r hittar du senaste infromation om sk\\u00f6nhet, livsstil, entrepren\\u00f6rskap, makeup & tips.\",\"inLanguage\":\"en-US\",\"potentialAction\":[{\"@type\":\"ReadAction\",\"target\":[\"https:\/\/www.imakeyousmile.se\/gron-partysminkning-3\/\"]}]},{\"@type\":\"Article\",\"@id\":\"https:\/\/www.imakeyousmile.se\/gron-partysminkning-3\/#article\",\"isPartOf\":{\"@id\":\"https:\/\/www.imakeyousmile.se\/gron-partysminkning-3\/#webpage\"},\"author\":{\"@id\":\"https:\/\/www.imakeyousmile.se\/en\/#\/schema\/person\/b0fd43b1c6bb1c60cfd68bff9b4a10fb\"},\"headline\":\"Gr\\u00f6n partysminkning\",\"datePublished\":\"2011-05-19T18:20:00+00:00\",\"dateModified\":\"2014-08-16T10:30:11+00:00\",\"mainEntityOfPage\":{\"@id\":\"https:\/\/www.imakeyousmile.se\/gron-partysminkning-3\/#webpage\"},\"commentCount\":0,\"publisher\":{\"@id\":\"https:\/\/www.imakeyousmile.se\/en\/#organization\"},\"image\":{\"@id\":\"https:\/\/www.imakeyousmile.se\/gron-partysminkning-3\/#primaryimage\"},\"articleSection\":\"\\u00d6vrigt\",\"inLanguage\":\"en-US\",\"potentialAction\":[{\"@type\":\"CommentAction\",\"name\":\"Comment\",\"target\":[\"https:\/\/www.imakeyousmile.se\/gron-partysminkning-3\/#respond\"]}]},{\"@type\":\"Person\",\"@id\":\"https:\/\/www.imakeyousmile.se\/en\/#\/schema\/person\/b0fd43b1c6bb1c60cfd68bff9b4a10fb\",\"name\":\"Helena Amiley\",\"image\":{\"@type\":\"ImageObject\",\"@id\":\"https:\/\/www.imakeyousmile.se\/en\/#personlogo\",\"inLanguage\":\"en-US\",\"url\":\"https:\/\/secure.gravatar.com\/avatar\/5645558e1e355457a23368d7e1b4c904?s=96&d=mm&r=g\",\"caption\":\"Helena Amiley\"},\"description\":\"Jag skriver mest om sk\\u00f6nhet men bjuder \\u00e4ven p\\u00e5 glimtar fr\\u00e5n entrepren\\u00f6rlivet och bygget av v\\u00e5r egen camper van. Vanlife here we come!\",\"sameAs\":[\"https:\/\/www.facebook.com\/imakeyousmile.se\",\"https:\/\/www.instagram.com\/helenaamiley\",\"https:\/\/www.youtube.com\/channel\/UCR5iB6rvpV6Yr8ZjpQfr5mg?view_as=subscriber\"]}]}<\/script>\n<!-- \/ Yoast SEO Premium plugin. -->","_links":{"self":[{"href":"https:\/\/www.imakeyousmile.se\/en\/wp-json\/wp\/v2\/posts\/1502"}],"collection":[{"href":"https:\/\/www.imakeyousmile.se\/en\/wp-json\/wp\/v2\/posts"}],"about":[{"href":"https:\/\/www.imakeyousmile.se\/en\/wp-json\/wp\/v2\/types\/post"}],"author":[{"embeddable":true,"href":"https:\/\/www.imakeyousmile.se\/en\/wp-json\/wp\/v2\/users\/30"}],"replies":[{"embeddable":true,"href":"https:\/\/www.imakeyousmile.se\/en\/wp-json\/wp\/v2\/comments?post=1502"}],"version-history":[{"count":0,"href":"https:\/\/www.imakeyousmile.se\/en\/wp-json\/wp\/v2\/posts\/1502\/revisions"}],"wp:attachment":[{"href":"https:\/\/www.imakeyousmile.se\/en\/wp-json\/wp\/v2\/media?parent=1502"}],"wp:term":[{"taxonomy":"category","embeddable":true,"href":"https:\/\/www.imakeyousmile.se\/en\/wp-json\/wp\/v2\/categories?post=1502"},{"taxonomy":"post_tag","embeddable":true,"href":"https:\/\/www.imakeyousmile.se\/en\/wp-json\/wp\/v2\/tags?post=1502"}],"curies":[{"name":"wp","href":"https:\/\/api.w.org\/{rel}","templated":true}]}}