{"id":1503,"date":"2011-05-18T19:02:00","date_gmt":"2011-05-18T17:02:00","guid":{"rendered":"http:\/\/www.imakeyousmile.se\/naturlig-festsminkning\/"},"modified":"2014-08-13T19:05:53","modified_gmt":"2014-08-13T17:05:53","slug":"naturlig-festsminkning","status":"publish","type":"post","link":"https:\/\/www.imakeyousmile.se\/en\/natural-party-makeup\/","title":{"rendered":"Natural party make-up"},"content":{"rendered":"<div style=\"clear: both; text-align: left;\">Nicolin made up today before her brother&#039;s student dinner!<\/div>\n<div style=\"clear: both; text-align: left;\"><\/div>\n<div style=\"clear: both; text-align: left;\">Then you want to be a little extra nice, but not very much <span style=\"font-size: x-large;\">fixed <\/span>as well as. So it became a natural party make-up, or what should you call it?<\/div>\n<div style=\"clear: both; text-align: left;\"><\/div>\n<div style=\"clear: both; text-align: left;\">She was in a bit of a hurry so it was just a full picture, but I hope you look reasonably good anyway! :)<\/div>\n<div style=\"clear: both; text-align: center;\"><\/div>\n<div style=\"clear: both; text-align: center;\"><a style=\"margin-left: 1em; margin-right: 1em;\" href=\"http:\/\/3.bp.blogspot.com\/-7a-KZ9fEdsQ\/TdP9sePIyNI\/AAAAAAAAD28\/HFPFzeSI74A\/s1600\/DSCN1992.JPG\"><img decoding=\"async\" src=\"http:\/\/3.bp.blogspot.com\/-7a-KZ9fEdsQ\/TdP9sePIyNI\/AAAAAAAAD28\/HFPFzeSI74A\/s640\/DSCN1992.JPG\" alt=\"\" width=\"464px\" height=\"640px\" border=\"0\" \/><\/a><\/div>\n<div style=\"clear: both; text-align: center;\"><\/div>\n<div style=\"clear: both; text-align: center;\">Mother-of-pearl-colored eye shadow on the innermost part of the eyelid, <em>do not know the brand.<\/em><\/div>\n<div style=\"clear: both; text-align: center;\">Coral pink eye shadow at the end of the eyelid and at the bottom of the lower lash line, <em>Makeup Store.<\/em><\/div>\n<div style=\"clear: both; text-align: center;\">Brown eye shadow on the rest of the lower lash line and along the globe line, <em>Isadora.<\/em><\/div>\n<div style=\"clear: both; text-align: center;\">And a little eyeliner and rosy cheeks on it! :)<\/div>\n<p>Ugh and fuck, I feel so tough and just <span style=\"font-size: x-large;\">blue<\/span> right now. I think maybe it&#039;s that time of the month only, or because I have so much in school right now.<\/p>\n<p>Would just vela <span style=\"font-size: x-large;\">online shopping<\/span> home a brand new wardrobe (<em>or rather<\/em>) lots of shoes, makeup and products, you name it.<\/p>\n<p>And then lay me in bed in front of the TV with a big warm <span style=\"font-size: x-large;\">cup of tea<\/span> and just take it easy.<\/p>\n<p>But instead I sit here and will continue to count <span style=\"font-size: x-large;\">matte<\/span>, and possibly force me out and run the track. Should wash a lot too, both clothes and makeup brushes. Hmmm\u2026<\/p>\n<div style=\"text-align: center;\"><span style=\"font-size: x-large;\">You probably have days like that<\/span><\/div>\n<div style=\"text-align: center;\"><span style=\"font-size: x-large;\">sometimes quite simply!<\/span><\/div>","protected":false},"excerpt":{"rendered":"<p>Sminkade Nicolin idag inf\u00f6r sin brors studentmiddag! D\u00e5 vill man ju vara lite extra fin, men inte v\u00e4ldigt fixad liksom. S\u00e5 det blev en naturlig festsminkning, eller vad ska man kalla det? Hon hade lite br\u00e5ttom s\u00e5 det blev bara en helbild, men hoppas ni ser n\u00e5gorlunda bra \u00e4nd\u00e5! :) P\u00e4rlemor-f\u00e4rgad \u00f6gonskugga innerst p\u00e5 \u00f6gonlocket, [&hellip;]<\/p>\n","protected":false},"author":30,"featured_media":0,"comment_status":"open","ping_status":"open","sticky":false,"template":"","format":"standard","meta":{"footnotes":""},"categories":[3],"tags":[],"class_list":["post-1503","post","type-post","status-publish","format-standard","hentry","category-allmant"],"yoast_head":"<!-- This site is optimized with the Yoast SEO Premium plugin v14.9 - https:\/\/yoast.com\/wordpress\/plugins\/seo\/ -->\n<meta name=\"description\" content=\"Naturlig festsminkning | Helena Amiley - H\u00e4r hittar du senaste infromation om sk\u00f6nhet, livsstil, entrepren\u00f6rskap, makeup &amp; tips.\" \/>\n<meta name=\"robots\" content=\"index, follow, max-snippet:-1, max-image-preview:large, max-video-preview:-1\" \/>\n<link rel=\"canonical\" href=\"https:\/\/www.imakeyousmile.se\/en\/naturlig-festsminkning\/\" \/>\n<meta property=\"og:locale\" content=\"en_US\" \/>\n<meta property=\"og:type\" content=\"article\" \/>\n<meta property=\"og:title\" content=\"Naturlig festsminkning | Imakeyousmile.se\" \/>\n<meta property=\"og:description\" content=\"Naturlig festsminkning | Helena Amiley - H\u00e4r hittar du senaste infromation om sk\u00f6nhet, livsstil, entrepren\u00f6rskap, makeup &amp; tips.\" \/>\n<meta property=\"og:url\" content=\"https:\/\/www.imakeyousmile.se\/en\/naturlig-festsminkning\/\" \/>\n<meta property=\"og:site_name\" content=\"Imakeyousmile.se\" \/>\n<meta property=\"article:author\" content=\"https:\/\/www.facebook.com\/imakeyousmile.se\" \/>\n<meta property=\"article:published_time\" content=\"2011-05-18T17:02:00+00:00\" \/>\n<meta property=\"article:modified_time\" content=\"2014-08-13T17:05:53+00:00\" \/>\n<meta property=\"og:image\" content=\"http:\/\/3.bp.blogspot.com\/-7a-KZ9fEdsQ\/TdP9sePIyNI\/AAAAAAAAD28\/HFPFzeSI74A\/s640\/DSCN1992.JPG\" \/>\n<meta name=\"twitter:card\" content=\"summary_large_image\" \/>\n<script type=\"application\/ld+json\" class=\"yoast-schema-graph\">{\"@context\":\"https:\/\/schema.org\",\"@graph\":[{\"@type\":\"Organization\",\"@id\":\"https:\/\/www.imakeyousmile.se\/en\/#organization\",\"name\":\"Imakeyousmile\",\"url\":\"https:\/\/www.imakeyousmile.se\/en\/\",\"sameAs\":[],\"logo\":{\"@type\":\"ImageObject\",\"@id\":\"https:\/\/www.imakeyousmile.se\/en\/#logo\",\"inLanguage\":\"en-US\",\"url\":\"https:\/\/www.imakeyousmile.se\/wp-content\/uploads\/2020\/10\/HELENA-AMILEY_SVART-1-e1603367975324.png\",\"width\":280,\"height\":93,\"caption\":\"Imakeyousmile\"},\"image\":{\"@id\":\"https:\/\/www.imakeyousmile.se\/en\/#logo\"}},{\"@type\":\"WebSite\",\"@id\":\"https:\/\/www.imakeyousmile.se\/en\/#website\",\"url\":\"https:\/\/www.imakeyousmile.se\/en\/\",\"name\":\"Imakeyousmile.se\",\"description\":\"Helena Amiley - Beauty, Entrepreneur, Lifestyle\",\"publisher\":{\"@id\":\"https:\/\/www.imakeyousmile.se\/en\/#organization\"},\"potentialAction\":[{\"@type\":\"SearchAction\",\"target\":\"https:\/\/www.imakeyousmile.se\/en\/?s={search_term_string}\",\"query-input\":\"required name=search_term_string\"}],\"inLanguage\":\"en-US\"},{\"@type\":\"ImageObject\",\"@id\":\"https:\/\/www.imakeyousmile.se\/naturlig-festsminkning\/#primaryimage\",\"inLanguage\":\"en-US\",\"url\":\"http:\/\/3.bp.blogspot.com\/-7a-KZ9fEdsQ\/TdP9sePIyNI\/AAAAAAAAD28\/HFPFzeSI74A\/s640\/DSCN1992.JPG\"},{\"@type\":\"WebPage\",\"@id\":\"https:\/\/www.imakeyousmile.se\/naturlig-festsminkning\/#webpage\",\"url\":\"https:\/\/www.imakeyousmile.se\/naturlig-festsminkning\/\",\"name\":\"Naturlig festsminkning | Imakeyousmile.se\",\"isPartOf\":{\"@id\":\"https:\/\/www.imakeyousmile.se\/en\/#website\"},\"primaryImageOfPage\":{\"@id\":\"https:\/\/www.imakeyousmile.se\/naturlig-festsminkning\/#primaryimage\"},\"datePublished\":\"2011-05-18T17:02:00+00:00\",\"dateModified\":\"2014-08-13T17:05:53+00:00\",\"description\":\"Naturlig festsminkning | Helena Amiley - H\\u00e4r hittar du senaste infromation om sk\\u00f6nhet, livsstil, entrepren\\u00f6rskap, makeup & tips.\",\"inLanguage\":\"en-US\",\"potentialAction\":[{\"@type\":\"ReadAction\",\"target\":[\"https:\/\/www.imakeyousmile.se\/naturlig-festsminkning\/\"]}]},{\"@type\":\"Article\",\"@id\":\"https:\/\/www.imakeyousmile.se\/naturlig-festsminkning\/#article\",\"isPartOf\":{\"@id\":\"https:\/\/www.imakeyousmile.se\/naturlig-festsminkning\/#webpage\"},\"author\":{\"@id\":\"https:\/\/www.imakeyousmile.se\/en\/#\/schema\/person\/b0fd43b1c6bb1c60cfd68bff9b4a10fb\"},\"headline\":\"Naturlig festsminkning\",\"datePublished\":\"2011-05-18T17:02:00+00:00\",\"dateModified\":\"2014-08-13T17:05:53+00:00\",\"mainEntityOfPage\":{\"@id\":\"https:\/\/www.imakeyousmile.se\/naturlig-festsminkning\/#webpage\"},\"commentCount\":0,\"publisher\":{\"@id\":\"https:\/\/www.imakeyousmile.se\/en\/#organization\"},\"image\":{\"@id\":\"https:\/\/www.imakeyousmile.se\/naturlig-festsminkning\/#primaryimage\"},\"articleSection\":\"\\u00d6vrigt\",\"inLanguage\":\"en-US\",\"potentialAction\":[{\"@type\":\"CommentAction\",\"name\":\"Comment\",\"target\":[\"https:\/\/www.imakeyousmile.se\/naturlig-festsminkning\/#respond\"]}]},{\"@type\":\"Person\",\"@id\":\"https:\/\/www.imakeyousmile.se\/en\/#\/schema\/person\/b0fd43b1c6bb1c60cfd68bff9b4a10fb\",\"name\":\"Helena Amiley\",\"image\":{\"@type\":\"ImageObject\",\"@id\":\"https:\/\/www.imakeyousmile.se\/en\/#personlogo\",\"inLanguage\":\"en-US\",\"url\":\"https:\/\/secure.gravatar.com\/avatar\/5645558e1e355457a23368d7e1b4c904?s=96&d=mm&r=g\",\"caption\":\"Helena Amiley\"},\"description\":\"Jag skriver mest om sk\\u00f6nhet men bjuder \\u00e4ven p\\u00e5 glimtar fr\\u00e5n entrepren\\u00f6rlivet och bygget av v\\u00e5r egen camper van. Vanlife here we come!\",\"sameAs\":[\"https:\/\/www.facebook.com\/imakeyousmile.se\",\"https:\/\/www.instagram.com\/helenaamiley\",\"https:\/\/www.youtube.com\/channel\/UCR5iB6rvpV6Yr8ZjpQfr5mg?view_as=subscriber\"]}]}<\/script>\n<!-- \/ Yoast SEO Premium plugin. -->","_links":{"self":[{"href":"https:\/\/www.imakeyousmile.se\/en\/wp-json\/wp\/v2\/posts\/1503"}],"collection":[{"href":"https:\/\/www.imakeyousmile.se\/en\/wp-json\/wp\/v2\/posts"}],"about":[{"href":"https:\/\/www.imakeyousmile.se\/en\/wp-json\/wp\/v2\/types\/post"}],"author":[{"embeddable":true,"href":"https:\/\/www.imakeyousmile.se\/en\/wp-json\/wp\/v2\/users\/30"}],"replies":[{"embeddable":true,"href":"https:\/\/www.imakeyousmile.se\/en\/wp-json\/wp\/v2\/comments?post=1503"}],"version-history":[{"count":0,"href":"https:\/\/www.imakeyousmile.se\/en\/wp-json\/wp\/v2\/posts\/1503\/revisions"}],"wp:attachment":[{"href":"https:\/\/www.imakeyousmile.se\/en\/wp-json\/wp\/v2\/media?parent=1503"}],"wp:term":[{"taxonomy":"category","embeddable":true,"href":"https:\/\/www.imakeyousmile.se\/en\/wp-json\/wp\/v2\/categories?post=1503"},{"taxonomy":"post_tag","embeddable":true,"href":"https:\/\/www.imakeyousmile.se\/en\/wp-json\/wp\/v2\/tags?post=1503"}],"curies":[{"name":"wp","href":"https:\/\/api.w.org\/{rel}","templated":true}]}}