{"id":16119,"date":"2014-08-13T19:21:00","date_gmt":"2014-08-13T17:21:00","guid":{"rendered":"http:\/\/www.imakeyousmile.se\/?p=16119"},"modified":"2014-08-13T19:30:20","modified_gmt":"2014-08-13T17:30:20","slug":"nominerad-i-blog-awards-2014","status":"publish","type":"post","link":"https:\/\/www.imakeyousmile.se\/en\/nominated-in-blog-awards-2014\/","title":{"rendered":"Nominated in the Blog Awards 2014!"},"content":{"rendered":"<p>You know what? I have been nominated for Beauty Blog of the Year in the Blog Awards 2014! : D<\/p>\n<p>I&#039;m so incredibly happy about this, that even being compared to the other super talented beauty blogs feels completely kinky! It will be so much fun to go to the gala !! :)<\/p>\n<p><a href=\"http:\/\/www.imakeyousmile.se\/wp-content\/uploads\/2014\/08\/helena-r\u00f6nnblad-blog-awards.jpg\"><img loading=\"lazy\" decoding=\"async\" class=\"alignnone size-large wp-image-16151\" src=\"http:\/\/www.imakeyousmile.se\/wp-content\/uploads\/2014\/08\/helena-r\u00f6nnblad-blog-awards-1024x739.jpg\" alt=\"helena-r\u00f6nnblad-blog-awards\" width=\"700\" height=\"505\" srcset=\"https:\/\/www.imakeyousmile.se\/wp-content\/uploads\/2014\/08\/helena-r\u00f6nnblad-blog-awards-1024x739.jpg 1024w, https:\/\/www.imakeyousmile.se\/wp-content\/uploads\/2014\/08\/helena-r\u00f6nnblad-blog-awards-300x216.jpg 300w, https:\/\/www.imakeyousmile.se\/wp-content\/uploads\/2014\/08\/helena-r\u00f6nnblad-blog-awards-700x505.jpg 700w, https:\/\/www.imakeyousmile.se\/wp-content\/uploads\/2014\/08\/helena-r\u00f6nnblad-blog-awards-326x235.jpg 326w, https:\/\/www.imakeyousmile.se\/wp-content\/uploads\/2014\/08\/helena-r\u00f6nnblad-blog-awards-494x357.jpg 494w, https:\/\/www.imakeyousmile.se\/wp-content\/uploads\/2014\/08\/helena-r\u00f6nnblad-blog-awards-669x483.jpg 669w, https:\/\/www.imakeyousmile.se\/wp-content\/uploads\/2014\/08\/helena-r\u00f6nnblad-blog-awards-198x143.jpg 198w\" sizes=\"(max-width: 700px) 100vw, 700px\" \/><\/a><\/p>\n<p><a href=\"http:\/\/www.imakeyousmile.se\/wp-content\/uploads\/2014\/08\/Sk\u00e4rmklipp.jpg\"><img loading=\"lazy\" decoding=\"async\" class=\"alignnone size-full wp-image-16121\" src=\"http:\/\/www.imakeyousmile.se\/wp-content\/uploads\/2014\/08\/Sk\u00e4rmklipp.jpg\" alt=\"blogawards beauty\" width=\"542\" height=\"489\" srcset=\"https:\/\/www.imakeyousmile.se\/wp-content\/uploads\/2014\/08\/Sk\u00e4rmklipp.jpg 542w, https:\/\/www.imakeyousmile.se\/wp-content\/uploads\/2014\/08\/Sk\u00e4rmklipp-300x270.jpg 300w, https:\/\/www.imakeyousmile.se\/wp-content\/uploads\/2014\/08\/Sk\u00e4rmklipp-395x357.jpg 395w, https:\/\/www.imakeyousmile.se\/wp-content\/uploads\/2014\/08\/Sk\u00e4rmklipp-535x483.jpg 535w\" sizes=\"(max-width: 542px) 100vw, 542px\" \/><\/a><\/p>\n<p>&nbsp;<\/p>\n<p>As I said, being one of these three girls feels really, really honoring !!! :)<\/p>\n<p><strong><a href=\"http:\/\/www.veckorevyn.com\/blogawards\/Rosta-i-Blog-Awards-2014\" target=\"_blank\">click here <\/a>and vote for your favorite!<\/strong><\/p>","protected":false},"excerpt":{"rendered":"<p>Vet ni vad? Jag har blivit nominerad till \u00e5rets Beauty-blogg i Blog Awards 2014! :D Jag \u00e4r s\u00e5 otroooligt glad \u00f6ver detta, att ens bli j\u00e4mf\u00f6rd med de andra superduktiga sk\u00f6nhetsbloggarna k\u00e4nns helt knasigt! Det kommer bli s\u00e5 kul\u00a0att f\u00e5 g\u00e5 p\u00e5 galan!! :) &nbsp; Som sagt, att vara en bland dom h\u00e4r tre tjejerna [&hellip;]<\/p>\n","protected":false},"author":30,"featured_media":16120,"comment_status":"open","ping_status":"closed","sticky":false,"template":"","format":"standard","meta":{"footnotes":""},"categories":[3],"tags":[],"class_list":["post-16119","post","type-post","status-publish","format-standard","has-post-thumbnail","hentry","category-allmant"],"yoast_head":"<!-- This site is optimized with the Yoast SEO Premium plugin v14.9 - https:\/\/yoast.com\/wordpress\/plugins\/seo\/ -->\n<meta name=\"description\" content=\"Nominerad i Blog Awards 2014! | Helena Amiley - H\u00e4r hittar du senaste infromation om sk\u00f6nhet, livsstil, entrepren\u00f6rskap, makeup &amp; tips.\" \/>\n<meta name=\"robots\" content=\"index, follow, max-snippet:-1, max-image-preview:large, max-video-preview:-1\" \/>\n<link rel=\"canonical\" href=\"https:\/\/www.imakeyousmile.se\/en\/nominerad-i-blog-awards-2014\/\" \/>\n<meta property=\"og:locale\" content=\"en_US\" \/>\n<meta property=\"og:type\" content=\"article\" \/>\n<meta property=\"og:title\" content=\"Nominerad i Blog Awards 2014! | Imakeyousmile.se\" \/>\n<meta property=\"og:description\" content=\"Nominerad i Blog Awards 2014! | Helena Amiley - H\u00e4r hittar du senaste infromation om sk\u00f6nhet, livsstil, entrepren\u00f6rskap, makeup &amp; tips.\" \/>\n<meta property=\"og:url\" content=\"https:\/\/www.imakeyousmile.se\/en\/nominerad-i-blog-awards-2014\/\" \/>\n<meta property=\"og:site_name\" content=\"Imakeyousmile.se\" \/>\n<meta property=\"article:author\" content=\"https:\/\/www.facebook.com\/imakeyousmile.se\" \/>\n<meta property=\"article:published_time\" content=\"2014-08-13T17:21:00+00:00\" \/>\n<meta property=\"article:modified_time\" content=\"2014-08-13T17:30:20+00:00\" \/>\n<meta property=\"og:image\" content=\"https:\/\/www.imakeyousmile.se\/wp-content\/uploads\/2014\/08\/blogawards.jpg\" \/>\n\t<meta property=\"og:image:width\" content=\"628\" \/>\n\t<meta property=\"og:image:height\" content=\"406\" \/>\n<meta name=\"twitter:card\" content=\"summary_large_image\" \/>\n<script type=\"application\/ld+json\" class=\"yoast-schema-graph\">{\"@context\":\"https:\/\/schema.org\",\"@graph\":[{\"@type\":\"Organization\",\"@id\":\"https:\/\/www.imakeyousmile.se\/en\/#organization\",\"name\":\"Imakeyousmile\",\"url\":\"https:\/\/www.imakeyousmile.se\/en\/\",\"sameAs\":[],\"logo\":{\"@type\":\"ImageObject\",\"@id\":\"https:\/\/www.imakeyousmile.se\/en\/#logo\",\"inLanguage\":\"en-US\",\"url\":\"https:\/\/www.imakeyousmile.se\/wp-content\/uploads\/2020\/10\/HELENA-AMILEY_SVART-1-e1603367975324.png\",\"width\":280,\"height\":93,\"caption\":\"Imakeyousmile\"},\"image\":{\"@id\":\"https:\/\/www.imakeyousmile.se\/en\/#logo\"}},{\"@type\":\"WebSite\",\"@id\":\"https:\/\/www.imakeyousmile.se\/en\/#website\",\"url\":\"https:\/\/www.imakeyousmile.se\/en\/\",\"name\":\"Imakeyousmile.se\",\"description\":\"Helena Amiley - Beauty, Entrepreneur, Lifestyle\",\"publisher\":{\"@id\":\"https:\/\/www.imakeyousmile.se\/en\/#organization\"},\"potentialAction\":[{\"@type\":\"SearchAction\",\"target\":\"https:\/\/www.imakeyousmile.se\/en\/?s={search_term_string}\",\"query-input\":\"required name=search_term_string\"}],\"inLanguage\":\"en-US\"},{\"@type\":\"ImageObject\",\"@id\":\"https:\/\/www.imakeyousmile.se\/nominerad-i-blog-awards-2014\/#primaryimage\",\"inLanguage\":\"en-US\",\"url\":\"https:\/\/www.imakeyousmile.se\/wp-content\/uploads\/2014\/08\/blogawards.jpg\",\"width\":628,\"height\":406},{\"@type\":\"WebPage\",\"@id\":\"https:\/\/www.imakeyousmile.se\/nominerad-i-blog-awards-2014\/#webpage\",\"url\":\"https:\/\/www.imakeyousmile.se\/nominerad-i-blog-awards-2014\/\",\"name\":\"Nominerad i Blog Awards 2014! | Imakeyousmile.se\",\"isPartOf\":{\"@id\":\"https:\/\/www.imakeyousmile.se\/en\/#website\"},\"primaryImageOfPage\":{\"@id\":\"https:\/\/www.imakeyousmile.se\/nominerad-i-blog-awards-2014\/#primaryimage\"},\"datePublished\":\"2014-08-13T17:21:00+00:00\",\"dateModified\":\"2014-08-13T17:30:20+00:00\",\"description\":\"Nominerad i Blog Awards 2014! | Helena Amiley - H\\u00e4r hittar du senaste infromation om sk\\u00f6nhet, livsstil, entrepren\\u00f6rskap, makeup & tips.\",\"inLanguage\":\"en-US\",\"potentialAction\":[{\"@type\":\"ReadAction\",\"target\":[\"https:\/\/www.imakeyousmile.se\/nominerad-i-blog-awards-2014\/\"]}]},{\"@type\":\"Article\",\"@id\":\"https:\/\/www.imakeyousmile.se\/nominerad-i-blog-awards-2014\/#article\",\"isPartOf\":{\"@id\":\"https:\/\/www.imakeyousmile.se\/nominerad-i-blog-awards-2014\/#webpage\"},\"author\":{\"@id\":\"https:\/\/www.imakeyousmile.se\/en\/#\/schema\/person\/b0fd43b1c6bb1c60cfd68bff9b4a10fb\"},\"headline\":\"Nominerad i Blog Awards 2014!\",\"datePublished\":\"2014-08-13T17:21:00+00:00\",\"dateModified\":\"2014-08-13T17:30:20+00:00\",\"mainEntityOfPage\":{\"@id\":\"https:\/\/www.imakeyousmile.se\/nominerad-i-blog-awards-2014\/#webpage\"},\"commentCount\":6,\"publisher\":{\"@id\":\"https:\/\/www.imakeyousmile.se\/en\/#organization\"},\"image\":{\"@id\":\"https:\/\/www.imakeyousmile.se\/nominerad-i-blog-awards-2014\/#primaryimage\"},\"articleSection\":\"\\u00d6vrigt\",\"inLanguage\":\"en-US\",\"potentialAction\":[{\"@type\":\"CommentAction\",\"name\":\"Comment\",\"target\":[\"https:\/\/www.imakeyousmile.se\/nominerad-i-blog-awards-2014\/#respond\"]}]},{\"@type\":\"Person\",\"@id\":\"https:\/\/www.imakeyousmile.se\/en\/#\/schema\/person\/b0fd43b1c6bb1c60cfd68bff9b4a10fb\",\"name\":\"Helena Amiley\",\"image\":{\"@type\":\"ImageObject\",\"@id\":\"https:\/\/www.imakeyousmile.se\/en\/#personlogo\",\"inLanguage\":\"en-US\",\"url\":\"https:\/\/secure.gravatar.com\/avatar\/5645558e1e355457a23368d7e1b4c904?s=96&d=mm&r=g\",\"caption\":\"Helena Amiley\"},\"description\":\"Jag skriver mest om sk\\u00f6nhet men bjuder \\u00e4ven p\\u00e5 glimtar fr\\u00e5n entrepren\\u00f6rlivet och bygget av v\\u00e5r egen camper van. Vanlife here we come!\",\"sameAs\":[\"https:\/\/www.facebook.com\/imakeyousmile.se\",\"https:\/\/www.instagram.com\/helenaamiley\",\"https:\/\/www.youtube.com\/channel\/UCR5iB6rvpV6Yr8ZjpQfr5mg?view_as=subscriber\"]}]}<\/script>\n<!-- \/ Yoast SEO Premium plugin. -->","_links":{"self":[{"href":"https:\/\/www.imakeyousmile.se\/en\/wp-json\/wp\/v2\/posts\/16119"}],"collection":[{"href":"https:\/\/www.imakeyousmile.se\/en\/wp-json\/wp\/v2\/posts"}],"about":[{"href":"https:\/\/www.imakeyousmile.se\/en\/wp-json\/wp\/v2\/types\/post"}],"author":[{"embeddable":true,"href":"https:\/\/www.imakeyousmile.se\/en\/wp-json\/wp\/v2\/users\/30"}],"replies":[{"embeddable":true,"href":"https:\/\/www.imakeyousmile.se\/en\/wp-json\/wp\/v2\/comments?post=16119"}],"version-history":[{"count":0,"href":"https:\/\/www.imakeyousmile.se\/en\/wp-json\/wp\/v2\/posts\/16119\/revisions"}],"wp:featuredmedia":[{"embeddable":true,"href":"https:\/\/www.imakeyousmile.se\/en\/wp-json\/wp\/v2\/media\/16120"}],"wp:attachment":[{"href":"https:\/\/www.imakeyousmile.se\/en\/wp-json\/wp\/v2\/media?parent=16119"}],"wp:term":[{"taxonomy":"category","embeddable":true,"href":"https:\/\/www.imakeyousmile.se\/en\/wp-json\/wp\/v2\/categories?post=16119"},{"taxonomy":"post_tag","embeddable":true,"href":"https:\/\/www.imakeyousmile.se\/en\/wp-json\/wp\/v2\/tags?post=16119"}],"curies":[{"name":"wp","href":"https:\/\/api.w.org\/{rel}","templated":true}]}}