{"id":16201,"date":"2014-08-15T15:29:57","date_gmt":"2014-08-15T13:29:57","guid":{"rendered":"http:\/\/www.imakeyousmile.se\/?p=16201"},"modified":"2015-04-19T10:20:53","modified_gmt":"2015-04-19T08:20:53","slug":"vr-sminkning","status":"publish","type":"post","link":"https:\/\/www.imakeyousmile.se\/en\/vr-makeup\/","title":{"rendered":"VR makeup"},"content":{"rendered":"<p>I went bananas with the eyeshadow palette that was included in Veckorevyn&#039;s new magazine that I bought the day before yesterday!<\/p>\n<p>The eyeshadows are really rich in pigment and nice, above all I like the burgundy eyeshadow, how beautiful is it not this autumn? Must make another look with only the one I feel :)<\/p>\n<p>Hope you are inspired!<\/p>\n<p><a style=\"color: #1f9ee7;\" href=\"http:\/\/www.imakeyousmile.se\/wp-content\/uploads\/2014\/08\/IMG_9209_111.jpg\"><img loading=\"lazy\" decoding=\"async\" class=\"alignnone size-large wp-image-16204\" src=\"http:\/\/www.imakeyousmile.se\/wp-content\/uploads\/2014\/08\/IMG_9209_111-1024x817.jpg\" alt=\"IMG_9209_111\" width=\"700\" height=\"558\" srcset=\"https:\/\/www.imakeyousmile.se\/wp-content\/uploads\/2014\/08\/IMG_9209_111-1024x817.jpg 1024w, https:\/\/www.imakeyousmile.se\/wp-content\/uploads\/2014\/08\/IMG_9209_111-300x239.jpg 300w, https:\/\/www.imakeyousmile.se\/wp-content\/uploads\/2014\/08\/IMG_9209_111-700x558.jpg 700w, https:\/\/www.imakeyousmile.se\/wp-content\/uploads\/2014\/08\/IMG_9209_111-447x357.jpg 447w, https:\/\/www.imakeyousmile.se\/wp-content\/uploads\/2014\/08\/IMG_9209_111-605x483.jpg 605w\" sizes=\"(max-width: 700px) 100vw, 700px\" \/><\/a><\/p>\n<p><a href=\"http:\/\/www.imakeyousmile.se\/wp-content\/uploads\/2014\/08\/IMG_9394.jpg\"><img loading=\"lazy\" decoding=\"async\" class=\"alignnone size-large wp-image-16207\" src=\"http:\/\/www.imakeyousmile.se\/wp-content\/uploads\/2014\/08\/IMG_9394-989x1024.jpg\" alt=\"IMG_9394\" width=\"700\" height=\"724\" srcset=\"https:\/\/www.imakeyousmile.se\/wp-content\/uploads\/2014\/08\/IMG_9394-989x1024.jpg 989w, https:\/\/www.imakeyousmile.se\/wp-content\/uploads\/2014\/08\/IMG_9394-289x300.jpg 289w, https:\/\/www.imakeyousmile.se\/wp-content\/uploads\/2014\/08\/IMG_9394-700x724.jpg 700w, https:\/\/www.imakeyousmile.se\/wp-content\/uploads\/2014\/08\/IMG_9394-345x357.jpg 345w, https:\/\/www.imakeyousmile.se\/wp-content\/uploads\/2014\/08\/IMG_9394-466x483.jpg 466w\" sizes=\"(max-width: 700px) 100vw, 700px\" \/><\/a><\/p>\n<p>I have used all eye shadows except the light purple.<\/p>\n<p><a href=\"http:\/\/www.imakeyousmile.se\/wp-content\/uploads\/2014\/08\/IMG_9200_111.jpg\"><img loading=\"lazy\" decoding=\"async\" class=\"alignnone size-large wp-image-16202\" src=\"http:\/\/www.imakeyousmile.se\/wp-content\/uploads\/2014\/08\/IMG_9200_111-1024x723.jpg\" alt=\"IMG_9200_111\" width=\"700\" height=\"494\" srcset=\"https:\/\/www.imakeyousmile.se\/wp-content\/uploads\/2014\/08\/IMG_9200_111-1024x723.jpg 1024w, https:\/\/www.imakeyousmile.se\/wp-content\/uploads\/2014\/08\/IMG_9200_111-300x211.jpg 300w, https:\/\/www.imakeyousmile.se\/wp-content\/uploads\/2014\/08\/IMG_9200_111-700x494.jpg 700w, https:\/\/www.imakeyousmile.se\/wp-content\/uploads\/2014\/08\/IMG_9200_111-505x357.jpg 505w, https:\/\/www.imakeyousmile.se\/wp-content\/uploads\/2014\/08\/IMG_9200_111-683x483.jpg 683w, https:\/\/www.imakeyousmile.se\/wp-content\/uploads\/2014\/08\/IMG_9200_111.jpg 1710w\" sizes=\"(max-width: 700px) 100vw, 700px\" \/><\/a><\/p>\n<p><strong><span style=\"color: #ff9900;\">Bright, golden eye shadow<\/span><\/strong> innermost on the eyelid and innermost on the lower lash line.<br \/>\n<span style=\"color: #993366;\"><strong>Burgundy eye shadow<\/strong><\/span> in the middle of the eyelid, the lower lash line and the innermost part of the globe line.<br \/>\n<strong><span style=\"color: #993300;\">Brown eye shadow<\/span><\/strong> at the end of the eyelid and the globe line.<br \/>\n<strong><span style=\"color: #000000;\">Black eye shadow<\/span> <\/strong>smoky at the end of the eyelid and lower lash line.<br \/>\n<strong><span style=\"color: #c0c0c0;\">Gray eye shadow<\/span><\/strong> In the corner of the eye.<br \/>\n<strong><span style=\"color: #000000;\">Black eyeliner<\/span><\/strong> along the waterline, <a href=\"http:\/\/creativemakeup.se\/produkt\/paese-linea-automatic-eyeliner\/\" target=\"_blank\">Paese Linea Automatic Eyeliner.<\/a><br \/>\n<strong><span style=\"color: #000000;\">Black eyeliner<\/span><\/strong> with wing, <a href=\"http:\/\/creativemakeup.se\/produkt\/paese-penliner\/\" target=\"_blank\">Paese Penliner.<\/a><br \/>\n<strong><span style=\"color: #000000;\">Black mascara<\/span><\/strong> on all lashes, <a href=\"https:\/\/creativemakeup.se\/butik\/marken\/santhilea-london\/santhilea-magnetic-lash\/\" target=\"_blank\">Magnetic Lash Mascara.<\/a><\/p>\n<p><a href=\"http:\/\/www.imakeyousmile.se\/wp-content\/uploads\/2014\/08\/IMG_9208_111.jpg\"><img loading=\"lazy\" decoding=\"async\" class=\"alignnone size-large wp-image-16203\" src=\"http:\/\/www.imakeyousmile.se\/wp-content\/uploads\/2014\/08\/IMG_9208_111-1024x909.jpg\" alt=\"IMG_9208_111\" width=\"700\" height=\"621\" srcset=\"https:\/\/www.imakeyousmile.se\/wp-content\/uploads\/2014\/08\/IMG_9208_111-1024x909.jpg 1024w, https:\/\/www.imakeyousmile.se\/wp-content\/uploads\/2014\/08\/IMG_9208_111-300x266.jpg 300w, https:\/\/www.imakeyousmile.se\/wp-content\/uploads\/2014\/08\/IMG_9208_111-700x621.jpg 700w, https:\/\/www.imakeyousmile.se\/wp-content\/uploads\/2014\/08\/IMG_9208_111-402x357.jpg 402w, https:\/\/www.imakeyousmile.se\/wp-content\/uploads\/2014\/08\/IMG_9208_111-544x483.jpg 544w\" sizes=\"(max-width: 700px) 100vw, 700px\" \/><\/a><\/p>\n<p>Nude lips,<a href=\"http:\/\/creativemakeup.se\/produkt\/paese-lappstift\/\" target=\"_blank\"> Paese Lipstick with argan oil in shade 17<\/a>.<\/p>\n<p><a href=\"http:\/\/www.imakeyousmile.se\/wp-content\/uploads\/2014\/08\/IMG_9314_111.jpg\"><img loading=\"lazy\" decoding=\"async\" class=\"alignnone size-large wp-image-16205\" src=\"http:\/\/www.imakeyousmile.se\/wp-content\/uploads\/2014\/08\/IMG_9314_111-853x1024.jpg\" alt=\"IMG_9314_111\" width=\"700\" height=\"840\" srcset=\"https:\/\/www.imakeyousmile.se\/wp-content\/uploads\/2014\/08\/IMG_9314_111-853x1024.jpg 853w, https:\/\/www.imakeyousmile.se\/wp-content\/uploads\/2014\/08\/IMG_9314_111-250x300.jpg 250w, https:\/\/www.imakeyousmile.se\/wp-content\/uploads\/2014\/08\/IMG_9314_111-700x840.jpg 700w, https:\/\/www.imakeyousmile.se\/wp-content\/uploads\/2014\/08\/IMG_9314_111-297x357.jpg 297w, https:\/\/www.imakeyousmile.se\/wp-content\/uploads\/2014\/08\/IMG_9314_111-402x483.jpg 402w\" sizes=\"(max-width: 700px) 100vw, 700px\" \/><\/a><\/p>\n<p>What do you think? :)<\/p>\n<p>Now I have put on make-up and am going to Uppsala in a slightly more discreet look. It&#039;s kind of a concert in the Botanical Garden if I have understood correctly (?) And there Frida and I will hang out tonight! That&#039;s the plan anyway, you never know with us;)<\/p>\n<p><strong>Have a wonderful Friday night nice you!<\/strong><\/p>","protected":false},"excerpt":{"rendered":"<p>Jag gick bananas med \u00f6gonskuggspaletten som kom med i Veckorevyns nya tidning som jag k\u00f6pte i f\u00f6rrg\u00e5r! \u00d6gonskuggorna \u00e4r riktigt pigmentrika och fina, framf\u00f6r allt s\u00e5 gillar jag den vinr\u00f6da \u00f6gonskuggan, hur snyggt \u00e4r inte det i h\u00f6st? M\u00e5ste g\u00f6ra en till look med bara den k\u00e4nner jag :) Hoppas ni blir inspirerade! Jag har [&hellip;]<\/p>\n","protected":false},"author":30,"featured_media":16202,"comment_status":"open","ping_status":"closed","sticky":false,"template":"","format":"standard","meta":{"footnotes":""},"categories":[2827],"tags":[],"class_list":["post-16201","post","type-post","status-publish","format-standard","has-post-thumbnail","hentry","category-vardagssminkningar"],"yoast_head":"<!-- This site is optimized with the Yoast SEO Premium plugin v14.9 - https:\/\/yoast.com\/wordpress\/plugins\/seo\/ -->\n<meta name=\"description\" content=\"VR-sminkning | Helena Amiley - H\u00e4r hittar du senaste infromation om sk\u00f6nhet, livsstil, entrepren\u00f6rskap, makeup &amp; tips.\" \/>\n<meta name=\"robots\" content=\"index, follow, max-snippet:-1, max-image-preview:large, max-video-preview:-1\" \/>\n<link rel=\"canonical\" href=\"https:\/\/www.imakeyousmile.se\/en\/vr-sminkning\/\" \/>\n<meta property=\"og:locale\" content=\"en_US\" \/>\n<meta property=\"og:type\" content=\"article\" \/>\n<meta property=\"og:title\" content=\"VR-sminkning | Imakeyousmile.se\" \/>\n<meta property=\"og:description\" content=\"VR-sminkning | Helena Amiley - H\u00e4r hittar du senaste infromation om sk\u00f6nhet, livsstil, entrepren\u00f6rskap, makeup &amp; tips.\" \/>\n<meta property=\"og:url\" content=\"https:\/\/www.imakeyousmile.se\/en\/vr-sminkning\/\" \/>\n<meta property=\"og:site_name\" content=\"Imakeyousmile.se\" \/>\n<meta property=\"article:author\" content=\"https:\/\/www.facebook.com\/imakeyousmile.se\" \/>\n<meta property=\"article:published_time\" content=\"2014-08-15T13:29:57+00:00\" \/>\n<meta property=\"article:modified_time\" content=\"2015-04-19T08:20:53+00:00\" \/>\n<meta property=\"og:image\" content=\"https:\/\/www.imakeyousmile.se\/wp-content\/uploads\/2014\/08\/IMG_9200_111.jpg\" \/>\n\t<meta property=\"og:image:width\" content=\"1710\" \/>\n\t<meta property=\"og:image:height\" content=\"1208\" \/>\n<meta name=\"twitter:card\" content=\"summary_large_image\" \/>\n<script type=\"application\/ld+json\" class=\"yoast-schema-graph\">{\"@context\":\"https:\/\/schema.org\",\"@graph\":[{\"@type\":\"Organization\",\"@id\":\"https:\/\/www.imakeyousmile.se\/en\/#organization\",\"name\":\"Imakeyousmile\",\"url\":\"https:\/\/www.imakeyousmile.se\/en\/\",\"sameAs\":[],\"logo\":{\"@type\":\"ImageObject\",\"@id\":\"https:\/\/www.imakeyousmile.se\/en\/#logo\",\"inLanguage\":\"en-US\",\"url\":\"https:\/\/www.imakeyousmile.se\/wp-content\/uploads\/2020\/10\/HELENA-AMILEY_SVART-1-e1603367975324.png\",\"width\":280,\"height\":93,\"caption\":\"Imakeyousmile\"},\"image\":{\"@id\":\"https:\/\/www.imakeyousmile.se\/en\/#logo\"}},{\"@type\":\"WebSite\",\"@id\":\"https:\/\/www.imakeyousmile.se\/en\/#website\",\"url\":\"https:\/\/www.imakeyousmile.se\/en\/\",\"name\":\"Imakeyousmile.se\",\"description\":\"Helena Amiley - Beauty, Entrepreneur, Lifestyle\",\"publisher\":{\"@id\":\"https:\/\/www.imakeyousmile.se\/en\/#organization\"},\"potentialAction\":[{\"@type\":\"SearchAction\",\"target\":\"https:\/\/www.imakeyousmile.se\/en\/?s={search_term_string}\",\"query-input\":\"required name=search_term_string\"}],\"inLanguage\":\"en-US\"},{\"@type\":\"ImageObject\",\"@id\":\"https:\/\/www.imakeyousmile.se\/vr-sminkning\/#primaryimage\",\"inLanguage\":\"en-US\",\"url\":\"https:\/\/www.imakeyousmile.se\/wp-content\/uploads\/2014\/08\/IMG_9200_111.jpg\",\"width\":1710,\"height\":1208},{\"@type\":\"WebPage\",\"@id\":\"https:\/\/www.imakeyousmile.se\/vr-sminkning\/#webpage\",\"url\":\"https:\/\/www.imakeyousmile.se\/vr-sminkning\/\",\"name\":\"VR-sminkning | Imakeyousmile.se\",\"isPartOf\":{\"@id\":\"https:\/\/www.imakeyousmile.se\/en\/#website\"},\"primaryImageOfPage\":{\"@id\":\"https:\/\/www.imakeyousmile.se\/vr-sminkning\/#primaryimage\"},\"datePublished\":\"2014-08-15T13:29:57+00:00\",\"dateModified\":\"2015-04-19T08:20:53+00:00\",\"description\":\"VR-sminkning | Helena Amiley - H\\u00e4r hittar du senaste infromation om sk\\u00f6nhet, livsstil, entrepren\\u00f6rskap, makeup & tips.\",\"inLanguage\":\"en-US\",\"potentialAction\":[{\"@type\":\"ReadAction\",\"target\":[\"https:\/\/www.imakeyousmile.se\/vr-sminkning\/\"]}]},{\"@type\":\"Article\",\"@id\":\"https:\/\/www.imakeyousmile.se\/vr-sminkning\/#article\",\"isPartOf\":{\"@id\":\"https:\/\/www.imakeyousmile.se\/vr-sminkning\/#webpage\"},\"author\":{\"@id\":\"https:\/\/www.imakeyousmile.se\/en\/#\/schema\/person\/b0fd43b1c6bb1c60cfd68bff9b4a10fb\"},\"headline\":\"VR-sminkning\",\"datePublished\":\"2014-08-15T13:29:57+00:00\",\"dateModified\":\"2015-04-19T08:20:53+00:00\",\"mainEntityOfPage\":{\"@id\":\"https:\/\/www.imakeyousmile.se\/vr-sminkning\/#webpage\"},\"commentCount\":2,\"publisher\":{\"@id\":\"https:\/\/www.imakeyousmile.se\/en\/#organization\"},\"image\":{\"@id\":\"https:\/\/www.imakeyousmile.se\/vr-sminkning\/#primaryimage\"},\"articleSection\":\"Neutrala \/ milda sminkningar\",\"inLanguage\":\"en-US\",\"potentialAction\":[{\"@type\":\"CommentAction\",\"name\":\"Comment\",\"target\":[\"https:\/\/www.imakeyousmile.se\/vr-sminkning\/#respond\"]}]},{\"@type\":\"Person\",\"@id\":\"https:\/\/www.imakeyousmile.se\/en\/#\/schema\/person\/b0fd43b1c6bb1c60cfd68bff9b4a10fb\",\"name\":\"Helena Amiley\",\"image\":{\"@type\":\"ImageObject\",\"@id\":\"https:\/\/www.imakeyousmile.se\/en\/#personlogo\",\"inLanguage\":\"en-US\",\"url\":\"https:\/\/secure.gravatar.com\/avatar\/5645558e1e355457a23368d7e1b4c904?s=96&d=mm&r=g\",\"caption\":\"Helena Amiley\"},\"description\":\"Jag skriver mest om sk\\u00f6nhet men bjuder \\u00e4ven p\\u00e5 glimtar fr\\u00e5n entrepren\\u00f6rlivet och bygget av v\\u00e5r egen camper van. Vanlife here we come!\",\"sameAs\":[\"https:\/\/www.facebook.com\/imakeyousmile.se\",\"https:\/\/www.instagram.com\/helenaamiley\",\"https:\/\/www.youtube.com\/channel\/UCR5iB6rvpV6Yr8ZjpQfr5mg?view_as=subscriber\"]}]}<\/script>\n<!-- \/ Yoast SEO Premium plugin. -->","_links":{"self":[{"href":"https:\/\/www.imakeyousmile.se\/en\/wp-json\/wp\/v2\/posts\/16201"}],"collection":[{"href":"https:\/\/www.imakeyousmile.se\/en\/wp-json\/wp\/v2\/posts"}],"about":[{"href":"https:\/\/www.imakeyousmile.se\/en\/wp-json\/wp\/v2\/types\/post"}],"author":[{"embeddable":true,"href":"https:\/\/www.imakeyousmile.se\/en\/wp-json\/wp\/v2\/users\/30"}],"replies":[{"embeddable":true,"href":"https:\/\/www.imakeyousmile.se\/en\/wp-json\/wp\/v2\/comments?post=16201"}],"version-history":[{"count":1,"href":"https:\/\/www.imakeyousmile.se\/en\/wp-json\/wp\/v2\/posts\/16201\/revisions"}],"predecessor-version":[{"id":19043,"href":"https:\/\/www.imakeyousmile.se\/en\/wp-json\/wp\/v2\/posts\/16201\/revisions\/19043"}],"wp:featuredmedia":[{"embeddable":true,"href":"https:\/\/www.imakeyousmile.se\/en\/wp-json\/wp\/v2\/media\/16202"}],"wp:attachment":[{"href":"https:\/\/www.imakeyousmile.se\/en\/wp-json\/wp\/v2\/media?parent=16201"}],"wp:term":[{"taxonomy":"category","embeddable":true,"href":"https:\/\/www.imakeyousmile.se\/en\/wp-json\/wp\/v2\/categories?post=16201"},{"taxonomy":"post_tag","embeddable":true,"href":"https:\/\/www.imakeyousmile.se\/en\/wp-json\/wp\/v2\/tags?post=16201"}],"curies":[{"name":"wp","href":"https:\/\/api.w.org\/{rel}","templated":true}]}}