{"id":1629,"date":"2011-03-17T11:17:00","date_gmt":"2011-03-17T10:17:00","guid":{"rendered":"http:\/\/www.imakeyousmile.se\/och-jag-alskar-livet-det-far-du-inte-ta-ifran-mig\/"},"modified":"2011-03-17T11:17:00","modified_gmt":"2011-03-17T10:17:00","slug":"och-jag-alskar-livet-det-far-du-inte-ta-ifran-mig","status":"publish","type":"post","link":"https:\/\/www.imakeyousmile.se\/en\/and-i-love-life-it-father-you-do-not-take-away-from-me\/","title":{"rendered":"And I love life, you must not take it away from me"},"content":{"rendered":"<p>Have a nice day today! Went to the lesson which was supposed to last until 12 o&#039;clock, but finished last week so had to stop almost immediately. <\/p>\n<p>And the next lesson, psychology, starts at 12.40 and it&#039;s so much fun that I&#039;d rather be there than sitting and nesting in the room!<\/p>\n<p><span style=\"font-size: large;\">Here is today&#039;s makeup:<\/span><\/p>\n<div style=\"clear: both; text-align: center;\"><\/div>\n<div style=\"clear: both; text-align: center;\"><a href=\"https:\/\/lh3.googleusercontent.com\/-dq9X0NdzldU\/TYHZ-CW9aKI\/AAAAAAAADi0\/SnGl1S48-sA\/s1600\/DSCN0463.jpg\" style=\"margin-left: 1em; margin-right: 1em;\"><img loading=\"lazy\" decoding=\"async\" border=\"0\" height=\"287\" r6=\"true\" src=\"https:\/\/lh3.googleusercontent.com\/-dq9X0NdzldU\/TYHZ-CW9aKI\/AAAAAAAADi0\/SnGl1S48-sA\/s320\/DSCN0463.jpg\" width=\"320\" \/><\/a><\/div>\n<div style=\"clear: both; text-align: center;\"><\/div>\n<div style=\"clear: both; text-align: center;\"><span style=\"color: #ea9999; font-size: large;\"><strong>Pink<\/strong><\/span> eye shadow on the eyelid, <em>88 palettes.<\/em><\/div>\n<div style=\"clear: both; text-align: center;\"><span style=\"color: #a64d79;\"><strong><span style=\"color: purple; font-size: large;\">Purple<\/span> <\/strong><\/span>eye shadow along the eyeball line, <em>88 palettes.<\/em><\/div>\n<div style=\"clear: both; text-align: center;\"><span style=\"color: #cc0000; font-size: large;\"><strong>Wine red<\/strong><\/span> eye shadow <u>over<\/u> eyeball line purple, <em>88 palettes.<\/em><\/div>\n<div style=\"clear: both; text-align: center;\"><span style=\"color: #351c75; font-size: large;\"><strong>Navy blue<\/strong><\/span> eye shadow on the lower lash line, <em>88 palettes.<\/em><\/div>\n<div style=\"clear: both; text-align: center;\"><span style=\"font-size: large;\"><strong><span style=\"color: #444444;\">Gray-black<\/span><\/strong> <\/span>eye shadow at the end of the lower lash line and at the far end of the eyeball line, <em>88 palettes.<\/em><\/div>\n<div style=\"clear: both; text-align: center;\"><\/div>\n<div style=\"clear: both; text-align: center;\"><strong>Black<\/strong> eyeliner on the inner and upper lash line, <em>H&amp;M.<\/em><\/div>\n<div style=\"clear: both; text-align: center;\">Glitter eyeliner in the corner of the eye, <em>Viva la Diva.<\/em><\/div>\n<p><\/p>\n<div style=\"clear: both; text-align: center;\"><a href=\"https:\/\/lh5.googleusercontent.com\/-uhYQeYZHzgs\/TYHZ_Urij6I\/AAAAAAAADi4\/NMhgX1OOROU\/s1600\/DSCN0455.jpg\" style=\"margin-left: 1em; margin-right: 1em;\"><img loading=\"lazy\" decoding=\"async\" border=\"0\" height=\"640\" r6=\"true\" src=\"https:\/\/lh5.googleusercontent.com\/-uhYQeYZHzgs\/TYHZ_Urij6I\/AAAAAAAADi4\/NMhgX1OOROU\/s640\/DSCN0455.jpg\" width=\"484\" \/><\/a><\/div>\n<div style=\"clear: both; text-align: center;\"><\/div>\n<div style=\"clear: both; text-align: center;\"><span style=\"font-size: large;\">Full image without filled eyebrows.<\/span><\/div>\n<p><\/p>\n<div style=\"clear: both; text-align: center;\"><a href=\"https:\/\/lh5.googleusercontent.com\/-5iE4xIS0VuE\/TYHaBI4jJzI\/AAAAAAAADi8\/NiulEY1ABpE\/s1600\/DSCN0470.jpg\" style=\"margin-left: 1em; margin-right: 1em;\"><img loading=\"lazy\" decoding=\"async\" border=\"0\" height=\"640\" r6=\"true\" src=\"https:\/\/lh5.googleusercontent.com\/-5iE4xIS0VuE\/TYHaBI4jJzI\/AAAAAAAADi8\/NiulEY1ABpE\/s640\/DSCN0470.jpg\" width=\"424\" \/><\/a><\/div>\n<div style=\"clear: both; text-align: center;\"><span style=\"font-size: large;\">Full image with filled eyebrows.<\/span><\/div>\n<div style=\"clear: both; text-align: center;\">Eyebrow Pencil, <em>H&amp;M<\/em><\/div>\n<div style=\"clear: both; text-align: center;\">Lipstick,<em> 66 lipstick palette.<\/em><\/div>\n<div style=\"clear: both; text-align: center;\"><\/div>\n<div style=\"clear: both; text-align: left;\"><\/div>\n<div style=\"clear: both; text-align: left;\">Now there is only one night left before the weekend begins, and after next week my long-awaited internship begins !!!<\/div>\n<div style=\"clear: both; text-align: left;\"><\/div>\n<div style=\"clear: both; text-align: center;\"><span style=\"font-size: x-large;\"><em>Waaaah!<\/em><\/span><\/div>","protected":false},"excerpt":{"rendered":"<p>Sk\u00f6n dag idag! Gick p\u00e5 lektionen som skulle varat till kl 12, men blev klar f\u00f6rra veckan s\u00e5 fick sluta n\u00e4stan direkt. Och n\u00e4sta lektion, psykologi, b\u00f6rjar 12.40 och\u00a0det \u00e4r s\u00e5 rolig att jag hellre \u00e4r d\u00e4r \u00e4n sitter och h\u00e4ckar p\u00e5 rummet! H\u00e4r kommer dagens sminkning: Rosa \u00f6gonskugga p\u00e5 \u00f6gonlocket, 88 paletten. Lila \u00f6gonskugga [&hellip;]<\/p>\n","protected":false},"author":30,"featured_media":0,"comment_status":"open","ping_status":"open","sticky":false,"template":"","format":"standard","meta":{"footnotes":""},"categories":[3],"tags":[],"class_list":["post-1629","post","type-post","status-publish","format-standard","hentry","category-allmant"],"yoast_head":"<!-- This site is optimized with the Yoast SEO Premium plugin v14.9 - https:\/\/yoast.com\/wordpress\/plugins\/seo\/ -->\n<meta name=\"description\" content=\"Och jag \u00e4lskar livet, det f\u00e5r du inte ta ifr\u00e5n mig | Helena Amiley - H\u00e4r hittar du senaste infromation om sk\u00f6nhet, livsstil, entrepren\u00f6rskap, makeup &amp; tips.\" \/>\n<meta name=\"robots\" content=\"index, follow, max-snippet:-1, max-image-preview:large, max-video-preview:-1\" \/>\n<link rel=\"canonical\" href=\"https:\/\/www.imakeyousmile.se\/en\/och-jag-alskar-livet-det-far-du-inte-ta-ifran-mig\/\" \/>\n<meta property=\"og:locale\" content=\"en_US\" \/>\n<meta property=\"og:type\" content=\"article\" \/>\n<meta property=\"og:title\" content=\"Och jag \u00e4lskar livet, det f\u00e5r du inte ta ifr\u00e5n mig | Imakeyousmile.se\" \/>\n<meta property=\"og:description\" content=\"Och jag \u00e4lskar livet, det f\u00e5r du inte ta ifr\u00e5n mig | Helena Amiley - H\u00e4r hittar du senaste infromation om sk\u00f6nhet, livsstil, entrepren\u00f6rskap, makeup &amp; tips.\" \/>\n<meta property=\"og:url\" content=\"https:\/\/www.imakeyousmile.se\/en\/och-jag-alskar-livet-det-far-du-inte-ta-ifran-mig\/\" \/>\n<meta property=\"og:site_name\" content=\"Imakeyousmile.se\" \/>\n<meta property=\"article:author\" content=\"https:\/\/www.facebook.com\/imakeyousmile.se\" \/>\n<meta property=\"article:published_time\" content=\"2011-03-17T10:17:00+00:00\" \/>\n<meta property=\"og:image\" content=\"https:\/\/lh3.googleusercontent.com\/-dq9X0NdzldU\/TYHZ-CW9aKI\/AAAAAAAADi0\/SnGl1S48-sA\/s320\/DSCN0463.jpg\" \/>\n<meta name=\"twitter:card\" content=\"summary_large_image\" \/>\n<script type=\"application\/ld+json\" class=\"yoast-schema-graph\">{\"@context\":\"https:\/\/schema.org\",\"@graph\":[{\"@type\":\"Organization\",\"@id\":\"https:\/\/www.imakeyousmile.se\/en\/#organization\",\"name\":\"Imakeyousmile\",\"url\":\"https:\/\/www.imakeyousmile.se\/en\/\",\"sameAs\":[],\"logo\":{\"@type\":\"ImageObject\",\"@id\":\"https:\/\/www.imakeyousmile.se\/en\/#logo\",\"inLanguage\":\"en-US\",\"url\":\"https:\/\/www.imakeyousmile.se\/wp-content\/uploads\/2020\/10\/HELENA-AMILEY_SVART-1-e1603367975324.png\",\"width\":280,\"height\":93,\"caption\":\"Imakeyousmile\"},\"image\":{\"@id\":\"https:\/\/www.imakeyousmile.se\/en\/#logo\"}},{\"@type\":\"WebSite\",\"@id\":\"https:\/\/www.imakeyousmile.se\/en\/#website\",\"url\":\"https:\/\/www.imakeyousmile.se\/en\/\",\"name\":\"Imakeyousmile.se\",\"description\":\"Helena Amiley - Beauty, Entrepreneur, Lifestyle\",\"publisher\":{\"@id\":\"https:\/\/www.imakeyousmile.se\/en\/#organization\"},\"potentialAction\":[{\"@type\":\"SearchAction\",\"target\":\"https:\/\/www.imakeyousmile.se\/en\/?s={search_term_string}\",\"query-input\":\"required name=search_term_string\"}],\"inLanguage\":\"en-US\"},{\"@type\":\"ImageObject\",\"@id\":\"https:\/\/www.imakeyousmile.se\/och-jag-alskar-livet-det-far-du-inte-ta-ifran-mig\/#primaryimage\",\"inLanguage\":\"en-US\",\"url\":\"https:\/\/lh3.googleusercontent.com\/-dq9X0NdzldU\/TYHZ-CW9aKI\/AAAAAAAADi0\/SnGl1S48-sA\/s320\/DSCN0463.jpg\"},{\"@type\":\"WebPage\",\"@id\":\"https:\/\/www.imakeyousmile.se\/och-jag-alskar-livet-det-far-du-inte-ta-ifran-mig\/#webpage\",\"url\":\"https:\/\/www.imakeyousmile.se\/och-jag-alskar-livet-det-far-du-inte-ta-ifran-mig\/\",\"name\":\"Och jag \\u00e4lskar livet, det f\\u00e5r du inte ta ifr\\u00e5n mig | Imakeyousmile.se\",\"isPartOf\":{\"@id\":\"https:\/\/www.imakeyousmile.se\/en\/#website\"},\"primaryImageOfPage\":{\"@id\":\"https:\/\/www.imakeyousmile.se\/och-jag-alskar-livet-det-far-du-inte-ta-ifran-mig\/#primaryimage\"},\"datePublished\":\"2011-03-17T10:17:00+00:00\",\"dateModified\":\"2011-03-17T10:17:00+00:00\",\"description\":\"Och jag \\u00e4lskar livet, det f\\u00e5r du inte ta ifr\\u00e5n mig | Helena Amiley - H\\u00e4r hittar du senaste infromation om sk\\u00f6nhet, livsstil, entrepren\\u00f6rskap, makeup & tips.\",\"inLanguage\":\"en-US\",\"potentialAction\":[{\"@type\":\"ReadAction\",\"target\":[\"https:\/\/www.imakeyousmile.se\/och-jag-alskar-livet-det-far-du-inte-ta-ifran-mig\/\"]}]},{\"@type\":\"Article\",\"@id\":\"https:\/\/www.imakeyousmile.se\/och-jag-alskar-livet-det-far-du-inte-ta-ifran-mig\/#article\",\"isPartOf\":{\"@id\":\"https:\/\/www.imakeyousmile.se\/och-jag-alskar-livet-det-far-du-inte-ta-ifran-mig\/#webpage\"},\"author\":{\"@id\":\"https:\/\/www.imakeyousmile.se\/en\/#\/schema\/person\/b0fd43b1c6bb1c60cfd68bff9b4a10fb\"},\"headline\":\"Och jag \\u00e4lskar livet, det f\\u00e5r du inte ta ifr\\u00e5n mig\",\"datePublished\":\"2011-03-17T10:17:00+00:00\",\"dateModified\":\"2011-03-17T10:17:00+00:00\",\"mainEntityOfPage\":{\"@id\":\"https:\/\/www.imakeyousmile.se\/och-jag-alskar-livet-det-far-du-inte-ta-ifran-mig\/#webpage\"},\"commentCount\":0,\"publisher\":{\"@id\":\"https:\/\/www.imakeyousmile.se\/en\/#organization\"},\"image\":{\"@id\":\"https:\/\/www.imakeyousmile.se\/och-jag-alskar-livet-det-far-du-inte-ta-ifran-mig\/#primaryimage\"},\"articleSection\":\"\\u00d6vrigt\",\"inLanguage\":\"en-US\",\"potentialAction\":[{\"@type\":\"CommentAction\",\"name\":\"Comment\",\"target\":[\"https:\/\/www.imakeyousmile.se\/och-jag-alskar-livet-det-far-du-inte-ta-ifran-mig\/#respond\"]}]},{\"@type\":\"Person\",\"@id\":\"https:\/\/www.imakeyousmile.se\/en\/#\/schema\/person\/b0fd43b1c6bb1c60cfd68bff9b4a10fb\",\"name\":\"Helena Amiley\",\"image\":{\"@type\":\"ImageObject\",\"@id\":\"https:\/\/www.imakeyousmile.se\/en\/#personlogo\",\"inLanguage\":\"en-US\",\"url\":\"https:\/\/secure.gravatar.com\/avatar\/5645558e1e355457a23368d7e1b4c904?s=96&d=mm&r=g\",\"caption\":\"Helena Amiley\"},\"description\":\"Jag skriver mest om sk\\u00f6nhet men bjuder \\u00e4ven p\\u00e5 glimtar fr\\u00e5n entrepren\\u00f6rlivet och bygget av v\\u00e5r egen camper van. Vanlife here we come!\",\"sameAs\":[\"https:\/\/www.facebook.com\/imakeyousmile.se\",\"https:\/\/www.instagram.com\/helenaamiley\",\"https:\/\/www.youtube.com\/channel\/UCR5iB6rvpV6Yr8ZjpQfr5mg?view_as=subscriber\"]}]}<\/script>\n<!-- \/ Yoast SEO Premium plugin. -->","_links":{"self":[{"href":"https:\/\/www.imakeyousmile.se\/en\/wp-json\/wp\/v2\/posts\/1629"}],"collection":[{"href":"https:\/\/www.imakeyousmile.se\/en\/wp-json\/wp\/v2\/posts"}],"about":[{"href":"https:\/\/www.imakeyousmile.se\/en\/wp-json\/wp\/v2\/types\/post"}],"author":[{"embeddable":true,"href":"https:\/\/www.imakeyousmile.se\/en\/wp-json\/wp\/v2\/users\/30"}],"replies":[{"embeddable":true,"href":"https:\/\/www.imakeyousmile.se\/en\/wp-json\/wp\/v2\/comments?post=1629"}],"version-history":[{"count":0,"href":"https:\/\/www.imakeyousmile.se\/en\/wp-json\/wp\/v2\/posts\/1629\/revisions"}],"wp:attachment":[{"href":"https:\/\/www.imakeyousmile.se\/en\/wp-json\/wp\/v2\/media?parent=1629"}],"wp:term":[{"taxonomy":"category","embeddable":true,"href":"https:\/\/www.imakeyousmile.se\/en\/wp-json\/wp\/v2\/categories?post=1629"},{"taxonomy":"post_tag","embeddable":true,"href":"https:\/\/www.imakeyousmile.se\/en\/wp-json\/wp\/v2\/tags?post=1629"}],"curies":[{"name":"wp","href":"https:\/\/api.w.org\/{rel}","templated":true}]}}