{"id":16504,"date":"2014-08-16T11:59:16","date_gmt":"2014-08-16T09:59:16","guid":{"rendered":"http:\/\/www.imakeyousmile.se\/?p=16504"},"modified":"2014-08-16T11:59:16","modified_gmt":"2014-08-16T09:59:16","slug":"dagen-efter-sminkning","status":"publish","type":"post","link":"https:\/\/www.imakeyousmile.se\/en\/day-after-makeup\/","title":{"rendered":"The day after make-up"},"content":{"rendered":"<p>I do not party often but yesterday it was a super fun night out in Uppsala with old classmates from high school, and today I have exercise pain in my stomach from all the laughing! : D<\/p>\n<p>Frida lives in town here so I stayed with her, and since I did not have makeup removal with me, I skipped washing off the makeup. I have such sensitive skin so it is worse for the skin to wash my face with someone else&#039;s products than to have the make-up on for 24 hours. It&#039;s mineral makeup after all.<\/p>\n<p>Must show a picture of what I look like now, a little worn (awake in the picture even) but attans so good makeup is still sitting! I did not improve the makeup once yesterday, not even with powder :)<\/p>\n<p><a href=\"http:\/\/www.imakeyousmile.se\/wp-content\/uploads\/2014\/08\/helenis.jpg\"><img loading=\"lazy\" decoding=\"async\" class=\"alignnone size-full wp-image-16506\" src=\"http:\/\/www.imakeyousmile.se\/wp-content\/uploads\/2014\/08\/helenis.jpg\" alt=\"helenis\" width=\"720\" height=\"960\" srcset=\"https:\/\/www.imakeyousmile.se\/wp-content\/uploads\/2014\/08\/helenis.jpg 720w, https:\/\/www.imakeyousmile.se\/wp-content\/uploads\/2014\/08\/helenis-225x300.jpg 225w, https:\/\/www.imakeyousmile.se\/wp-content\/uploads\/2014\/08\/helenis-700x933.jpg 700w, https:\/\/www.imakeyousmile.se\/wp-content\/uploads\/2014\/08\/helenis-267x357.jpg 267w, https:\/\/www.imakeyousmile.se\/wp-content\/uploads\/2014\/08\/helenis-362x483.jpg 362w\" sizes=\"(max-width: 720px) 100vw, 720px\" \/><\/a><\/p>\n<p>Haha newly awake and the sweater on snow, did not take photos to put up but put up afterwards because I am so impressed with the makeup :) Primer (Paese), foundation (YAG Mineral) and powder (Paese) from <a href=\"http:\/\/creativemakeup.se\/\" target=\"_blank\">Byher.se<\/a>, works really well !!! A small pimple has looked forward but it&#039;s just because it did not exist yesterday, so I have not put much coverage there. Still nice huh? :)<\/p>\n<p>Now I&#039;ll have a little more coffee and cuddle with Fridis before it&#039;s time to go home.<\/p>\n<p>Hugs are!<\/p>","protected":false},"excerpt":{"rendered":"<p>Jag festar inte ofta men ig\u00e5r blev det en superrolig utekv\u00e4ll i Uppsala med gamla klasskompisar fr\u00e5n h\u00f6gstadiet, och idag har jag tr\u00e4ningsv\u00e4rk i magen av allt skrattande! :D Frida bor i stan h\u00e4r s\u00e5 jag sov kvar hos henne, och eftersom jag inte hade med mig sminkborttagning s\u00e5 skippade jag att tv\u00e4tta bort sminket. [&hellip;]<\/p>\n","protected":false},"author":30,"featured_media":0,"comment_status":"open","ping_status":"closed","sticky":false,"template":"","format":"standard","meta":{"footnotes":""},"categories":[3],"tags":[],"class_list":["post-16504","post","type-post","status-publish","format-standard","hentry","category-allmant"],"yoast_head":"<!-- This site is optimized with the Yoast SEO Premium plugin v14.9 - https:\/\/yoast.com\/wordpress\/plugins\/seo\/ -->\n<meta name=\"description\" content=\"Dagen efter-sminkning | Helena Amiley - H\u00e4r hittar du senaste infromation om sk\u00f6nhet, livsstil, entrepren\u00f6rskap, makeup &amp; tips.\" \/>\n<meta name=\"robots\" content=\"index, follow, max-snippet:-1, max-image-preview:large, max-video-preview:-1\" \/>\n<link rel=\"canonical\" href=\"https:\/\/www.imakeyousmile.se\/en\/dagen-efter-sminkning\/\" \/>\n<meta property=\"og:locale\" content=\"en_US\" \/>\n<meta property=\"og:type\" content=\"article\" \/>\n<meta property=\"og:title\" content=\"Dagen efter-sminkning | Imakeyousmile.se\" \/>\n<meta property=\"og:description\" content=\"Dagen efter-sminkning | Helena Amiley - H\u00e4r hittar du senaste infromation om sk\u00f6nhet, livsstil, entrepren\u00f6rskap, makeup &amp; tips.\" \/>\n<meta property=\"og:url\" content=\"https:\/\/www.imakeyousmile.se\/en\/dagen-efter-sminkning\/\" \/>\n<meta property=\"og:site_name\" content=\"Imakeyousmile.se\" \/>\n<meta property=\"article:author\" content=\"https:\/\/www.facebook.com\/imakeyousmile.se\" \/>\n<meta property=\"article:published_time\" content=\"2014-08-16T09:59:16+00:00\" \/>\n<meta property=\"og:image\" content=\"http:\/\/www.imakeyousmile.se\/wp-content\/uploads\/2014\/08\/helenis.jpg\" \/>\n<meta name=\"twitter:card\" content=\"summary_large_image\" \/>\n<script type=\"application\/ld+json\" class=\"yoast-schema-graph\">{\"@context\":\"https:\/\/schema.org\",\"@graph\":[{\"@type\":\"Organization\",\"@id\":\"https:\/\/www.imakeyousmile.se\/en\/#organization\",\"name\":\"Imakeyousmile\",\"url\":\"https:\/\/www.imakeyousmile.se\/en\/\",\"sameAs\":[],\"logo\":{\"@type\":\"ImageObject\",\"@id\":\"https:\/\/www.imakeyousmile.se\/en\/#logo\",\"inLanguage\":\"en-US\",\"url\":\"https:\/\/www.imakeyousmile.se\/wp-content\/uploads\/2020\/10\/HELENA-AMILEY_SVART-1-e1603367975324.png\",\"width\":280,\"height\":93,\"caption\":\"Imakeyousmile\"},\"image\":{\"@id\":\"https:\/\/www.imakeyousmile.se\/en\/#logo\"}},{\"@type\":\"WebSite\",\"@id\":\"https:\/\/www.imakeyousmile.se\/en\/#website\",\"url\":\"https:\/\/www.imakeyousmile.se\/en\/\",\"name\":\"Imakeyousmile.se\",\"description\":\"Helena Amiley - Beauty, Entrepreneur, Lifestyle\",\"publisher\":{\"@id\":\"https:\/\/www.imakeyousmile.se\/en\/#organization\"},\"potentialAction\":[{\"@type\":\"SearchAction\",\"target\":\"https:\/\/www.imakeyousmile.se\/en\/?s={search_term_string}\",\"query-input\":\"required name=search_term_string\"}],\"inLanguage\":\"en-US\"},{\"@type\":\"ImageObject\",\"@id\":\"https:\/\/www.imakeyousmile.se\/dagen-efter-sminkning\/#primaryimage\",\"inLanguage\":\"en-US\",\"url\":\"http:\/\/www.imakeyousmile.se\/wp-content\/uploads\/2014\/08\/helenis.jpg\"},{\"@type\":\"WebPage\",\"@id\":\"https:\/\/www.imakeyousmile.se\/dagen-efter-sminkning\/#webpage\",\"url\":\"https:\/\/www.imakeyousmile.se\/dagen-efter-sminkning\/\",\"name\":\"Dagen efter-sminkning | Imakeyousmile.se\",\"isPartOf\":{\"@id\":\"https:\/\/www.imakeyousmile.se\/en\/#website\"},\"primaryImageOfPage\":{\"@id\":\"https:\/\/www.imakeyousmile.se\/dagen-efter-sminkning\/#primaryimage\"},\"datePublished\":\"2014-08-16T09:59:16+00:00\",\"dateModified\":\"2014-08-16T09:59:16+00:00\",\"description\":\"Dagen efter-sminkning | Helena Amiley - H\\u00e4r hittar du senaste infromation om sk\\u00f6nhet, livsstil, entrepren\\u00f6rskap, makeup & tips.\",\"inLanguage\":\"en-US\",\"potentialAction\":[{\"@type\":\"ReadAction\",\"target\":[\"https:\/\/www.imakeyousmile.se\/dagen-efter-sminkning\/\"]}]},{\"@type\":\"Article\",\"@id\":\"https:\/\/www.imakeyousmile.se\/dagen-efter-sminkning\/#article\",\"isPartOf\":{\"@id\":\"https:\/\/www.imakeyousmile.se\/dagen-efter-sminkning\/#webpage\"},\"author\":{\"@id\":\"https:\/\/www.imakeyousmile.se\/en\/#\/schema\/person\/b0fd43b1c6bb1c60cfd68bff9b4a10fb\"},\"headline\":\"Dagen efter-sminkning\",\"datePublished\":\"2014-08-16T09:59:16+00:00\",\"dateModified\":\"2014-08-16T09:59:16+00:00\",\"mainEntityOfPage\":{\"@id\":\"https:\/\/www.imakeyousmile.se\/dagen-efter-sminkning\/#webpage\"},\"commentCount\":3,\"publisher\":{\"@id\":\"https:\/\/www.imakeyousmile.se\/en\/#organization\"},\"image\":{\"@id\":\"https:\/\/www.imakeyousmile.se\/dagen-efter-sminkning\/#primaryimage\"},\"articleSection\":\"\\u00d6vrigt\",\"inLanguage\":\"en-US\",\"potentialAction\":[{\"@type\":\"CommentAction\",\"name\":\"Comment\",\"target\":[\"https:\/\/www.imakeyousmile.se\/dagen-efter-sminkning\/#respond\"]}]},{\"@type\":\"Person\",\"@id\":\"https:\/\/www.imakeyousmile.se\/en\/#\/schema\/person\/b0fd43b1c6bb1c60cfd68bff9b4a10fb\",\"name\":\"Helena Amiley\",\"image\":{\"@type\":\"ImageObject\",\"@id\":\"https:\/\/www.imakeyousmile.se\/en\/#personlogo\",\"inLanguage\":\"en-US\",\"url\":\"https:\/\/secure.gravatar.com\/avatar\/5645558e1e355457a23368d7e1b4c904?s=96&d=mm&r=g\",\"caption\":\"Helena Amiley\"},\"description\":\"Jag skriver mest om sk\\u00f6nhet men bjuder \\u00e4ven p\\u00e5 glimtar fr\\u00e5n entrepren\\u00f6rlivet och bygget av v\\u00e5r egen camper van. Vanlife here we come!\",\"sameAs\":[\"https:\/\/www.facebook.com\/imakeyousmile.se\",\"https:\/\/www.instagram.com\/helenaamiley\",\"https:\/\/www.youtube.com\/channel\/UCR5iB6rvpV6Yr8ZjpQfr5mg?view_as=subscriber\"]}]}<\/script>\n<!-- \/ Yoast SEO Premium plugin. -->","_links":{"self":[{"href":"https:\/\/www.imakeyousmile.se\/en\/wp-json\/wp\/v2\/posts\/16504"}],"collection":[{"href":"https:\/\/www.imakeyousmile.se\/en\/wp-json\/wp\/v2\/posts"}],"about":[{"href":"https:\/\/www.imakeyousmile.se\/en\/wp-json\/wp\/v2\/types\/post"}],"author":[{"embeddable":true,"href":"https:\/\/www.imakeyousmile.se\/en\/wp-json\/wp\/v2\/users\/30"}],"replies":[{"embeddable":true,"href":"https:\/\/www.imakeyousmile.se\/en\/wp-json\/wp\/v2\/comments?post=16504"}],"version-history":[{"count":0,"href":"https:\/\/www.imakeyousmile.se\/en\/wp-json\/wp\/v2\/posts\/16504\/revisions"}],"wp:attachment":[{"href":"https:\/\/www.imakeyousmile.se\/en\/wp-json\/wp\/v2\/media?parent=16504"}],"wp:term":[{"taxonomy":"category","embeddable":true,"href":"https:\/\/www.imakeyousmile.se\/en\/wp-json\/wp\/v2\/categories?post=16504"},{"taxonomy":"post_tag","embeddable":true,"href":"https:\/\/www.imakeyousmile.se\/en\/wp-json\/wp\/v2\/tags?post=16504"}],"curies":[{"name":"wp","href":"https:\/\/api.w.org\/{rel}","templated":true}]}}