{"id":1676,"date":"2011-02-15T11:38:00","date_gmt":"2011-02-15T10:38:00","guid":{"rendered":"http:\/\/www.imakeyousmile.se\/gardagen-var-en-lang-dag\/"},"modified":"2011-02-15T11:38:00","modified_gmt":"2011-02-15T10:38:00","slug":"gardagen-var-en-lang-dag","status":"publish","type":"post","link":"https:\/\/www.imakeyousmile.se\/en\/gardagen-was-a-long-day\/","title":{"rendered":"Yesterday was a long day."},"content":{"rendered":"<p>Wrote a little briefly about yesterday morning in the previous post. A little later I made another attempt to get to school.<\/p>\n<p>Had a quiet trip for about 40 minutes, to my bus <span style=\"font-size: x-large;\">collided <span style=\"font-size: small;\">with a<\/span> Moose<span style=\"font-size: small;\">.<\/span> <\/span>It went well with everyone, except the moose then who not only got hit but <em>over<\/em>fucked. But I missed the train and the rest of the evening was followed by delays and canceled trains.<\/p>\n<div style=\"clear: both; text-align: center;\"><a href=\"http:\/\/1.bp.blogspot.com\/-r2R1qLf8wRI\/TVpVpIBQzFI\/AAAAAAAADb4\/JDu_Ln_MS9k\/s1600\/SDC14757.JPG\" style=\"margin-left: 1em; margin-right: 1em;\"><img loading=\"lazy\" decoding=\"async\" border=\"0\" h5=\"true\" height=\"300\" src=\"http:\/\/1.bp.blogspot.com\/-r2R1qLf8wRI\/TVpVpIBQzFI\/AAAAAAAADb4\/JDu_Ln_MS9k\/s400\/SDC14757.JPG\" width=\"400\" \/><\/a><\/div>\n<div style=\"border-bottom: medium none; border-left: medium none; border-right: medium none; border-top: medium none; text-align: center;\"><em>Good<span style=\"font-size: large;\"> tired<\/span> on both ul and sl\u2026<\/em><\/div>\n<div style=\"border-bottom: medium none; border-left: medium none; border-right: medium none; border-top: medium none;\"><\/div>\n<div style=\"border-bottom: medium none; border-left: medium none; border-right: medium none; border-top: medium none;\">In the end, I arrived anyway and was greeted by warm welcomes the second I stepped through the door, the brides had a <em>\u201cNo-we-are-not-at-all-alone-on-All-Valentine&#039;s-Day-evening<\/em>&#8221; :)<\/div>\n<div style=\"border-bottom: medium none; border-left: medium none; border-right: medium none; border-top: medium none;\"><\/div>\n<div style=\"border-bottom: medium none; border-left: medium none; border-right: medium none; border-top: medium none;\">After swearing at myself for several hours because I chose a school so far away, it only took a minute before I thought again \u201d<em>oh what I love Waxta<\/em>&quot; Lol.<\/div>\n<div style=\"border-bottom: medium none; border-left: medium none; border-right: medium none; border-top: medium none;\"><\/div>\n<div style=\"border-bottom: medium none; border-left: medium none; border-right: medium none; border-top: medium none;\">Now I have to study English.<\/div>\n<div style=\"border-bottom: medium none; border-left: medium none; border-right: medium none; border-top: medium none;\"><\/div>\n<div style=\"border-bottom: medium none; border-left: medium none; border-right: medium none; border-top: medium none; text-align: center;\"><span style=\"font-size: x-large;\"><em>Report in an hour!<\/em><\/span><\/div>","protected":false},"excerpt":{"rendered":"<p>Skrev lite kort om g\u00e5rdagens morgon i f\u00f6rrf\u00f6rra inl\u00e4gget. Lite senare gjorde jag ett nytt f\u00f6rs\u00f6k att ta mig till skolan. Hade en lugn resa\u00a0i ca 40 minuter, till min buss krockade med en \u00e4lg. Det gick bra med alla, f\u00f6rutom \u00e4lgen d\u00e5 som inte bara blev p\u00e5k\u00f6rd utan \u00f6verk\u00f6rd. Men jag missade\u00a0t\u00e5get och resten [&hellip;]<\/p>\n","protected":false},"author":30,"featured_media":0,"comment_status":"open","ping_status":"open","sticky":false,"template":"","format":"standard","meta":{"footnotes":""},"categories":[3],"tags":[],"class_list":["post-1676","post","type-post","status-publish","format-standard","hentry","category-allmant"],"yoast_head":"<!-- This site is optimized with the Yoast SEO Premium plugin v14.9 - https:\/\/yoast.com\/wordpress\/plugins\/seo\/ -->\n<meta name=\"description\" content=\"G\u00e5rdagen var en l\u00e5ng dag. | Helena Amiley - H\u00e4r hittar du senaste infromation om sk\u00f6nhet, livsstil, entrepren\u00f6rskap, makeup &amp; tips.\" \/>\n<meta name=\"robots\" content=\"index, follow, max-snippet:-1, max-image-preview:large, max-video-preview:-1\" \/>\n<link rel=\"canonical\" href=\"https:\/\/www.imakeyousmile.se\/en\/gardagen-var-en-lang-dag\/\" \/>\n<meta property=\"og:locale\" content=\"en_US\" \/>\n<meta property=\"og:type\" content=\"article\" \/>\n<meta property=\"og:title\" content=\"G\u00e5rdagen var en l\u00e5ng dag. | Imakeyousmile.se\" \/>\n<meta property=\"og:description\" content=\"G\u00e5rdagen var en l\u00e5ng dag. | Helena Amiley - H\u00e4r hittar du senaste infromation om sk\u00f6nhet, livsstil, entrepren\u00f6rskap, makeup &amp; tips.\" \/>\n<meta property=\"og:url\" content=\"https:\/\/www.imakeyousmile.se\/en\/gardagen-var-en-lang-dag\/\" \/>\n<meta property=\"og:site_name\" content=\"Imakeyousmile.se\" \/>\n<meta property=\"article:author\" content=\"https:\/\/www.facebook.com\/imakeyousmile.se\" \/>\n<meta property=\"article:published_time\" content=\"2011-02-15T10:38:00+00:00\" \/>\n<meta property=\"og:image\" content=\"http:\/\/1.bp.blogspot.com\/-r2R1qLf8wRI\/TVpVpIBQzFI\/AAAAAAAADb4\/JDu_Ln_MS9k\/s400\/SDC14757.JPG\" \/>\n<meta name=\"twitter:card\" content=\"summary_large_image\" \/>\n<script type=\"application\/ld+json\" class=\"yoast-schema-graph\">{\"@context\":\"https:\/\/schema.org\",\"@graph\":[{\"@type\":\"Organization\",\"@id\":\"https:\/\/www.imakeyousmile.se\/en\/#organization\",\"name\":\"Imakeyousmile\",\"url\":\"https:\/\/www.imakeyousmile.se\/en\/\",\"sameAs\":[],\"logo\":{\"@type\":\"ImageObject\",\"@id\":\"https:\/\/www.imakeyousmile.se\/en\/#logo\",\"inLanguage\":\"en-US\",\"url\":\"https:\/\/www.imakeyousmile.se\/wp-content\/uploads\/2020\/10\/HELENA-AMILEY_SVART-1-e1603367975324.png\",\"width\":280,\"height\":93,\"caption\":\"Imakeyousmile\"},\"image\":{\"@id\":\"https:\/\/www.imakeyousmile.se\/en\/#logo\"}},{\"@type\":\"WebSite\",\"@id\":\"https:\/\/www.imakeyousmile.se\/en\/#website\",\"url\":\"https:\/\/www.imakeyousmile.se\/en\/\",\"name\":\"Imakeyousmile.se\",\"description\":\"Helena Amiley - Beauty, Entrepreneur, Lifestyle\",\"publisher\":{\"@id\":\"https:\/\/www.imakeyousmile.se\/en\/#organization\"},\"potentialAction\":[{\"@type\":\"SearchAction\",\"target\":\"https:\/\/www.imakeyousmile.se\/en\/?s={search_term_string}\",\"query-input\":\"required name=search_term_string\"}],\"inLanguage\":\"en-US\"},{\"@type\":\"ImageObject\",\"@id\":\"https:\/\/www.imakeyousmile.se\/gardagen-var-en-lang-dag\/#primaryimage\",\"inLanguage\":\"en-US\",\"url\":\"http:\/\/1.bp.blogspot.com\/-r2R1qLf8wRI\/TVpVpIBQzFI\/AAAAAAAADb4\/JDu_Ln_MS9k\/s400\/SDC14757.JPG\"},{\"@type\":\"WebPage\",\"@id\":\"https:\/\/www.imakeyousmile.se\/gardagen-var-en-lang-dag\/#webpage\",\"url\":\"https:\/\/www.imakeyousmile.se\/gardagen-var-en-lang-dag\/\",\"name\":\"G\\u00e5rdagen var en l\\u00e5ng dag. | Imakeyousmile.se\",\"isPartOf\":{\"@id\":\"https:\/\/www.imakeyousmile.se\/en\/#website\"},\"primaryImageOfPage\":{\"@id\":\"https:\/\/www.imakeyousmile.se\/gardagen-var-en-lang-dag\/#primaryimage\"},\"datePublished\":\"2011-02-15T10:38:00+00:00\",\"dateModified\":\"2011-02-15T10:38:00+00:00\",\"description\":\"G\\u00e5rdagen var en l\\u00e5ng dag. | Helena Amiley - H\\u00e4r hittar du senaste infromation om sk\\u00f6nhet, livsstil, entrepren\\u00f6rskap, makeup & tips.\",\"inLanguage\":\"en-US\",\"potentialAction\":[{\"@type\":\"ReadAction\",\"target\":[\"https:\/\/www.imakeyousmile.se\/gardagen-var-en-lang-dag\/\"]}]},{\"@type\":\"Article\",\"@id\":\"https:\/\/www.imakeyousmile.se\/gardagen-var-en-lang-dag\/#article\",\"isPartOf\":{\"@id\":\"https:\/\/www.imakeyousmile.se\/gardagen-var-en-lang-dag\/#webpage\"},\"author\":{\"@id\":\"https:\/\/www.imakeyousmile.se\/en\/#\/schema\/person\/b0fd43b1c6bb1c60cfd68bff9b4a10fb\"},\"headline\":\"G\\u00e5rdagen var en l\\u00e5ng dag.\",\"datePublished\":\"2011-02-15T10:38:00+00:00\",\"dateModified\":\"2011-02-15T10:38:00+00:00\",\"mainEntityOfPage\":{\"@id\":\"https:\/\/www.imakeyousmile.se\/gardagen-var-en-lang-dag\/#webpage\"},\"commentCount\":0,\"publisher\":{\"@id\":\"https:\/\/www.imakeyousmile.se\/en\/#organization\"},\"image\":{\"@id\":\"https:\/\/www.imakeyousmile.se\/gardagen-var-en-lang-dag\/#primaryimage\"},\"articleSection\":\"\\u00d6vrigt\",\"inLanguage\":\"en-US\",\"potentialAction\":[{\"@type\":\"CommentAction\",\"name\":\"Comment\",\"target\":[\"https:\/\/www.imakeyousmile.se\/gardagen-var-en-lang-dag\/#respond\"]}]},{\"@type\":\"Person\",\"@id\":\"https:\/\/www.imakeyousmile.se\/en\/#\/schema\/person\/b0fd43b1c6bb1c60cfd68bff9b4a10fb\",\"name\":\"Helena Amiley\",\"image\":{\"@type\":\"ImageObject\",\"@id\":\"https:\/\/www.imakeyousmile.se\/en\/#personlogo\",\"inLanguage\":\"en-US\",\"url\":\"https:\/\/secure.gravatar.com\/avatar\/5645558e1e355457a23368d7e1b4c904?s=96&d=mm&r=g\",\"caption\":\"Helena Amiley\"},\"description\":\"Jag skriver mest om sk\\u00f6nhet men bjuder \\u00e4ven p\\u00e5 glimtar fr\\u00e5n entrepren\\u00f6rlivet och bygget av v\\u00e5r egen camper van. Vanlife here we come!\",\"sameAs\":[\"https:\/\/www.facebook.com\/imakeyousmile.se\",\"https:\/\/www.instagram.com\/helenaamiley\",\"https:\/\/www.youtube.com\/channel\/UCR5iB6rvpV6Yr8ZjpQfr5mg?view_as=subscriber\"]}]}<\/script>\n<!-- \/ Yoast SEO Premium plugin. -->","_links":{"self":[{"href":"https:\/\/www.imakeyousmile.se\/en\/wp-json\/wp\/v2\/posts\/1676"}],"collection":[{"href":"https:\/\/www.imakeyousmile.se\/en\/wp-json\/wp\/v2\/posts"}],"about":[{"href":"https:\/\/www.imakeyousmile.se\/en\/wp-json\/wp\/v2\/types\/post"}],"author":[{"embeddable":true,"href":"https:\/\/www.imakeyousmile.se\/en\/wp-json\/wp\/v2\/users\/30"}],"replies":[{"embeddable":true,"href":"https:\/\/www.imakeyousmile.se\/en\/wp-json\/wp\/v2\/comments?post=1676"}],"version-history":[{"count":0,"href":"https:\/\/www.imakeyousmile.se\/en\/wp-json\/wp\/v2\/posts\/1676\/revisions"}],"wp:attachment":[{"href":"https:\/\/www.imakeyousmile.se\/en\/wp-json\/wp\/v2\/media?parent=1676"}],"wp:term":[{"taxonomy":"category","embeddable":true,"href":"https:\/\/www.imakeyousmile.se\/en\/wp-json\/wp\/v2\/categories?post=1676"},{"taxonomy":"post_tag","embeddable":true,"href":"https:\/\/www.imakeyousmile.se\/en\/wp-json\/wp\/v2\/tags?post=1676"}],"curies":[{"name":"wp","href":"https:\/\/api.w.org\/{rel}","templated":true}]}}