{"id":17487,"date":"2014-09-18T06:05:09","date_gmt":"2014-09-18T04:05:09","guid":{"rendered":"http:\/\/www.imakeyousmile.se\/?p=17487"},"modified":"2014-09-17T18:51:36","modified_gmt":"2014-09-17T16:51:36","slug":"lumene-blueberry-long-wear-eyebrow-powder","status":"publish","type":"post","link":"https:\/\/www.imakeyousmile.se\/en\/lumene-blueberry-long-wear-eyebrow-powder\/","title":{"rendered":"Lumene Blueberry Long-wear Eyebrow Powder"},"content":{"rendered":"<p>One of Lumene&#039;s autumn news is an eyebrow shadow with two rather cool shades, I have tested it and thought to show you today! :)<\/p>\n<p>It is available on Kicks and \u00c5hl\u00e9ns (though not on the websites yet) and costs SEK 139.<\/p>\n<p><a href=\"http:\/\/www.imakeyousmile.se\/wp-content\/uploads\/2014\/09\/IMG_3331_111.jpg\"><img loading=\"lazy\" decoding=\"async\" class=\"alignnone size-full wp-image-17488\" src=\"http:\/\/www.imakeyousmile.se\/wp-content\/uploads\/2014\/09\/IMG_3331_111.jpg\" alt=\"IMG_3331_111\" width=\"3474\" height=\"2838\" srcset=\"https:\/\/www.imakeyousmile.se\/wp-content\/uploads\/2014\/09\/IMG_3331_111.jpg 2560w, https:\/\/www.imakeyousmile.se\/wp-content\/uploads\/2014\/09\/IMG_3331_111-300x245.jpg 300w, https:\/\/www.imakeyousmile.se\/wp-content\/uploads\/2014\/09\/IMG_3331_111-1024x836.jpg 1024w, https:\/\/www.imakeyousmile.se\/wp-content\/uploads\/2014\/09\/IMG_3331_111-700x571.jpg 700w, https:\/\/www.imakeyousmile.se\/wp-content\/uploads\/2014\/09\/IMG_3331_111-437x357.jpg 437w, https:\/\/www.imakeyousmile.se\/wp-content\/uploads\/2014\/09\/IMG_3331_111-591x483.jpg 591w\" sizes=\"(max-width: 3474px) 100vw, 3474px\" \/><\/a><\/p>\n<p>You can use the colors separately or mix, but even the blondest probably need to mix in a little dark in the light because it is very, very light! Kind of like my skin color :) The dark one is not very dark either so nothing I recommend for you who prefer dark eyebrows, but that the light one is so light is only good because it is so easy to mix to a suitable color.<\/p>\n<p><a href=\"http:\/\/www.imakeyousmile.se\/wp-content\/uploads\/2014\/09\/IMG_3338_111.jpg\"><img loading=\"lazy\" decoding=\"async\" class=\"alignnone size-full wp-image-17489\" src=\"http:\/\/www.imakeyousmile.se\/wp-content\/uploads\/2014\/09\/IMG_3338_111.jpg\" alt=\"IMG_3338_111\" width=\"2575\" height=\"2106\" srcset=\"https:\/\/www.imakeyousmile.se\/wp-content\/uploads\/2014\/09\/IMG_3338_111.jpg 2560w, https:\/\/www.imakeyousmile.se\/wp-content\/uploads\/2014\/09\/IMG_3338_111-300x245.jpg 300w, https:\/\/www.imakeyousmile.se\/wp-content\/uploads\/2014\/09\/IMG_3338_111-1024x837.jpg 1024w, https:\/\/www.imakeyousmile.se\/wp-content\/uploads\/2014\/09\/IMG_3338_111-700x572.jpg 700w, https:\/\/www.imakeyousmile.se\/wp-content\/uploads\/2014\/09\/IMG_3338_111-436x357.jpg 436w, https:\/\/www.imakeyousmile.se\/wp-content\/uploads\/2014\/09\/IMG_3338_111-590x483.jpg 590w\" sizes=\"(max-width: 2575px) 100vw, 2575px\" \/><\/a><\/p>\n<p>But I really like the shades themselves, many eyebrow products have a bit too warm tones, which usually does not look so natural on the face even if you have a warm hair color, but these are a bit more naturally colored and if you mix them you get a nice cendr\u00e9 shade ! So I did on my eyebrows :)<\/p>\n<p><a href=\"http:\/\/www.imakeyousmile.se\/wp-content\/uploads\/2014\/09\/IMG_3926_111.jpg\"><img loading=\"lazy\" decoding=\"async\" class=\"alignnone size-full wp-image-17492\" src=\"http:\/\/www.imakeyousmile.se\/wp-content\/uploads\/2014\/09\/IMG_3926_111.jpg\" alt=\"IMG_3926_111\" width=\"1975\" height=\"1536\" srcset=\"https:\/\/www.imakeyousmile.se\/wp-content\/uploads\/2014\/09\/IMG_3926_111.jpg 1975w, https:\/\/www.imakeyousmile.se\/wp-content\/uploads\/2014\/09\/IMG_3926_111-300x233.jpg 300w, https:\/\/www.imakeyousmile.se\/wp-content\/uploads\/2014\/09\/IMG_3926_111-1024x796.jpg 1024w, https:\/\/www.imakeyousmile.se\/wp-content\/uploads\/2014\/09\/IMG_3926_111-700x544.jpg 700w, https:\/\/www.imakeyousmile.se\/wp-content\/uploads\/2014\/09\/IMG_3926_111-459x357.jpg 459w, https:\/\/www.imakeyousmile.se\/wp-content\/uploads\/2014\/09\/IMG_3926_111-621x483.jpg 621w\" sizes=\"(max-width: 1975px) 100vw, 1975px\" \/><\/a><\/p>\n<p>I personally think that the powder is both good and less good, I have quite oily skin so I think it adheres well and lasts a long time! But when I test on the hand that is quite dry, it does not want to stick so well, and disappears quite easily as well. So in other words I have quite a hard time judging the product as I think it&#039;s a lot about the base.<\/p>\n<p>But the powder is smooth and easy to fade and work with! Perfect if you just want to fill in your brows a little extra and not change the shape noticeably, or as a complement to a brow pencil to get more faded edges :)<\/p>\n<p><a href=\"http:\/\/www.imakeyousmile.se\/wp-content\/uploads\/2014\/09\/IMG_3345_111.jpg\"><img loading=\"lazy\" decoding=\"async\" class=\"alignnone size-full wp-image-17490\" src=\"http:\/\/www.imakeyousmile.se\/wp-content\/uploads\/2014\/09\/IMG_3345_111.jpg\" alt=\"IMG_3345_111\" width=\"1278\" height=\"1242\" srcset=\"https:\/\/www.imakeyousmile.se\/wp-content\/uploads\/2014\/09\/IMG_3345_111.jpg 1278w, https:\/\/www.imakeyousmile.se\/wp-content\/uploads\/2014\/09\/IMG_3345_111-300x291.jpg 300w, https:\/\/www.imakeyousmile.se\/wp-content\/uploads\/2014\/09\/IMG_3345_111-1024x995.jpg 1024w, https:\/\/www.imakeyousmile.se\/wp-content\/uploads\/2014\/09\/IMG_3345_111-700x680.jpg 700w, https:\/\/www.imakeyousmile.se\/wp-content\/uploads\/2014\/09\/IMG_3345_111-367x357.jpg 367w, https:\/\/www.imakeyousmile.se\/wp-content\/uploads\/2014\/09\/IMG_3345_111-496x483.jpg 496w\" sizes=\"(max-width: 1278px) 100vw, 1278px\" \/><\/a><\/p>\n<p>As usual with products with the included application tools - I throw them away immediately. The brush is not good at all in my eyes, but better than nothing for you who are not so familiar with the makeup world and do not have so many brushes at home :)<\/p>\n<p><a href=\"http:\/\/www.imakeyousmile.se\/wp-content\/uploads\/2014\/09\/IMG_3599_1111.jpg\"><img loading=\"lazy\" decoding=\"async\" class=\"alignnone size-full wp-image-17491\" src=\"http:\/\/www.imakeyousmile.se\/wp-content\/uploads\/2014\/09\/IMG_3599_1111.jpg\" alt=\"IMG_3599_111\" width=\"1432\" height=\"574\" srcset=\"https:\/\/www.imakeyousmile.se\/wp-content\/uploads\/2014\/09\/IMG_3599_1111.jpg 1432w, https:\/\/www.imakeyousmile.se\/wp-content\/uploads\/2014\/09\/IMG_3599_1111-300x120.jpg 300w, https:\/\/www.imakeyousmile.se\/wp-content\/uploads\/2014\/09\/IMG_3599_1111-1024x410.jpg 1024w, https:\/\/www.imakeyousmile.se\/wp-content\/uploads\/2014\/09\/IMG_3599_1111-700x280.jpg 700w, https:\/\/www.imakeyousmile.se\/wp-content\/uploads\/2014\/09\/IMG_3599_1111-890x357.jpg 890w, https:\/\/www.imakeyousmile.se\/wp-content\/uploads\/2014\/09\/IMG_3599_1111-1204x483.jpg 1204w\" sizes=\"(max-width: 1432px) 100vw, 1432px\" \/><\/a><\/p>\n<p>As you can see, it does not directly give a sharp result, but a good filling and a natural result anyway! :)<\/p>\n<p>Hope you have a wonderful Thursday, I myself will have a little quiet morning cuddle before I make up my sister and then myself! Tonight is finally the Blog Awards !! :)<\/p>\n<p><strong>Hugs are!<\/strong><\/p>","protected":false},"excerpt":{"rendered":"<p>En av Lumenes h\u00f6stnyheter \u00e4r en \u00f6gonbrynsskugga\u00a0med tv\u00e5 ganska svala nyanser, den har jag testat och t\u00e4nkte visa er idag! :) Den finns p\u00e5 Kicks och \u00c5hl\u00e9ns (dock inte p\u00e5 hemsidorna \u00e4n) och kostar 139 kr. Man kan anv\u00e4nda f\u00e4rgerna f\u00f6r sig eller blanda, men\u00a0\u00e4ven de blondaste beh\u00f6ver nog blanda i lite m\u00f6rkt i den [&hellip;]<\/p>\n","protected":false},"author":30,"featured_media":17488,"comment_status":"open","ping_status":"closed","sticky":false,"template":"","format":"standard","meta":{"footnotes":""},"categories":[12,59],"tags":[2791,2792],"class_list":{"0":"post-17487","1":"post","2":"type-post","3":"status-publish","4":"format-standard","5":"has-post-thumbnail","6":"hentry","7":"category-ogonbryn","8":"category-recensioner-produkttips","10":"tag-lumene-ogonbrynsskugga"},"yoast_head":"<!-- This site is optimized with the Yoast SEO Premium plugin v14.9 - https:\/\/yoast.com\/wordpress\/plugins\/seo\/ -->\n<meta name=\"description\" content=\"Lumene Blueberry Long-wear Eyebrow Powder | Helena Amiley - H\u00e4r hittar du senaste infromation om sk\u00f6nhet, livsstil, entrepren\u00f6rskap, makeup &amp; tips.\" \/>\n<meta name=\"robots\" content=\"index, follow, max-snippet:-1, max-image-preview:large, max-video-preview:-1\" \/>\n<link rel=\"canonical\" href=\"https:\/\/www.imakeyousmile.se\/en\/lumene-blueberry-long-wear-eyebrow-powder\/\" \/>\n<meta property=\"og:locale\" content=\"en_US\" \/>\n<meta property=\"og:type\" content=\"article\" \/>\n<meta property=\"og:title\" content=\"Lumene Blueberry Long-wear Eyebrow Powder | Imakeyousmile.se\" \/>\n<meta property=\"og:description\" content=\"Lumene Blueberry Long-wear Eyebrow Powder | Helena Amiley - H\u00e4r hittar du senaste infromation om sk\u00f6nhet, livsstil, entrepren\u00f6rskap, makeup &amp; tips.\" \/>\n<meta property=\"og:url\" content=\"https:\/\/www.imakeyousmile.se\/en\/lumene-blueberry-long-wear-eyebrow-powder\/\" \/>\n<meta property=\"og:site_name\" content=\"Imakeyousmile.se\" \/>\n<meta property=\"article:author\" content=\"https:\/\/www.facebook.com\/imakeyousmile.se\" \/>\n<meta property=\"article:published_time\" content=\"2014-09-18T04:05:09+00:00\" \/>\n<meta property=\"article:modified_time\" content=\"2014-09-17T16:51:36+00:00\" \/>\n<meta property=\"og:image\" content=\"https:\/\/www.imakeyousmile.se\/wp-content\/uploads\/2014\/09\/IMG_3331_111.jpg\" \/>\n\t<meta property=\"og:image:width\" content=\"2560\" \/>\n\t<meta property=\"og:image:height\" content=\"2091\" \/>\n<meta name=\"twitter:card\" content=\"summary_large_image\" \/>\n<script type=\"application\/ld+json\" class=\"yoast-schema-graph\">{\"@context\":\"https:\/\/schema.org\",\"@graph\":[{\"@type\":\"Organization\",\"@id\":\"https:\/\/www.imakeyousmile.se\/en\/#organization\",\"name\":\"Imakeyousmile\",\"url\":\"https:\/\/www.imakeyousmile.se\/en\/\",\"sameAs\":[],\"logo\":{\"@type\":\"ImageObject\",\"@id\":\"https:\/\/www.imakeyousmile.se\/en\/#logo\",\"inLanguage\":\"en-US\",\"url\":\"https:\/\/www.imakeyousmile.se\/wp-content\/uploads\/2020\/10\/HELENA-AMILEY_SVART-1-e1603367975324.png\",\"width\":280,\"height\":93,\"caption\":\"Imakeyousmile\"},\"image\":{\"@id\":\"https:\/\/www.imakeyousmile.se\/en\/#logo\"}},{\"@type\":\"WebSite\",\"@id\":\"https:\/\/www.imakeyousmile.se\/en\/#website\",\"url\":\"https:\/\/www.imakeyousmile.se\/en\/\",\"name\":\"Imakeyousmile.se\",\"description\":\"Helena Amiley - Beauty, Entrepreneur, Lifestyle\",\"publisher\":{\"@id\":\"https:\/\/www.imakeyousmile.se\/en\/#organization\"},\"potentialAction\":[{\"@type\":\"SearchAction\",\"target\":\"https:\/\/www.imakeyousmile.se\/en\/?s={search_term_string}\",\"query-input\":\"required name=search_term_string\"}],\"inLanguage\":\"en-US\"},{\"@type\":\"ImageObject\",\"@id\":\"https:\/\/www.imakeyousmile.se\/lumene-blueberry-long-wear-eyebrow-powder\/#primaryimage\",\"inLanguage\":\"en-US\",\"url\":\"https:\/\/www.imakeyousmile.se\/wp-content\/uploads\/2014\/09\/IMG_3331_111.jpg\",\"width\":2560,\"height\":2091},{\"@type\":\"WebPage\",\"@id\":\"https:\/\/www.imakeyousmile.se\/lumene-blueberry-long-wear-eyebrow-powder\/#webpage\",\"url\":\"https:\/\/www.imakeyousmile.se\/lumene-blueberry-long-wear-eyebrow-powder\/\",\"name\":\"Lumene Blueberry Long-wear Eyebrow Powder | Imakeyousmile.se\",\"isPartOf\":{\"@id\":\"https:\/\/www.imakeyousmile.se\/en\/#website\"},\"primaryImageOfPage\":{\"@id\":\"https:\/\/www.imakeyousmile.se\/lumene-blueberry-long-wear-eyebrow-powder\/#primaryimage\"},\"datePublished\":\"2014-09-18T04:05:09+00:00\",\"dateModified\":\"2014-09-17T16:51:36+00:00\",\"description\":\"Lumene Blueberry Long-wear Eyebrow Powder | Helena Amiley - H\\u00e4r hittar du senaste infromation om sk\\u00f6nhet, livsstil, entrepren\\u00f6rskap, makeup & tips.\",\"inLanguage\":\"en-US\",\"potentialAction\":[{\"@type\":\"ReadAction\",\"target\":[\"https:\/\/www.imakeyousmile.se\/lumene-blueberry-long-wear-eyebrow-powder\/\"]}]},{\"@type\":\"Article\",\"@id\":\"https:\/\/www.imakeyousmile.se\/lumene-blueberry-long-wear-eyebrow-powder\/#article\",\"isPartOf\":{\"@id\":\"https:\/\/www.imakeyousmile.se\/lumene-blueberry-long-wear-eyebrow-powder\/#webpage\"},\"author\":{\"@id\":\"https:\/\/www.imakeyousmile.se\/en\/#\/schema\/person\/b0fd43b1c6bb1c60cfd68bff9b4a10fb\"},\"headline\":\"Lumene Blueberry Long-wear Eyebrow Powder\",\"datePublished\":\"2014-09-18T04:05:09+00:00\",\"dateModified\":\"2014-09-17T16:51:36+00:00\",\"mainEntityOfPage\":{\"@id\":\"https:\/\/www.imakeyousmile.se\/lumene-blueberry-long-wear-eyebrow-powder\/#webpage\"},\"commentCount\":0,\"publisher\":{\"@id\":\"https:\/\/www.imakeyousmile.se\/en\/#organization\"},\"image\":{\"@id\":\"https:\/\/www.imakeyousmile.se\/lumene-blueberry-long-wear-eyebrow-powder\/#primaryimage\"},\"keywords\":\"Lumene Blueberry Long-wear Eyebrow Powder,lumene \\u00f6gonbrynsskugga\",\"articleSection\":\"\\u00d6gonbryn,Recensioner &amp; Produkttips\",\"inLanguage\":\"en-US\",\"potentialAction\":[{\"@type\":\"CommentAction\",\"name\":\"Comment\",\"target\":[\"https:\/\/www.imakeyousmile.se\/lumene-blueberry-long-wear-eyebrow-powder\/#respond\"]}]},{\"@type\":\"Person\",\"@id\":\"https:\/\/www.imakeyousmile.se\/en\/#\/schema\/person\/b0fd43b1c6bb1c60cfd68bff9b4a10fb\",\"name\":\"Helena Amiley\",\"image\":{\"@type\":\"ImageObject\",\"@id\":\"https:\/\/www.imakeyousmile.se\/en\/#personlogo\",\"inLanguage\":\"en-US\",\"url\":\"https:\/\/secure.gravatar.com\/avatar\/5645558e1e355457a23368d7e1b4c904?s=96&d=mm&r=g\",\"caption\":\"Helena Amiley\"},\"description\":\"Jag skriver mest om sk\\u00f6nhet men bjuder \\u00e4ven p\\u00e5 glimtar fr\\u00e5n entrepren\\u00f6rlivet och bygget av v\\u00e5r egen camper van. Vanlife here we come!\",\"sameAs\":[\"https:\/\/www.facebook.com\/imakeyousmile.se\",\"https:\/\/www.instagram.com\/helenaamiley\",\"https:\/\/www.youtube.com\/channel\/UCR5iB6rvpV6Yr8ZjpQfr5mg?view_as=subscriber\"]}]}<\/script>\n<!-- \/ Yoast SEO Premium plugin. -->","_links":{"self":[{"href":"https:\/\/www.imakeyousmile.se\/en\/wp-json\/wp\/v2\/posts\/17487"}],"collection":[{"href":"https:\/\/www.imakeyousmile.se\/en\/wp-json\/wp\/v2\/posts"}],"about":[{"href":"https:\/\/www.imakeyousmile.se\/en\/wp-json\/wp\/v2\/types\/post"}],"author":[{"embeddable":true,"href":"https:\/\/www.imakeyousmile.se\/en\/wp-json\/wp\/v2\/users\/30"}],"replies":[{"embeddable":true,"href":"https:\/\/www.imakeyousmile.se\/en\/wp-json\/wp\/v2\/comments?post=17487"}],"version-history":[{"count":0,"href":"https:\/\/www.imakeyousmile.se\/en\/wp-json\/wp\/v2\/posts\/17487\/revisions"}],"wp:featuredmedia":[{"embeddable":true,"href":"https:\/\/www.imakeyousmile.se\/en\/wp-json\/wp\/v2\/media\/17488"}],"wp:attachment":[{"href":"https:\/\/www.imakeyousmile.se\/en\/wp-json\/wp\/v2\/media?parent=17487"}],"wp:term":[{"taxonomy":"category","embeddable":true,"href":"https:\/\/www.imakeyousmile.se\/en\/wp-json\/wp\/v2\/categories?post=17487"},{"taxonomy":"post_tag","embeddable":true,"href":"https:\/\/www.imakeyousmile.se\/en\/wp-json\/wp\/v2\/tags?post=17487"}],"curies":[{"name":"wp","href":"https:\/\/api.w.org\/{rel}","templated":true}]}}