{"id":17541,"date":"2014-09-20T18:44:55","date_gmt":"2014-09-20T16:44:55","guid":{"rendered":"http:\/\/www.imakeyousmile.se\/?p=17541"},"modified":"2020-10-22T11:15:23","modified_gmt":"2020-10-22T09:15:23","slug":"blog-awards-look","status":"publish","type":"post","link":"https:\/\/www.imakeyousmile.se\/en\/blog-awards-look\/","title":{"rendered":"Blog Awards look"},"content":{"rendered":"<p>I was in a hurry when I got ready before the Blog Awards so I did not have time to take my make-up at home, but the first stop was at <a href=\"https:\/\/www.facebook.com\/FrisorMonicaWerner?fref=ts\" target=\"_blank\">Monica Werner<\/a> at Fris\u00f6rerna in Uppsala who was given the honorary assignment to make my hair look good, and she took some pictures with her camera before I went on so I can luckily show you close-ups of what I looked like anyway! :)<\/p>\n<p>Monica is really super talented! I dyed my hair with her once before, but changed because Creative Zone worked with Hair Talk Extensions. I&#039;m super happy with Lynn at Creative Zone but can really recommend Monica too! She is not only good as a &quot;regular hairdresser&quot; but also on more daring hairstyles with cool colors and haircuts. But you saw that in the last picture at the Tendenz Stylist Awards with the theme Graphic;)<\/p>\n<p>This is what I looked like last Thursday:<\/p>\n<p><a href=\"http:\/\/www.imakeyousmile.se\/wp-content\/uploads\/2014\/09\/10711485_10152445005693042_1291620197_n.jpg\"><img loading=\"lazy\" decoding=\"async\" class=\"alignnone size-full wp-image-17545\" src=\"http:\/\/www.imakeyousmile.se\/wp-content\/uploads\/2014\/09\/10711485_10152445005693042_1291620197_n.jpg\" alt=\"10711485_10152445005693042_1291620197_n\" width=\"637\" height=\"960\" srcset=\"https:\/\/www.imakeyousmile.se\/wp-content\/uploads\/2014\/09\/10711485_10152445005693042_1291620197_n.jpg 637w, https:\/\/www.imakeyousmile.se\/wp-content\/uploads\/2014\/09\/10711485_10152445005693042_1291620197_n-199x300.jpg 199w, https:\/\/www.imakeyousmile.se\/wp-content\/uploads\/2014\/09\/10711485_10152445005693042_1291620197_n-236x357.jpg 236w, https:\/\/www.imakeyousmile.se\/wp-content\/uploads\/2014\/09\/10711485_10152445005693042_1291620197_n-320x483.jpg 320w\" sizes=\"(max-width: 637px) 100vw, 637px\" \/><\/a><\/p>\n<p>Curly hair in an oblique set! We forgot to take photos from behind but it is a lot of volume and she has twisted her hair in a kind of braid (fixed with 2 loops) so that it fits snugly around the neck before it collects in the tassel. I who am extremely bad at hair and only flatten it when I should be nice, I felt like a real princess! :)<\/p>\n<p>I matched my jumpsuit with a purple make-up with light in the middle of the eyelid, and quite light on the underside of the eyes. And dark pink lips to it - <a href=\"https:\/\/ion.lyko.com\/t\/t?a=1117786221&#038;as=1548102449&#038;t=2&#038;tk=1&#038;epi=search-replace-lipstick&#038;url=https:\/\/lyko.com\/sv\/smink\/lappar\/lappstift?fromsearch=l%C3%A4ppstift\" target=\"_blank\">Golden Rose Velvet Matte Lipstick<\/a> in shade 11 which I know lasts super well without having to think about improving!<\/p>\n<p>The basic make-up is YAG Mineral and the eye shadow from is from Paese!<\/p>\n<p><a href=\"http:\/\/www.imakeyousmile.se\/wp-content\/uploads\/2014\/09\/10699240_10152445005688042_63824896_n.jpg\"><img loading=\"lazy\" decoding=\"async\" class=\"alignnone size-full wp-image-17542\" src=\"http:\/\/www.imakeyousmile.se\/wp-content\/uploads\/2014\/09\/10699240_10152445005688042_63824896_n.jpg\" alt=\"10699240_10152445005688042_63824896_n\" width=\"637\" height=\"960\" srcset=\"https:\/\/www.imakeyousmile.se\/wp-content\/uploads\/2014\/09\/10699240_10152445005688042_63824896_n.jpg 637w, https:\/\/www.imakeyousmile.se\/wp-content\/uploads\/2014\/09\/10699240_10152445005688042_63824896_n-199x300.jpg 199w, https:\/\/www.imakeyousmile.se\/wp-content\/uploads\/2014\/09\/10699240_10152445005688042_63824896_n-236x357.jpg 236w, https:\/\/www.imakeyousmile.se\/wp-content\/uploads\/2014\/09\/10699240_10152445005688042_63824896_n-320x483.jpg 320w\" sizes=\"(max-width: 637px) 100vw, 637px\" \/><\/a><\/p>\n<p><a href=\"http:\/\/www.imakeyousmile.se\/wp-content\/uploads\/2014\/09\/10711233_10152445005698042_1930252922_n.jpg\"><img loading=\"lazy\" decoding=\"async\" class=\"alignnone size-full wp-image-17544\" src=\"http:\/\/www.imakeyousmile.se\/wp-content\/uploads\/2014\/09\/10711233_10152445005698042_1930252922_n.jpg\" alt=\"10711233_10152445005698042_1930252922_n\" width=\"640\" height=\"960\" srcset=\"https:\/\/www.imakeyousmile.se\/wp-content\/uploads\/2014\/09\/10711233_10152445005698042_1930252922_n.jpg 640w, https:\/\/www.imakeyousmile.se\/wp-content\/uploads\/2014\/09\/10711233_10152445005698042_1930252922_n-200x300.jpg 200w, https:\/\/www.imakeyousmile.se\/wp-content\/uploads\/2014\/09\/10711233_10152445005698042_1930252922_n-238x357.jpg 238w, https:\/\/www.imakeyousmile.se\/wp-content\/uploads\/2014\/09\/10711233_10152445005698042_1930252922_n-322x483.jpg 322w\" sizes=\"(max-width: 640px) 100vw, 640px\" \/><\/a><\/p>\n<p>I often smile with my teeth at pictures here in the blog - but here is my real laugh haha! Monica has not learned that you can not say funny things when you photograph me haha;)<\/p>\n<p><a href=\"http:\/\/www.imakeyousmile.se\/wp-content\/uploads\/2014\/09\/10711182_10152445005723042_945836710_n.jpg\"><img loading=\"lazy\" decoding=\"async\" class=\"alignnone size-full wp-image-17543\" src=\"http:\/\/www.imakeyousmile.se\/wp-content\/uploads\/2014\/09\/10711182_10152445005723042_945836710_n.jpg\" alt=\"10711182_10152445005723042_945836710_n\" width=\"637\" height=\"960\" srcset=\"https:\/\/www.imakeyousmile.se\/wp-content\/uploads\/2014\/09\/10711182_10152445005723042_945836710_n.jpg 637w, https:\/\/www.imakeyousmile.se\/wp-content\/uploads\/2014\/09\/10711182_10152445005723042_945836710_n-199x300.jpg 199w, https:\/\/www.imakeyousmile.se\/wp-content\/uploads\/2014\/09\/10711182_10152445005723042_945836710_n-236x357.jpg 236w, https:\/\/www.imakeyousmile.se\/wp-content\/uploads\/2014\/09\/10711182_10152445005723042_945836710_n-320x483.jpg 320w\" sizes=\"(max-width: 637px) 100vw, 637px\" \/><\/a><\/p>\n<p>This is what I looked like when I was on my way later :) However, the jacket ended up in the wardrobe at the gala when we arrived!<\/p>\n<p><strong>Surely I was nice? :)<\/strong><\/p>","protected":false},"excerpt":{"rendered":"<p>Jag fick br\u00e5ttom n\u00e4r jag fixade mig innan Blog Awards s\u00e5 jag hann inte fota min sminkning hemma, men f\u00f6rsta stoppet var hos Monica Werner p\u00e5 Fris\u00f6rerna i Uppsala som fick hedersuppdraget att g\u00f6ra mig snygg i h\u00e5ret, och hon fotade lite med sin kamera innan jag \u00e5kte vidare s\u00e5 jag kan som tur \u00e4r [&hellip;]<\/p>\n","protected":false},"author":30,"featured_media":0,"comment_status":"open","ping_status":"closed","sticky":false,"template":"","format":"standard","meta":{"footnotes":""},"categories":[2862],"tags":[2796,1255,2798,2797],"class_list":["post-17541","post","type-post","status-publish","format-standard","hentry","category-har","tag-blog-awards-2014","tag-frisor-uppsala","tag-frisorerna-uppsala","tag-monica-werner"],"yoast_head":"<!-- This site is optimized with the Yoast SEO Premium plugin v14.9 - https:\/\/yoast.com\/wordpress\/plugins\/seo\/ -->\n<meta name=\"description\" content=\"Blog Awards-look | Helena Amiley - H\u00e4r hittar du senaste infromation om sk\u00f6nhet, livsstil, entrepren\u00f6rskap, makeup &amp; tips.\" \/>\n<meta name=\"robots\" content=\"index, follow, max-snippet:-1, max-image-preview:large, max-video-preview:-1\" \/>\n<link rel=\"canonical\" href=\"https:\/\/www.imakeyousmile.se\/en\/blog-awards-look\/\" \/>\n<meta property=\"og:locale\" content=\"en_US\" \/>\n<meta property=\"og:type\" content=\"article\" \/>\n<meta property=\"og:title\" content=\"Blog Awards-look | Imakeyousmile.se\" \/>\n<meta property=\"og:description\" content=\"Blog Awards-look | Helena Amiley - H\u00e4r hittar du senaste infromation om sk\u00f6nhet, livsstil, entrepren\u00f6rskap, makeup &amp; tips.\" \/>\n<meta property=\"og:url\" content=\"https:\/\/www.imakeyousmile.se\/en\/blog-awards-look\/\" \/>\n<meta property=\"og:site_name\" content=\"Imakeyousmile.se\" \/>\n<meta property=\"article:author\" content=\"https:\/\/www.facebook.com\/imakeyousmile.se\" \/>\n<meta property=\"article:published_time\" content=\"2014-09-20T16:44:55+00:00\" \/>\n<meta property=\"article:modified_time\" content=\"2020-10-22T09:15:23+00:00\" \/>\n<meta property=\"og:image\" content=\"http:\/\/www.imakeyousmile.se\/wp-content\/uploads\/2014\/09\/10711485_10152445005693042_1291620197_n.jpg\" \/>\n<meta name=\"twitter:card\" content=\"summary_large_image\" \/>\n<script type=\"application\/ld+json\" class=\"yoast-schema-graph\">{\"@context\":\"https:\/\/schema.org\",\"@graph\":[{\"@type\":\"Organization\",\"@id\":\"https:\/\/www.imakeyousmile.se\/en\/#organization\",\"name\":\"Imakeyousmile\",\"url\":\"https:\/\/www.imakeyousmile.se\/en\/\",\"sameAs\":[],\"logo\":{\"@type\":\"ImageObject\",\"@id\":\"https:\/\/www.imakeyousmile.se\/en\/#logo\",\"inLanguage\":\"en-US\",\"url\":\"https:\/\/www.imakeyousmile.se\/wp-content\/uploads\/2020\/10\/HELENA-AMILEY_SVART-1-e1603367975324.png\",\"width\":280,\"height\":93,\"caption\":\"Imakeyousmile\"},\"image\":{\"@id\":\"https:\/\/www.imakeyousmile.se\/en\/#logo\"}},{\"@type\":\"WebSite\",\"@id\":\"https:\/\/www.imakeyousmile.se\/en\/#website\",\"url\":\"https:\/\/www.imakeyousmile.se\/en\/\",\"name\":\"Imakeyousmile.se\",\"description\":\"Helena Amiley - Beauty, Entrepreneur, Lifestyle\",\"publisher\":{\"@id\":\"https:\/\/www.imakeyousmile.se\/en\/#organization\"},\"potentialAction\":[{\"@type\":\"SearchAction\",\"target\":\"https:\/\/www.imakeyousmile.se\/en\/?s={search_term_string}\",\"query-input\":\"required name=search_term_string\"}],\"inLanguage\":\"en-US\"},{\"@type\":\"ImageObject\",\"@id\":\"https:\/\/www.imakeyousmile.se\/blog-awards-look\/#primaryimage\",\"inLanguage\":\"en-US\",\"url\":\"http:\/\/www.imakeyousmile.se\/wp-content\/uploads\/2014\/09\/10711485_10152445005693042_1291620197_n.jpg\"},{\"@type\":\"WebPage\",\"@id\":\"https:\/\/www.imakeyousmile.se\/blog-awards-look\/#webpage\",\"url\":\"https:\/\/www.imakeyousmile.se\/blog-awards-look\/\",\"name\":\"Blog Awards-look | Imakeyousmile.se\",\"isPartOf\":{\"@id\":\"https:\/\/www.imakeyousmile.se\/en\/#website\"},\"primaryImageOfPage\":{\"@id\":\"https:\/\/www.imakeyousmile.se\/blog-awards-look\/#primaryimage\"},\"datePublished\":\"2014-09-20T16:44:55+00:00\",\"dateModified\":\"2020-10-22T09:15:23+00:00\",\"description\":\"Blog Awards-look | Helena Amiley - H\\u00e4r hittar du senaste infromation om sk\\u00f6nhet, livsstil, entrepren\\u00f6rskap, makeup & tips.\",\"inLanguage\":\"en-US\",\"potentialAction\":[{\"@type\":\"ReadAction\",\"target\":[\"https:\/\/www.imakeyousmile.se\/blog-awards-look\/\"]}]},{\"@type\":\"Article\",\"@id\":\"https:\/\/www.imakeyousmile.se\/blog-awards-look\/#article\",\"isPartOf\":{\"@id\":\"https:\/\/www.imakeyousmile.se\/blog-awards-look\/#webpage\"},\"author\":{\"@id\":\"https:\/\/www.imakeyousmile.se\/en\/#\/schema\/person\/b0fd43b1c6bb1c60cfd68bff9b4a10fb\"},\"headline\":\"Blog Awards-look\",\"datePublished\":\"2014-09-20T16:44:55+00:00\",\"dateModified\":\"2020-10-22T09:15:23+00:00\",\"mainEntityOfPage\":{\"@id\":\"https:\/\/www.imakeyousmile.se\/blog-awards-look\/#webpage\"},\"commentCount\":5,\"publisher\":{\"@id\":\"https:\/\/www.imakeyousmile.se\/en\/#organization\"},\"image\":{\"@id\":\"https:\/\/www.imakeyousmile.se\/blog-awards-look\/#primaryimage\"},\"keywords\":\"blog awards 2014,fris\\u00f6r uppsala,fris\\u00f6rerna uppsala,monica werner\",\"articleSection\":\"H\\u00e5r\",\"inLanguage\":\"en-US\",\"potentialAction\":[{\"@type\":\"CommentAction\",\"name\":\"Comment\",\"target\":[\"https:\/\/www.imakeyousmile.se\/blog-awards-look\/#respond\"]}]},{\"@type\":\"Person\",\"@id\":\"https:\/\/www.imakeyousmile.se\/en\/#\/schema\/person\/b0fd43b1c6bb1c60cfd68bff9b4a10fb\",\"name\":\"Helena Amiley\",\"image\":{\"@type\":\"ImageObject\",\"@id\":\"https:\/\/www.imakeyousmile.se\/en\/#personlogo\",\"inLanguage\":\"en-US\",\"url\":\"https:\/\/secure.gravatar.com\/avatar\/5645558e1e355457a23368d7e1b4c904?s=96&d=mm&r=g\",\"caption\":\"Helena Amiley\"},\"description\":\"Jag skriver mest om sk\\u00f6nhet men bjuder \\u00e4ven p\\u00e5 glimtar fr\\u00e5n entrepren\\u00f6rlivet och bygget av v\\u00e5r egen camper van. Vanlife here we come!\",\"sameAs\":[\"https:\/\/www.facebook.com\/imakeyousmile.se\",\"https:\/\/www.instagram.com\/helenaamiley\",\"https:\/\/www.youtube.com\/channel\/UCR5iB6rvpV6Yr8ZjpQfr5mg?view_as=subscriber\"]}]}<\/script>\n<!-- \/ Yoast SEO Premium plugin. -->","_links":{"self":[{"href":"https:\/\/www.imakeyousmile.se\/en\/wp-json\/wp\/v2\/posts\/17541"}],"collection":[{"href":"https:\/\/www.imakeyousmile.se\/en\/wp-json\/wp\/v2\/posts"}],"about":[{"href":"https:\/\/www.imakeyousmile.se\/en\/wp-json\/wp\/v2\/types\/post"}],"author":[{"embeddable":true,"href":"https:\/\/www.imakeyousmile.se\/en\/wp-json\/wp\/v2\/users\/30"}],"replies":[{"embeddable":true,"href":"https:\/\/www.imakeyousmile.se\/en\/wp-json\/wp\/v2\/comments?post=17541"}],"version-history":[{"count":1,"href":"https:\/\/www.imakeyousmile.se\/en\/wp-json\/wp\/v2\/posts\/17541\/revisions"}],"predecessor-version":[{"id":18665,"href":"https:\/\/www.imakeyousmile.se\/en\/wp-json\/wp\/v2\/posts\/17541\/revisions\/18665"}],"wp:attachment":[{"href":"https:\/\/www.imakeyousmile.se\/en\/wp-json\/wp\/v2\/media?parent=17541"}],"wp:term":[{"taxonomy":"category","embeddable":true,"href":"https:\/\/www.imakeyousmile.se\/en\/wp-json\/wp\/v2\/categories?post=17541"},{"taxonomy":"post_tag","embeddable":true,"href":"https:\/\/www.imakeyousmile.se\/en\/wp-json\/wp\/v2\/tags?post=17541"}],"curies":[{"name":"wp","href":"https:\/\/api.w.org\/{rel}","templated":true}]}}