{"id":19702,"date":"2015-04-24T19:09:15","date_gmt":"2015-04-24T17:09:15","guid":{"rendered":"http:\/\/www.imakeyousmile.se\/?p=19702"},"modified":"2015-04-24T19:09:15","modified_gmt":"2015-04-24T17:09:15","slug":"fredagsfina-miska","status":"publish","type":"post","link":"https:\/\/www.imakeyousmile.se\/en\/friday-fine-miska\/","title":{"rendered":"Good Friday Miska!"},"content":{"rendered":"<p>I have curled my hair today and it turned out so heavenly nice (you will see pictures tomorrow!) And when Miska came home from work he also wanted to be curled. So I warmed up the pliers again and got started! :)<\/p>\n<p>Surely he became fine? \u2665<\/p>\n<p><a href=\"http:\/\/www.imakeyousmile.se\/wp-content\/uploads\/2015\/04\/miska-isoniemi.jpg\"><img loading=\"lazy\" decoding=\"async\" class=\"alignnone size-large wp-image-19704\" src=\"http:\/\/www.imakeyousmile.se\/wp-content\/uploads\/2015\/04\/miska-isoniemi-1024x682.jpg\" alt=\"miska-isoniemi\" width=\"700\" height=\"466\" srcset=\"https:\/\/www.imakeyousmile.se\/wp-content\/uploads\/2015\/04\/miska-isoniemi-1024x682.jpg 1024w, https:\/\/www.imakeyousmile.se\/wp-content\/uploads\/2015\/04\/miska-isoniemi-300x200.jpg 300w, https:\/\/www.imakeyousmile.se\/wp-content\/uploads\/2015\/04\/miska-isoniemi-700x467.jpg 700w, https:\/\/www.imakeyousmile.se\/wp-content\/uploads\/2015\/04\/miska-isoniemi-536x357.jpg 536w, https:\/\/www.imakeyousmile.se\/wp-content\/uploads\/2015\/04\/miska-isoniemi-725x483.jpg 725w, https:\/\/www.imakeyousmile.se\/wp-content\/uploads\/2015\/04\/miska-isoniemi.jpg 2000w\" sizes=\"(max-width: 700px) 100vw, 700px\" \/><\/a><\/p>\n<p><a href=\"http:\/\/www.imakeyousmile.se\/wp-content\/uploads\/2015\/04\/miska-baby.jpg\"><img loading=\"lazy\" decoding=\"async\" class=\"alignnone size-large wp-image-19703\" src=\"http:\/\/www.imakeyousmile.se\/wp-content\/uploads\/2015\/04\/miska-baby-1024x682.jpg\" alt=\"miska-baby\" width=\"700\" height=\"466\" srcset=\"https:\/\/www.imakeyousmile.se\/wp-content\/uploads\/2015\/04\/miska-baby-1024x682.jpg 1024w, https:\/\/www.imakeyousmile.se\/wp-content\/uploads\/2015\/04\/miska-baby-300x200.jpg 300w, https:\/\/www.imakeyousmile.se\/wp-content\/uploads\/2015\/04\/miska-baby-700x467.jpg 700w, https:\/\/www.imakeyousmile.se\/wp-content\/uploads\/2015\/04\/miska-baby-536x357.jpg 536w, https:\/\/www.imakeyousmile.se\/wp-content\/uploads\/2015\/04\/miska-baby-725x483.jpg 725w, https:\/\/www.imakeyousmile.se\/wp-content\/uploads\/2015\/04\/miska-baby.jpg 2000w\" sizes=\"(max-width: 700px) 100vw, 700px\" \/><\/a> <a href=\"http:\/\/www.imakeyousmile.se\/wp-content\/uploads\/2015\/04\/miska-isoniemi.jpg\"><br \/>\n<\/a> <a href=\"http:\/\/www.imakeyousmile.se\/wp-content\/uploads\/2015\/04\/miska.jpg\"><img loading=\"lazy\" decoding=\"async\" class=\"alignnone size-large wp-image-19705\" src=\"http:\/\/www.imakeyousmile.se\/wp-content\/uploads\/2015\/04\/miska-1024x682.jpg\" alt=\"miska\" width=\"700\" height=\"466\" srcset=\"https:\/\/www.imakeyousmile.se\/wp-content\/uploads\/2015\/04\/miska-1024x682.jpg 1024w, https:\/\/www.imakeyousmile.se\/wp-content\/uploads\/2015\/04\/miska-300x200.jpg 300w, https:\/\/www.imakeyousmile.se\/wp-content\/uploads\/2015\/04\/miska-700x467.jpg 700w, https:\/\/www.imakeyousmile.se\/wp-content\/uploads\/2015\/04\/miska-536x357.jpg 536w, https:\/\/www.imakeyousmile.se\/wp-content\/uploads\/2015\/04\/miska-725x483.jpg 725w, https:\/\/www.imakeyousmile.se\/wp-content\/uploads\/2015\/04\/miska.jpg 2000w\" sizes=\"(max-width: 700px) 100vw, 700px\" \/><\/a><\/p>","protected":false},"excerpt":{"rendered":"<p>I have curled my hair today and it turned out so heavenly nice (you will see pictures tomorrow!) And when Miska came home from work he also wanted to be curled. So I warmed up the pliers again and got started! :) Surely he became fine? \u2665<\/p>","protected":false},"author":30,"featured_media":19705,"comment_status":"open","ping_status":"closed","sticky":false,"template":"","format":"standard","meta":{"footnotes":""},"categories":[2862,3],"tags":[],"class_list":["post-19702","post","type-post","status-publish","format-standard","has-post-thumbnail","hentry","category-har","category-allmant"],"yoast_head":"<!-- This site is optimized with the Yoast SEO Premium plugin v14.9 - https:\/\/yoast.com\/wordpress\/plugins\/seo\/ -->\n<meta name=\"description\" content=\"Fredagsfina Miska! | Helena Amiley - H\u00e4r hittar du senaste infromation om sk\u00f6nhet, livsstil, entrepren\u00f6rskap, makeup &amp; tips.\" \/>\n<meta name=\"robots\" content=\"index, follow, max-snippet:-1, max-image-preview:large, max-video-preview:-1\" \/>\n<link rel=\"canonical\" href=\"https:\/\/www.imakeyousmile.se\/en\/fredagsfina-miska\/\" \/>\n<meta property=\"og:locale\" content=\"en_US\" \/>\n<meta property=\"og:type\" content=\"article\" \/>\n<meta property=\"og:title\" content=\"Fredagsfina Miska! | Imakeyousmile.se\" \/>\n<meta property=\"og:description\" content=\"Fredagsfina Miska! | Helena Amiley - H\u00e4r hittar du senaste infromation om sk\u00f6nhet, livsstil, entrepren\u00f6rskap, makeup &amp; tips.\" \/>\n<meta property=\"og:url\" content=\"https:\/\/www.imakeyousmile.se\/en\/fredagsfina-miska\/\" \/>\n<meta property=\"og:site_name\" content=\"Imakeyousmile.se\" \/>\n<meta property=\"article:author\" content=\"https:\/\/www.facebook.com\/imakeyousmile.se\" \/>\n<meta property=\"article:published_time\" content=\"2015-04-24T17:09:15+00:00\" \/>\n<meta property=\"og:image\" content=\"https:\/\/www.imakeyousmile.se\/wp-content\/uploads\/2015\/04\/miska.jpg\" \/>\n\t<meta property=\"og:image:width\" content=\"2000\" \/>\n\t<meta property=\"og:image:height\" content=\"1333\" \/>\n<meta name=\"twitter:card\" content=\"summary_large_image\" \/>\n<script type=\"application\/ld+json\" class=\"yoast-schema-graph\">{\"@context\":\"https:\/\/schema.org\",\"@graph\":[{\"@type\":\"Organization\",\"@id\":\"https:\/\/www.imakeyousmile.se\/en\/#organization\",\"name\":\"Imakeyousmile\",\"url\":\"https:\/\/www.imakeyousmile.se\/en\/\",\"sameAs\":[],\"logo\":{\"@type\":\"ImageObject\",\"@id\":\"https:\/\/www.imakeyousmile.se\/en\/#logo\",\"inLanguage\":\"en-US\",\"url\":\"https:\/\/www.imakeyousmile.se\/wp-content\/uploads\/2020\/10\/HELENA-AMILEY_SVART-1-e1603367975324.png\",\"width\":280,\"height\":93,\"caption\":\"Imakeyousmile\"},\"image\":{\"@id\":\"https:\/\/www.imakeyousmile.se\/en\/#logo\"}},{\"@type\":\"WebSite\",\"@id\":\"https:\/\/www.imakeyousmile.se\/en\/#website\",\"url\":\"https:\/\/www.imakeyousmile.se\/en\/\",\"name\":\"Imakeyousmile.se\",\"description\":\"Helena Amiley - Beauty, Entrepreneur, Lifestyle\",\"publisher\":{\"@id\":\"https:\/\/www.imakeyousmile.se\/en\/#organization\"},\"potentialAction\":[{\"@type\":\"SearchAction\",\"target\":\"https:\/\/www.imakeyousmile.se\/en\/?s={search_term_string}\",\"query-input\":\"required name=search_term_string\"}],\"inLanguage\":\"en-US\"},{\"@type\":\"ImageObject\",\"@id\":\"https:\/\/www.imakeyousmile.se\/fredagsfina-miska\/#primaryimage\",\"inLanguage\":\"en-US\",\"url\":\"https:\/\/www.imakeyousmile.se\/wp-content\/uploads\/2015\/04\/miska.jpg\",\"width\":2000,\"height\":1333},{\"@type\":\"WebPage\",\"@id\":\"https:\/\/www.imakeyousmile.se\/fredagsfina-miska\/#webpage\",\"url\":\"https:\/\/www.imakeyousmile.se\/fredagsfina-miska\/\",\"name\":\"Fredagsfina Miska! | Imakeyousmile.se\",\"isPartOf\":{\"@id\":\"https:\/\/www.imakeyousmile.se\/en\/#website\"},\"primaryImageOfPage\":{\"@id\":\"https:\/\/www.imakeyousmile.se\/fredagsfina-miska\/#primaryimage\"},\"datePublished\":\"2015-04-24T17:09:15+00:00\",\"dateModified\":\"2015-04-24T17:09:15+00:00\",\"description\":\"Fredagsfina Miska! | Helena Amiley - H\\u00e4r hittar du senaste infromation om sk\\u00f6nhet, livsstil, entrepren\\u00f6rskap, makeup & tips.\",\"inLanguage\":\"en-US\",\"potentialAction\":[{\"@type\":\"ReadAction\",\"target\":[\"https:\/\/www.imakeyousmile.se\/fredagsfina-miska\/\"]}]},{\"@type\":\"Article\",\"@id\":\"https:\/\/www.imakeyousmile.se\/fredagsfina-miska\/#article\",\"isPartOf\":{\"@id\":\"https:\/\/www.imakeyousmile.se\/fredagsfina-miska\/#webpage\"},\"author\":{\"@id\":\"https:\/\/www.imakeyousmile.se\/en\/#\/schema\/person\/b0fd43b1c6bb1c60cfd68bff9b4a10fb\"},\"headline\":\"Fredagsfina Miska!\",\"datePublished\":\"2015-04-24T17:09:15+00:00\",\"dateModified\":\"2015-04-24T17:09:15+00:00\",\"mainEntityOfPage\":{\"@id\":\"https:\/\/www.imakeyousmile.se\/fredagsfina-miska\/#webpage\"},\"commentCount\":5,\"publisher\":{\"@id\":\"https:\/\/www.imakeyousmile.se\/en\/#organization\"},\"image\":{\"@id\":\"https:\/\/www.imakeyousmile.se\/fredagsfina-miska\/#primaryimage\"},\"articleSection\":\"H\\u00e5r,\\u00d6vrigt\",\"inLanguage\":\"en-US\",\"potentialAction\":[{\"@type\":\"CommentAction\",\"name\":\"Comment\",\"target\":[\"https:\/\/www.imakeyousmile.se\/fredagsfina-miska\/#respond\"]}]},{\"@type\":\"Person\",\"@id\":\"https:\/\/www.imakeyousmile.se\/en\/#\/schema\/person\/b0fd43b1c6bb1c60cfd68bff9b4a10fb\",\"name\":\"Helena Amiley\",\"image\":{\"@type\":\"ImageObject\",\"@id\":\"https:\/\/www.imakeyousmile.se\/en\/#personlogo\",\"inLanguage\":\"en-US\",\"url\":\"https:\/\/secure.gravatar.com\/avatar\/5645558e1e355457a23368d7e1b4c904?s=96&d=mm&r=g\",\"caption\":\"Helena Amiley\"},\"description\":\"Jag skriver mest om sk\\u00f6nhet men bjuder \\u00e4ven p\\u00e5 glimtar fr\\u00e5n entrepren\\u00f6rlivet och bygget av v\\u00e5r egen camper van. Vanlife here we come!\",\"sameAs\":[\"https:\/\/www.facebook.com\/imakeyousmile.se\",\"https:\/\/www.instagram.com\/helenaamiley\",\"https:\/\/www.youtube.com\/channel\/UCR5iB6rvpV6Yr8ZjpQfr5mg?view_as=subscriber\"]}]}<\/script>\n<!-- \/ Yoast SEO Premium plugin. -->","_links":{"self":[{"href":"https:\/\/www.imakeyousmile.se\/en\/wp-json\/wp\/v2\/posts\/19702"}],"collection":[{"href":"https:\/\/www.imakeyousmile.se\/en\/wp-json\/wp\/v2\/posts"}],"about":[{"href":"https:\/\/www.imakeyousmile.se\/en\/wp-json\/wp\/v2\/types\/post"}],"author":[{"embeddable":true,"href":"https:\/\/www.imakeyousmile.se\/en\/wp-json\/wp\/v2\/users\/30"}],"replies":[{"embeddable":true,"href":"https:\/\/www.imakeyousmile.se\/en\/wp-json\/wp\/v2\/comments?post=19702"}],"version-history":[{"count":1,"href":"https:\/\/www.imakeyousmile.se\/en\/wp-json\/wp\/v2\/posts\/19702\/revisions"}],"predecessor-version":[{"id":19706,"href":"https:\/\/www.imakeyousmile.se\/en\/wp-json\/wp\/v2\/posts\/19702\/revisions\/19706"}],"wp:featuredmedia":[{"embeddable":true,"href":"https:\/\/www.imakeyousmile.se\/en\/wp-json\/wp\/v2\/media\/19705"}],"wp:attachment":[{"href":"https:\/\/www.imakeyousmile.se\/en\/wp-json\/wp\/v2\/media?parent=19702"}],"wp:term":[{"taxonomy":"category","embeddable":true,"href":"https:\/\/www.imakeyousmile.se\/en\/wp-json\/wp\/v2\/categories?post=19702"},{"taxonomy":"post_tag","embeddable":true,"href":"https:\/\/www.imakeyousmile.se\/en\/wp-json\/wp\/v2\/tags?post=19702"}],"curies":[{"name":"wp","href":"https:\/\/api.w.org\/{rel}","templated":true}]}}