{"id":19735,"date":"2015-04-27T08:49:45","date_gmt":"2015-04-27T06:49:45","guid":{"rendered":"http:\/\/www.imakeyousmile.se\/?p=19735"},"modified":"2015-04-27T08:49:45","modified_gmt":"2015-04-27T06:49:45","slug":"ekologisk-solkram","status":"publish","type":"post","link":"https:\/\/www.imakeyousmile.se\/en\/organic-sunscreen\/","title":{"rendered":"Organic sunscreen"},"content":{"rendered":"<p>The product I will tell you about now is a product that I only half recommend, and it is an organic sunscreen with spf 6!<\/p>\n<p>The reason I say half is because spf 6 is very low, I can not recommend such a low spf with a clear conscience. But I am also realistic and know that many of you are careless with sunscreen and do not use it at all, and for you, spf 6 is better than nothing :)<\/p>\n<p>Spf 6 simply means that you can be in the sun 6 times longer without burning yourself, than you could have without the cream. So it is in any case a clear improvement, and may be the difference between burnt and brown.<\/p>\n<p>Do not forget that the spring sun is strong too, Miska always gets freckles in the summer (huuuur nice anyway!) And he has already got a lot even though he has not been in the sun very much. So start with sunscreen now!<\/p>\n<p>By the way, isn&#039;t it a fantastic spring we have ?! How wonderful! Especially now that I have bought ac for the apartment which would otherwise be a sauna, now I can work without putting off pearls of sweat in my forehead haha.<\/p>\n<p>Anyway, now to the product:<\/p>\n<p><a href=\"http:\/\/www.imakeyousmile.se\/wp-content\/uploads\/2015\/04\/IMG_1566_111.jpg\"><img loading=\"lazy\" decoding=\"async\" class=\"alignnone size-large wp-image-19736\" src=\"http:\/\/www.imakeyousmile.se\/wp-content\/uploads\/2015\/04\/IMG_1566_111-1002x1024.jpg\" alt=\"IMG_1566_111\" width=\"700\" height=\"715\" srcset=\"https:\/\/www.imakeyousmile.se\/wp-content\/uploads\/2015\/04\/IMG_1566_111-1002x1024.jpg 1002w, https:\/\/www.imakeyousmile.se\/wp-content\/uploads\/2015\/04\/IMG_1566_111-294x300.jpg 294w, https:\/\/www.imakeyousmile.se\/wp-content\/uploads\/2015\/04\/IMG_1566_111-700x715.jpg 700w, https:\/\/www.imakeyousmile.se\/wp-content\/uploads\/2015\/04\/IMG_1566_111-349x357.jpg 349w, https:\/\/www.imakeyousmile.se\/wp-content\/uploads\/2015\/04\/IMG_1566_111-473x483.jpg 473w, https:\/\/www.imakeyousmile.se\/wp-content\/uploads\/2015\/04\/IMG_1566_111.jpg 2000w\" sizes=\"(max-width: 700px) 100vw, 700px\" \/><\/a><\/p>\n<p>Rosenseriens <a href=\"http:\/\/www.svenskhalsokost.se\/produkter\/sunscreen_with_carotene?utm_source=gmerchant&amp;utm_campaign=unspecified&amp;utm_medium=Prisjamforelsesiter&amp;utm_term=&amp;utm_content=Produktfeed&amp;gclid=CKqVn_3klcUCFaULcwodsCMAiQ\" target=\"_blank\">Sunscreen with Carotene <\/a>is a sun protection factor with 100% natural content that is Swedish-made and organic, and eco-labeled with the Swan!<\/p>\n<p>Because even though many are careless, there are still many who are good and use spf, and every year thousands of tons of sunscreen are sold. What happens to them? Well, a large part of the cream ends up in our waterways!<\/p>\n<p>Therefore, I think it is great with an organic sun protection factor! I myself have tried to find a good organic spf for the webshop but have not found one yet that I think is so great.<\/p>\n<p>In addition to providing protection from the sun, it also contains aloe vera and sea buckthorn oil which nourishes and moisturizes the skin, and is therefore suitable even after sunbathing. And it also contains carotene which stimulates pigmentation in the skin :)<\/p>\n<p><strong>Application<\/strong><br \/>\nThe cream is very smooth and soft, and it is easy to apply it as it is thick and glides easily over the skin, so a little is enough for a long distance. It goes very quickly into the skin which feels smooth and comfortable afterwards, so for that it gets a big plus!<\/p>\n<p>Can be used both on the body and on the face.<\/p>\n<p><strong>Fragrance<\/strong><br \/>\nIn May, this will be launched with a new fragrance, and I will not find anything where the fragrance is described, but I am thinking of roses and flowers. It smells summery and good, but I personally am not so much for floral scents unfortunately so for me the scent is no hit. But you who like floral scents will surely love this one!<\/p>\n<p><strong>Award<\/strong><br \/>\nThe price is SEK 265 for 100 ml. It&#039;s a juicy price, but that&#039;s the case with organic products. I think it&#039;s worth the price just to support organic businesses instead of cheap synthetic products! Then organic and natural will be cheaper and cheaper in the long run :)<\/p>\n<p>On <a href=\"http:\/\/www.svenskhalsokost.se\/produkter\/sunscreen_with_carotene?utm_source=gmerchant&amp;utm_campaign=unspecified&amp;utm_medium=Prisjamforelsesiter&amp;utm_term=&amp;utm_content=Produktfeed&amp;gclid=CKqVn_3klcUCFaULcwodsCMAiQ\" target=\"_blank\">Svenskhalsokost.se <\/a>so it is currently on sale this sunscreen, SEK 239, assume that it is the old fragrance that they want to sell off before the new one arrives in May. However, I do not know what kind of scent it is on the old cream, as I have received this as a press release with the new scent.<\/p>\n<p><strong>Summary<\/strong><br \/>\nAn organic and natural sunscreen with low spf, goes quickly into the skin and is wonderful to use! Highly recommended to everyone, except people who do not like floral scents.<\/p>\n<p><a href=\"http:\/\/www.imakeyousmile.se\/wp-content\/uploads\/2015\/04\/IMG_1567_111.jpg\"><img loading=\"lazy\" decoding=\"async\" class=\"alignnone size-large wp-image-19737\" src=\"http:\/\/www.imakeyousmile.se\/wp-content\/uploads\/2015\/04\/IMG_1567_111.jpg\" alt=\"IMG_1567_111\" width=\"700\" height=\"536\" srcset=\"https:\/\/www.imakeyousmile.se\/wp-content\/uploads\/2015\/04\/IMG_1567_111.jpg 1000w, https:\/\/www.imakeyousmile.se\/wp-content\/uploads\/2015\/04\/IMG_1567_111-300x230.jpg 300w, https:\/\/www.imakeyousmile.se\/wp-content\/uploads\/2015\/04\/IMG_1567_111-700x536.jpg 700w, https:\/\/www.imakeyousmile.se\/wp-content\/uploads\/2015\/04\/IMG_1567_111-466x357.jpg 466w, https:\/\/www.imakeyousmile.se\/wp-content\/uploads\/2015\/04\/IMG_1567_111-631x483.jpg 631w\" sizes=\"(max-width: 700px) 100vw, 700px\" \/><\/a><\/p>\n<p><strong>How good are you at using sunscreen? :)<\/strong><\/p>","protected":false},"excerpt":{"rendered":"<p>Produkten jag kommer tipsa er om nu \u00e4r en produkt som jag bara rekommenderar halvt, och\u00a0det \u00e4r en ekologisk solkr\u00e4m med spf 6! Anledningen till att jag s\u00e4ger halvt \u00e4r f\u00f6r att spf 6 \u00e4r v\u00e4ldigt l\u00e5gt, jag kan liksom inte rekommendera s\u00e5 l\u00e5g spf med gott samvete. Men jag \u00e4r ocks\u00e5 realistisk och vet [&hellip;]<\/p>\n","protected":false},"author":30,"featured_media":19736,"comment_status":"open","ping_status":"closed","sticky":false,"template":"","format":"standard","meta":{"footnotes":""},"categories":[40,59],"tags":[3466,3467,3468,3470,3469],"class_list":["post-19735","post","type-post","status-publish","format-standard","has-post-thumbnail","hentry","category-hudvard","category-recensioner-produkttips","tag-ekologisk-solkram","tag-naturlig-solkram","tag-naturlig-spf","tag-rosenserien-solkram","tag-spf-6"],"yoast_head":"<!-- This site is optimized with the Yoast SEO Premium plugin v14.9 - https:\/\/yoast.com\/wordpress\/plugins\/seo\/ -->\n<meta name=\"description\" content=\"Ekologisk solkr\u00e4m | Helena Amiley - H\u00e4r hittar du senaste infromation om sk\u00f6nhet, livsstil, entrepren\u00f6rskap, makeup &amp; tips.\" \/>\n<meta name=\"robots\" content=\"index, follow, max-snippet:-1, max-image-preview:large, max-video-preview:-1\" \/>\n<link rel=\"canonical\" href=\"https:\/\/www.imakeyousmile.se\/en\/ekologisk-solkram\/\" \/>\n<meta property=\"og:locale\" content=\"en_US\" \/>\n<meta property=\"og:type\" content=\"article\" \/>\n<meta property=\"og:title\" content=\"Ekologisk solkr\u00e4m | Imakeyousmile.se\" \/>\n<meta property=\"og:description\" content=\"Ekologisk solkr\u00e4m | Helena Amiley - H\u00e4r hittar du senaste infromation om sk\u00f6nhet, livsstil, entrepren\u00f6rskap, makeup &amp; tips.\" \/>\n<meta property=\"og:url\" content=\"https:\/\/www.imakeyousmile.se\/en\/ekologisk-solkram\/\" \/>\n<meta property=\"og:site_name\" content=\"Imakeyousmile.se\" \/>\n<meta property=\"article:author\" content=\"https:\/\/www.facebook.com\/imakeyousmile.se\" \/>\n<meta property=\"article:published_time\" content=\"2015-04-27T06:49:45+00:00\" \/>\n<meta property=\"og:image\" content=\"https:\/\/www.imakeyousmile.se\/wp-content\/uploads\/2015\/04\/IMG_1566_111.jpg\" \/>\n\t<meta property=\"og:image:width\" content=\"2000\" \/>\n\t<meta property=\"og:image:height\" content=\"2043\" \/>\n<meta name=\"twitter:card\" content=\"summary_large_image\" \/>\n<script type=\"application\/ld+json\" class=\"yoast-schema-graph\">{\"@context\":\"https:\/\/schema.org\",\"@graph\":[{\"@type\":\"Organization\",\"@id\":\"https:\/\/www.imakeyousmile.se\/en\/#organization\",\"name\":\"Imakeyousmile\",\"url\":\"https:\/\/www.imakeyousmile.se\/en\/\",\"sameAs\":[],\"logo\":{\"@type\":\"ImageObject\",\"@id\":\"https:\/\/www.imakeyousmile.se\/en\/#logo\",\"inLanguage\":\"en-US\",\"url\":\"https:\/\/www.imakeyousmile.se\/wp-content\/uploads\/2020\/10\/HELENA-AMILEY_SVART-1-e1603367975324.png\",\"width\":280,\"height\":93,\"caption\":\"Imakeyousmile\"},\"image\":{\"@id\":\"https:\/\/www.imakeyousmile.se\/en\/#logo\"}},{\"@type\":\"WebSite\",\"@id\":\"https:\/\/www.imakeyousmile.se\/en\/#website\",\"url\":\"https:\/\/www.imakeyousmile.se\/en\/\",\"name\":\"Imakeyousmile.se\",\"description\":\"Helena Amiley - Beauty, Entrepreneur, Lifestyle\",\"publisher\":{\"@id\":\"https:\/\/www.imakeyousmile.se\/en\/#organization\"},\"potentialAction\":[{\"@type\":\"SearchAction\",\"target\":\"https:\/\/www.imakeyousmile.se\/en\/?s={search_term_string}\",\"query-input\":\"required name=search_term_string\"}],\"inLanguage\":\"en-US\"},{\"@type\":\"ImageObject\",\"@id\":\"https:\/\/www.imakeyousmile.se\/ekologisk-solkram\/#primaryimage\",\"inLanguage\":\"en-US\",\"url\":\"https:\/\/www.imakeyousmile.se\/wp-content\/uploads\/2015\/04\/IMG_1566_111.jpg\",\"width\":2000,\"height\":2043},{\"@type\":\"WebPage\",\"@id\":\"https:\/\/www.imakeyousmile.se\/ekologisk-solkram\/#webpage\",\"url\":\"https:\/\/www.imakeyousmile.se\/ekologisk-solkram\/\",\"name\":\"Ekologisk solkr\\u00e4m | Imakeyousmile.se\",\"isPartOf\":{\"@id\":\"https:\/\/www.imakeyousmile.se\/en\/#website\"},\"primaryImageOfPage\":{\"@id\":\"https:\/\/www.imakeyousmile.se\/ekologisk-solkram\/#primaryimage\"},\"datePublished\":\"2015-04-27T06:49:45+00:00\",\"dateModified\":\"2015-04-27T06:49:45+00:00\",\"description\":\"Ekologisk solkr\\u00e4m | Helena Amiley - H\\u00e4r hittar du senaste infromation om sk\\u00f6nhet, livsstil, entrepren\\u00f6rskap, makeup & tips.\",\"inLanguage\":\"en-US\",\"potentialAction\":[{\"@type\":\"ReadAction\",\"target\":[\"https:\/\/www.imakeyousmile.se\/ekologisk-solkram\/\"]}]},{\"@type\":\"Article\",\"@id\":\"https:\/\/www.imakeyousmile.se\/ekologisk-solkram\/#article\",\"isPartOf\":{\"@id\":\"https:\/\/www.imakeyousmile.se\/ekologisk-solkram\/#webpage\"},\"author\":{\"@id\":\"https:\/\/www.imakeyousmile.se\/en\/#\/schema\/person\/b0fd43b1c6bb1c60cfd68bff9b4a10fb\"},\"headline\":\"Ekologisk solkr\\u00e4m\",\"datePublished\":\"2015-04-27T06:49:45+00:00\",\"dateModified\":\"2015-04-27T06:49:45+00:00\",\"mainEntityOfPage\":{\"@id\":\"https:\/\/www.imakeyousmile.se\/ekologisk-solkram\/#webpage\"},\"commentCount\":4,\"publisher\":{\"@id\":\"https:\/\/www.imakeyousmile.se\/en\/#organization\"},\"image\":{\"@id\":\"https:\/\/www.imakeyousmile.se\/ekologisk-solkram\/#primaryimage\"},\"keywords\":\"ekologisk solkr\\u00e4m,naturlig solkr\\u00e4m,naturlig spf,rosenserien solkr\\u00e4m,spf 6\",\"articleSection\":\"Hudv\\u00e5rd,Recensioner &amp; Produkttips\",\"inLanguage\":\"en-US\",\"potentialAction\":[{\"@type\":\"CommentAction\",\"name\":\"Comment\",\"target\":[\"https:\/\/www.imakeyousmile.se\/ekologisk-solkram\/#respond\"]}]},{\"@type\":\"Person\",\"@id\":\"https:\/\/www.imakeyousmile.se\/en\/#\/schema\/person\/b0fd43b1c6bb1c60cfd68bff9b4a10fb\",\"name\":\"Helena Amiley\",\"image\":{\"@type\":\"ImageObject\",\"@id\":\"https:\/\/www.imakeyousmile.se\/en\/#personlogo\",\"inLanguage\":\"en-US\",\"url\":\"https:\/\/secure.gravatar.com\/avatar\/5645558e1e355457a23368d7e1b4c904?s=96&d=mm&r=g\",\"caption\":\"Helena Amiley\"},\"description\":\"Jag skriver mest om sk\\u00f6nhet men bjuder \\u00e4ven p\\u00e5 glimtar fr\\u00e5n entrepren\\u00f6rlivet och bygget av v\\u00e5r egen camper van. Vanlife here we come!\",\"sameAs\":[\"https:\/\/www.facebook.com\/imakeyousmile.se\",\"https:\/\/www.instagram.com\/helenaamiley\",\"https:\/\/www.youtube.com\/channel\/UCR5iB6rvpV6Yr8ZjpQfr5mg?view_as=subscriber\"]}]}<\/script>\n<!-- \/ Yoast SEO Premium plugin. -->","_links":{"self":[{"href":"https:\/\/www.imakeyousmile.se\/en\/wp-json\/wp\/v2\/posts\/19735"}],"collection":[{"href":"https:\/\/www.imakeyousmile.se\/en\/wp-json\/wp\/v2\/posts"}],"about":[{"href":"https:\/\/www.imakeyousmile.se\/en\/wp-json\/wp\/v2\/types\/post"}],"author":[{"embeddable":true,"href":"https:\/\/www.imakeyousmile.se\/en\/wp-json\/wp\/v2\/users\/30"}],"replies":[{"embeddable":true,"href":"https:\/\/www.imakeyousmile.se\/en\/wp-json\/wp\/v2\/comments?post=19735"}],"version-history":[{"count":2,"href":"https:\/\/www.imakeyousmile.se\/en\/wp-json\/wp\/v2\/posts\/19735\/revisions"}],"predecessor-version":[{"id":19739,"href":"https:\/\/www.imakeyousmile.se\/en\/wp-json\/wp\/v2\/posts\/19735\/revisions\/19739"}],"wp:featuredmedia":[{"embeddable":true,"href":"https:\/\/www.imakeyousmile.se\/en\/wp-json\/wp\/v2\/media\/19736"}],"wp:attachment":[{"href":"https:\/\/www.imakeyousmile.se\/en\/wp-json\/wp\/v2\/media?parent=19735"}],"wp:term":[{"taxonomy":"category","embeddable":true,"href":"https:\/\/www.imakeyousmile.se\/en\/wp-json\/wp\/v2\/categories?post=19735"},{"taxonomy":"post_tag","embeddable":true,"href":"https:\/\/www.imakeyousmile.se\/en\/wp-json\/wp\/v2\/tags?post=19735"}],"curies":[{"name":"wp","href":"https:\/\/api.w.org\/{rel}","templated":true}]}}