{"id":19782,"date":"2015-04-29T12:05:19","date_gmt":"2015-04-29T10:05:19","guid":{"rendered":"http:\/\/www.imakeyousmile.se\/?p=19782"},"modified":"2015-04-29T09:47:34","modified_gmt":"2015-04-29T07:47:34","slug":"orange-is-the-new-black","status":"publish","type":"post","link":"https:\/\/www.imakeyousmile.se\/en\/orange-is-the-new-black\/","title":{"rendered":"Orange is the new black"},"content":{"rendered":"<p>Before I changed the nail polish to the chalk white color that I showed you yesterday, I just had to do a make-up where I had the apricot-orange nail polish and orange eye shadow, so nice!<\/p>\n<p>Orange was a very trendy color last spring, many had it on both nails and lips. And this year I hope that the trend ends up on the eyes as well, it&#039;s so nice :)<\/p>\n<p><a href=\"http:\/\/www.imakeyousmile.se\/wp-content\/uploads\/2015\/04\/IMG_1739_111.jpg\"><img loading=\"lazy\" decoding=\"async\" class=\"alignnone size-large wp-image-19783\" src=\"http:\/\/www.imakeyousmile.se\/wp-content\/uploads\/2015\/04\/IMG_1739_111-1024x740.jpg\" alt=\"IMG_1739_111\" width=\"700\" height=\"506\" srcset=\"https:\/\/www.imakeyousmile.se\/wp-content\/uploads\/2015\/04\/IMG_1739_111-1024x740.jpg 1024w, https:\/\/www.imakeyousmile.se\/wp-content\/uploads\/2015\/04\/IMG_1739_111-300x217.jpg 300w, https:\/\/www.imakeyousmile.se\/wp-content\/uploads\/2015\/04\/IMG_1739_111-700x506.jpg 700w, https:\/\/www.imakeyousmile.se\/wp-content\/uploads\/2015\/04\/IMG_1739_111-326x235.jpg 326w, https:\/\/www.imakeyousmile.se\/wp-content\/uploads\/2015\/04\/IMG_1739_111-494x357.jpg 494w, https:\/\/www.imakeyousmile.se\/wp-content\/uploads\/2015\/04\/IMG_1739_111-668x483.jpg 668w, https:\/\/www.imakeyousmile.se\/wp-content\/uploads\/2015\/04\/IMG_1739_111-198x143.jpg 198w, https:\/\/www.imakeyousmile.se\/wp-content\/uploads\/2015\/04\/IMG_1739_111.jpg 1884w\" sizes=\"(max-width: 700px) 100vw, 700px\" \/><\/a><\/p>\n<p><strong><span style=\"color: #ff6600;\">Neon orange eye shadow<\/span><\/strong> around the whole eye, <a href=\"http:\/\/creativemakeup.se\/produkt\/paese-neo-eyeshadow\/\" target=\"_blank\">Paese Kashmir Neo (663)<\/a><br \/>\n<strong><span style=\"color: #ffcc00;\">Yellow eye shadow<\/span><\/strong> In the corner of the eye, <a href=\"http:\/\/creativemakeup.se\/produkt\/paese-neo-eyeshadow\/\" target=\"_blank\">Paese Kashmir Neo (662)<\/a><br \/>\n<span style=\"color: #c7c7c7;\"><strong>White shimmery shade<\/strong><\/span> on the yellow,<a href=\"https:\/\/click.adrecord.com?c=5979&#038;p=1041&#038;url=https%3A\/\/kissedbyeco.se\/brand\/yag\/\/\" target=\"_blank\"> Yag mineral eyeshadow (star white)<\/a><br \/>\n<strong><span style=\"color: #993300;\">Brown eyeliner<\/span><\/strong> along the upper and slightly on the lower lash line (actually a liquid eyebrow pencil)<br \/>\n<strong><span style=\"color: #000000;\">Black mascara<\/span><\/strong> on all lashes, <a href=\"http:\/\/creativemakeup.se\/produkt\/adore-3d-lash-mascara\/\" target=\"_blank\">Paese Adore 3D Lash Mascara<\/a>.<\/p>\n<p><a href=\"http:\/\/www.imakeyousmile.se\/wp-content\/uploads\/2015\/04\/IMG_1775_111.jpg\"><img loading=\"lazy\" decoding=\"async\" class=\"alignnone size-large wp-image-19785\" src=\"http:\/\/www.imakeyousmile.se\/wp-content\/uploads\/2015\/04\/IMG_1775_111-1024x892.jpg\" alt=\"IMG_1775_111\" width=\"700\" height=\"610\" srcset=\"https:\/\/www.imakeyousmile.se\/wp-content\/uploads\/2015\/04\/IMG_1775_111-1024x892.jpg 1024w, https:\/\/www.imakeyousmile.se\/wp-content\/uploads\/2015\/04\/IMG_1775_111-300x261.jpg 300w, https:\/\/www.imakeyousmile.se\/wp-content\/uploads\/2015\/04\/IMG_1775_111-700x610.jpg 700w, https:\/\/www.imakeyousmile.se\/wp-content\/uploads\/2015\/04\/IMG_1775_111-410x357.jpg 410w, https:\/\/www.imakeyousmile.se\/wp-content\/uploads\/2015\/04\/IMG_1775_111-554x483.jpg 554w, https:\/\/www.imakeyousmile.se\/wp-content\/uploads\/2015\/04\/IMG_1775_111.jpg 2000w\" sizes=\"(max-width: 700px) 100vw, 700px\" \/><\/a><\/p>\n<p>Nice with the nail polish huh? :) It is<a href=\"https:\/\/ion.lyko.com\/t\/t?a=1117786221&#038;as=1548102449&#038;t=2&#038;tk=1&#038;epi=search-replace-nagellack&#038;url=https:\/\/lyko.com\/sv\/smink\/naglar\/nagellack?fromsearch=nagellack\/\" target=\"_blank\"> Paese Nail Polish<\/a> in shade 179!<\/p>\n<p><a href=\"http:\/\/www.imakeyousmile.se\/wp-content\/uploads\/2015\/04\/IMG_1762_111.jpg\"><img loading=\"lazy\" decoding=\"async\" class=\"alignnone size-large wp-image-19784\" src=\"http:\/\/www.imakeyousmile.se\/wp-content\/uploads\/2015\/04\/IMG_1762_111-1024x844.jpg\" alt=\"IMG_1762_111\" width=\"700\" height=\"577\" srcset=\"https:\/\/www.imakeyousmile.se\/wp-content\/uploads\/2015\/04\/IMG_1762_111-1024x844.jpg 1024w, https:\/\/www.imakeyousmile.se\/wp-content\/uploads\/2015\/04\/IMG_1762_111-300x247.jpg 300w, https:\/\/www.imakeyousmile.se\/wp-content\/uploads\/2015\/04\/IMG_1762_111-700x577.jpg 700w, https:\/\/www.imakeyousmile.se\/wp-content\/uploads\/2015\/04\/IMG_1762_111-433x357.jpg 433w, https:\/\/www.imakeyousmile.se\/wp-content\/uploads\/2015\/04\/IMG_1762_111-586x483.jpg 586w, https:\/\/www.imakeyousmile.se\/wp-content\/uploads\/2015\/04\/IMG_1762_111.jpg 2000w\" sizes=\"(max-width: 700px) 100vw, 700px\" \/><\/a> <a href=\"http:\/\/www.imakeyousmile.se\/wp-content\/uploads\/2015\/04\/IMG_1775_111.jpg\"><br \/>\n<\/a> <a href=\"http:\/\/www.imakeyousmile.se\/wp-content\/uploads\/2015\/04\/IMG_1800_111.jpg\"><img loading=\"lazy\" decoding=\"async\" class=\"alignnone size-large wp-image-19786\" src=\"http:\/\/www.imakeyousmile.se\/wp-content\/uploads\/2015\/04\/IMG_1800_111-1024x925.jpg\" alt=\"IMG_1800_111\" width=\"700\" height=\"632\" srcset=\"https:\/\/www.imakeyousmile.se\/wp-content\/uploads\/2015\/04\/IMG_1800_111-1024x925.jpg 1024w, https:\/\/www.imakeyousmile.se\/wp-content\/uploads\/2015\/04\/IMG_1800_111-300x271.jpg 300w, https:\/\/www.imakeyousmile.se\/wp-content\/uploads\/2015\/04\/IMG_1800_111-700x632.jpg 700w, https:\/\/www.imakeyousmile.se\/wp-content\/uploads\/2015\/04\/IMG_1800_111-395x357.jpg 395w, https:\/\/www.imakeyousmile.se\/wp-content\/uploads\/2015\/04\/IMG_1800_111-535x483.jpg 535w, https:\/\/www.imakeyousmile.se\/wp-content\/uploads\/2015\/04\/IMG_1800_111.jpg 2000w\" sizes=\"(max-width: 700px) 100vw, 700px\" \/><\/a><\/p>\n<p>Hope you all have a nice Wednesday! \u2665<\/p>","protected":false},"excerpt":{"rendered":"<p>Innan jag bytte nagellack till den kritvita f\u00e4rgen som jag visade er ig\u00e5r, s\u00e5 var jag bara tvungen att g\u00f6ra\u00a0en sminkning d\u00e4r jag hade det\u00a0aprikosorangea nagellacket och orange \u00f6gonskugga, s\u00e5\u00e5 snyggt! Orange var en j\u00e4ttetrendig f\u00e4rg f\u00f6rra v\u00e5ren, m\u00e5nga hade det p\u00e5 b\u00e5de naglar och l\u00e4ppar. Och i \u00e5r hoppas jag att trenden hamnar p\u00e5 [&hellip;]<\/p>\n","protected":false},"author":30,"featured_media":19783,"comment_status":"open","ping_status":"closed","sticky":false,"template":"","format":"standard","meta":{"footnotes":""},"categories":[2828],"tags":[3424,3499,3498,1670,2842,3420],"class_list":["post-19782","post","type-post","status-publish","format-standard","has-post-thumbnail","hentry","category-fargstarka-sminkningar","tag-neonogonskugga","tag-neonorange","tag-orange-is-the-new-black","tag-orange-ogonskugga","tag-paese-nails","tag-paese-neo"],"yoast_head":"<!-- This site is optimized with the Yoast SEO Premium plugin v14.9 - https:\/\/yoast.com\/wordpress\/plugins\/seo\/ -->\n<meta name=\"description\" content=\"Orange is the new black | Helena Amiley - H\u00e4r hittar du senaste infromation om sk\u00f6nhet, livsstil, entrepren\u00f6rskap, makeup &amp; tips.\" \/>\n<meta name=\"robots\" content=\"index, follow, max-snippet:-1, max-image-preview:large, max-video-preview:-1\" \/>\n<link rel=\"canonical\" href=\"https:\/\/www.imakeyousmile.se\/en\/orange-is-the-new-black\/\" \/>\n<meta property=\"og:locale\" content=\"en_US\" \/>\n<meta property=\"og:type\" content=\"article\" \/>\n<meta property=\"og:title\" content=\"Orange is the new black | Imakeyousmile.se\" \/>\n<meta property=\"og:description\" content=\"Orange is the new black | Helena Amiley - H\u00e4r hittar du senaste infromation om sk\u00f6nhet, livsstil, entrepren\u00f6rskap, makeup &amp; tips.\" \/>\n<meta property=\"og:url\" content=\"https:\/\/www.imakeyousmile.se\/en\/orange-is-the-new-black\/\" \/>\n<meta property=\"og:site_name\" content=\"Imakeyousmile.se\" \/>\n<meta property=\"article:author\" content=\"https:\/\/www.facebook.com\/imakeyousmile.se\" \/>\n<meta property=\"article:published_time\" content=\"2015-04-29T10:05:19+00:00\" \/>\n<meta property=\"article:modified_time\" content=\"2015-04-29T07:47:34+00:00\" \/>\n<meta property=\"og:image\" content=\"https:\/\/www.imakeyousmile.se\/wp-content\/uploads\/2015\/04\/IMG_1739_111.jpg\" \/>\n\t<meta property=\"og:image:width\" content=\"1884\" \/>\n\t<meta property=\"og:image:height\" content=\"1362\" \/>\n<meta name=\"twitter:card\" content=\"summary_large_image\" \/>\n<script type=\"application\/ld+json\" class=\"yoast-schema-graph\">{\"@context\":\"https:\/\/schema.org\",\"@graph\":[{\"@type\":\"Organization\",\"@id\":\"https:\/\/www.imakeyousmile.se\/en\/#organization\",\"name\":\"Imakeyousmile\",\"url\":\"https:\/\/www.imakeyousmile.se\/en\/\",\"sameAs\":[],\"logo\":{\"@type\":\"ImageObject\",\"@id\":\"https:\/\/www.imakeyousmile.se\/en\/#logo\",\"inLanguage\":\"en-US\",\"url\":\"https:\/\/www.imakeyousmile.se\/wp-content\/uploads\/2020\/10\/HELENA-AMILEY_SVART-1-e1603367975324.png\",\"width\":280,\"height\":93,\"caption\":\"Imakeyousmile\"},\"image\":{\"@id\":\"https:\/\/www.imakeyousmile.se\/en\/#logo\"}},{\"@type\":\"WebSite\",\"@id\":\"https:\/\/www.imakeyousmile.se\/en\/#website\",\"url\":\"https:\/\/www.imakeyousmile.se\/en\/\",\"name\":\"Imakeyousmile.se\",\"description\":\"Helena Amiley - Beauty, Entrepreneur, Lifestyle\",\"publisher\":{\"@id\":\"https:\/\/www.imakeyousmile.se\/en\/#organization\"},\"potentialAction\":[{\"@type\":\"SearchAction\",\"target\":\"https:\/\/www.imakeyousmile.se\/en\/?s={search_term_string}\",\"query-input\":\"required name=search_term_string\"}],\"inLanguage\":\"en-US\"},{\"@type\":\"ImageObject\",\"@id\":\"https:\/\/www.imakeyousmile.se\/orange-is-the-new-black\/#primaryimage\",\"inLanguage\":\"en-US\",\"url\":\"https:\/\/www.imakeyousmile.se\/wp-content\/uploads\/2015\/04\/IMG_1739_111.jpg\",\"width\":1884,\"height\":1362},{\"@type\":\"WebPage\",\"@id\":\"https:\/\/www.imakeyousmile.se\/orange-is-the-new-black\/#webpage\",\"url\":\"https:\/\/www.imakeyousmile.se\/orange-is-the-new-black\/\",\"name\":\"Orange is the new black | Imakeyousmile.se\",\"isPartOf\":{\"@id\":\"https:\/\/www.imakeyousmile.se\/en\/#website\"},\"primaryImageOfPage\":{\"@id\":\"https:\/\/www.imakeyousmile.se\/orange-is-the-new-black\/#primaryimage\"},\"datePublished\":\"2015-04-29T10:05:19+00:00\",\"dateModified\":\"2015-04-29T07:47:34+00:00\",\"description\":\"Orange is the new black | Helena Amiley - H\\u00e4r hittar du senaste infromation om sk\\u00f6nhet, livsstil, entrepren\\u00f6rskap, makeup & tips.\",\"inLanguage\":\"en-US\",\"potentialAction\":[{\"@type\":\"ReadAction\",\"target\":[\"https:\/\/www.imakeyousmile.se\/orange-is-the-new-black\/\"]}]},{\"@type\":\"Article\",\"@id\":\"https:\/\/www.imakeyousmile.se\/orange-is-the-new-black\/#article\",\"isPartOf\":{\"@id\":\"https:\/\/www.imakeyousmile.se\/orange-is-the-new-black\/#webpage\"},\"author\":{\"@id\":\"https:\/\/www.imakeyousmile.se\/en\/#\/schema\/person\/b0fd43b1c6bb1c60cfd68bff9b4a10fb\"},\"headline\":\"Orange is the new black\",\"datePublished\":\"2015-04-29T10:05:19+00:00\",\"dateModified\":\"2015-04-29T07:47:34+00:00\",\"mainEntityOfPage\":{\"@id\":\"https:\/\/www.imakeyousmile.se\/orange-is-the-new-black\/#webpage\"},\"commentCount\":1,\"publisher\":{\"@id\":\"https:\/\/www.imakeyousmile.se\/en\/#organization\"},\"image\":{\"@id\":\"https:\/\/www.imakeyousmile.se\/orange-is-the-new-black\/#primaryimage\"},\"keywords\":\"neon\\u00f6gonskugga,neonorange,orange is the new black,orange \\u00f6gonskugga,Paese nails,paese neo\",\"articleSection\":\"F\\u00e4rgstarka sminkningar\",\"inLanguage\":\"en-US\",\"potentialAction\":[{\"@type\":\"CommentAction\",\"name\":\"Comment\",\"target\":[\"https:\/\/www.imakeyousmile.se\/orange-is-the-new-black\/#respond\"]}]},{\"@type\":\"Person\",\"@id\":\"https:\/\/www.imakeyousmile.se\/en\/#\/schema\/person\/b0fd43b1c6bb1c60cfd68bff9b4a10fb\",\"name\":\"Helena Amiley\",\"image\":{\"@type\":\"ImageObject\",\"@id\":\"https:\/\/www.imakeyousmile.se\/en\/#personlogo\",\"inLanguage\":\"en-US\",\"url\":\"https:\/\/secure.gravatar.com\/avatar\/5645558e1e355457a23368d7e1b4c904?s=96&d=mm&r=g\",\"caption\":\"Helena Amiley\"},\"description\":\"Jag skriver mest om sk\\u00f6nhet men bjuder \\u00e4ven p\\u00e5 glimtar fr\\u00e5n entrepren\\u00f6rlivet och bygget av v\\u00e5r egen camper van. Vanlife here we come!\",\"sameAs\":[\"https:\/\/www.facebook.com\/imakeyousmile.se\",\"https:\/\/www.instagram.com\/helenaamiley\",\"https:\/\/www.youtube.com\/channel\/UCR5iB6rvpV6Yr8ZjpQfr5mg?view_as=subscriber\"]}]}<\/script>\n<!-- \/ Yoast SEO Premium plugin. -->","_links":{"self":[{"href":"https:\/\/www.imakeyousmile.se\/en\/wp-json\/wp\/v2\/posts\/19782"}],"collection":[{"href":"https:\/\/www.imakeyousmile.se\/en\/wp-json\/wp\/v2\/posts"}],"about":[{"href":"https:\/\/www.imakeyousmile.se\/en\/wp-json\/wp\/v2\/types\/post"}],"author":[{"embeddable":true,"href":"https:\/\/www.imakeyousmile.se\/en\/wp-json\/wp\/v2\/users\/30"}],"replies":[{"embeddable":true,"href":"https:\/\/www.imakeyousmile.se\/en\/wp-json\/wp\/v2\/comments?post=19782"}],"version-history":[{"count":1,"href":"https:\/\/www.imakeyousmile.se\/en\/wp-json\/wp\/v2\/posts\/19782\/revisions"}],"predecessor-version":[{"id":19787,"href":"https:\/\/www.imakeyousmile.se\/en\/wp-json\/wp\/v2\/posts\/19782\/revisions\/19787"}],"wp:featuredmedia":[{"embeddable":true,"href":"https:\/\/www.imakeyousmile.se\/en\/wp-json\/wp\/v2\/media\/19783"}],"wp:attachment":[{"href":"https:\/\/www.imakeyousmile.se\/en\/wp-json\/wp\/v2\/media?parent=19782"}],"wp:term":[{"taxonomy":"category","embeddable":true,"href":"https:\/\/www.imakeyousmile.se\/en\/wp-json\/wp\/v2\/categories?post=19782"},{"taxonomy":"post_tag","embeddable":true,"href":"https:\/\/www.imakeyousmile.se\/en\/wp-json\/wp\/v2\/tags?post=19782"}],"curies":[{"name":"wp","href":"https:\/\/api.w.org\/{rel}","templated":true}]}}