{"id":19928,"date":"2015-05-08T16:06:05","date_gmt":"2015-05-08T14:06:05","guid":{"rendered":"http:\/\/www.imakeyousmile.se\/?p=19928"},"modified":"2015-05-08T16:06:05","modified_gmt":"2015-05-08T14:06:05","slug":"rosacea-testa-zuii-organics-grona-ansiktsprimer","status":"publish","type":"post","link":"https:\/\/www.imakeyousmile.se\/en\/rosacea-testa-zuii-organics-green-face-primer\/","title":{"rendered":"Rosacea? Try Zuii Organic&#039;s green face primer!"},"content":{"rendered":"<p>I received an email the other day from wonderful Malin who has tested the face primer <a href=\"https:\/\/ion.jordklok.se\/t\/t?a=1236848151&#038;as=1548102449&#038;t=2&#038;tk=1&#038;epi=search-replace-zuiiprimer&#038;url=https:\/\/www.jordklok.se\/sv\/articles\/2.267.5455\/zuii-organic-flora-colour-corrective-primer-mint-30-ml?q=Zuii%20Organic%20Flora%20Colour%20Corrective%20Primer%20-%20Mint,%2030%20ml\/\" target=\"_blank\">Zuii Organic CC Base<\/a> in the shade Mint, and wrote a review on it! :)<\/p>\n<p>The mint primer is slightly green tinted and neutralizes red areas, and since it is so practical on a complexion with rosacea (which usually has a lot of red areas), I wanted to check out a rosacea complexion as well <em>can withstand<\/em> the. For such a skin is so heavenly sensitive and often reacts to different products. So I sent primer to Malin and her sister who both have rosacea to see how it worked.<\/p>\n<p><a href=\"http:\/\/www.imakeyousmile.se\/wp-content\/uploads\/2015\/05\/Namnl\u00f6st-111.jpg\"><img loading=\"lazy\" decoding=\"async\" class=\"alignnone size-large wp-image-19929\" src=\"http:\/\/www.imakeyousmile.se\/wp-content\/uploads\/2015\/05\/Namnl\u00f6st-111-1024x467.jpg\" alt=\"Anonymous-111\" width=\"700\" height=\"319\" srcset=\"https:\/\/www.imakeyousmile.se\/wp-content\/uploads\/2015\/05\/Namnl\u00f6st-111-1024x467.jpg 1024w, https:\/\/www.imakeyousmile.se\/wp-content\/uploads\/2015\/05\/Namnl\u00f6st-111-300x137.jpg 300w, https:\/\/www.imakeyousmile.se\/wp-content\/uploads\/2015\/05\/Namnl\u00f6st-111-700x319.jpg 700w, https:\/\/www.imakeyousmile.se\/wp-content\/uploads\/2015\/05\/Namnl\u00f6st-111-783x357.jpg 783w, https:\/\/www.imakeyousmile.se\/wp-content\/uploads\/2015\/05\/Namnl\u00f6st-111-1060x483.jpg 1060w, https:\/\/www.imakeyousmile.se\/wp-content\/uploads\/2015\/05\/Namnl\u00f6st-111.jpg 1933w\" sizes=\"(max-width: 700px) 100vw, 700px\" \/><\/a><\/p>\n<p>Here you see my before and after pictures! Read my previous post <a href=\"http:\/\/www.imakeyousmile.se\/en\/rod-i-ansiktet-anvand-gron-ansiktsprimer\/\" target=\"_blank\"><strong>here<\/strong><\/a>.<\/p>\n<p>Malin has quite a lot of rosacea and is very sensitive. Her sister Frida has a slightly milder rosacea, but is instead incredibly dry. Here are their reviews:<\/p>\n<p><strong><span style=\"text-decoration: underline;\">Malin<\/span>:<\/strong><br \/>\n<strong>Rosacean -<\/strong> I tolerated it around my nose and chin. It was both good and bad. Good because it&#039;s in the places I need it the most both to hide blushes and make the makeup stay on. Bad because I would have liked to have it all over my face.<\/p>\n<p><strong>Result -<\/strong> Immediately upon application, it did not seem to hide anything at all. But since, as usual, I put the new one on half my face and my usual make-up on the other, I could notice the difference. Less foundation and concealer were needed. It was not completely wrong :)<\/p>\n<p><strong>Sustainability -<\/strong> It kept the makeup well in place during the day, but neither better nor worse than my powder primer I have under my powder mineral makeup. But since I do not have any primer to have under my liquid foundation, this fulfills its function more than well.<\/p>\n<p><strong>Conclusion -<\/strong> So overall I am happy and recommend them with rosacea to try!<\/p>\n<p><strong><span style=\"text-decoration: underline;\">Frida<\/span>:<\/strong><br \/>\n<strong>Rosacean -<\/strong> She has milder rosacea and tolerated it all over her face.<\/p>\n<p><strong>Result -<\/strong> She thought it was great! She took it all over her face and then applied it with foundation. After that, only a little concealer was needed around the nostrils. But as everyday makeup, it worked perfectly and it was fast and smooth.<\/p>\n<p><strong>Sustainability -<\/strong> Kept the make-up in place and did not make the skin dry, which she otherwise easily happens to.<\/p>\n<p><strong>Conclusion -<\/strong> So she really recommends this one :)<\/p>\n<p><strong>Summary:<\/strong><br \/>\nThe primer is very suitable for people with very dry skin, it neutralizes the red in a natural way so you need less of the opaque makeup over. However, there is a risk that it does not suit you with a lot of rosacea, but as with all products, it is very individual what fits and not on your rosacea skin, so Malin still recommends trying!<\/p>\n<p><a href=\"http:\/\/www.imakeyousmile.se\/wp-content\/uploads\/2015\/04\/primer-som-neutraliserar-r\u00f6tt.jpg\"><img loading=\"lazy\" decoding=\"async\" class=\"alignnone size-large wp-image-19649\" src=\"http:\/\/www.imakeyousmile.se\/wp-content\/uploads\/2015\/04\/primer-som-neutraliserar-r\u00f6tt-1024x999.jpg\" alt=\"primer-which-neutralizes-red\" width=\"700\" height=\"683\" srcset=\"https:\/\/www.imakeyousmile.se\/wp-content\/uploads\/2015\/04\/primer-som-neutraliserar-r\u00f6tt-1024x999.jpg 1024w, https:\/\/www.imakeyousmile.se\/wp-content\/uploads\/2015\/04\/primer-som-neutraliserar-r\u00f6tt-300x293.jpg 300w, https:\/\/www.imakeyousmile.se\/wp-content\/uploads\/2015\/04\/primer-som-neutraliserar-r\u00f6tt-700x683.jpg 700w, https:\/\/www.imakeyousmile.se\/wp-content\/uploads\/2015\/04\/primer-som-neutraliserar-r\u00f6tt-366x357.jpg 366w, https:\/\/www.imakeyousmile.se\/wp-content\/uploads\/2015\/04\/primer-som-neutraliserar-r\u00f6tt-495x483.jpg 495w\" sizes=\"(max-width: 700px) 100vw, 700px\" \/><\/a><\/p>\n<p>Wonderful! :)<\/p>\n<p>The primer is a flexible and hygienic pump bottle that contains 30 ml, and costs SEK 299 <a href=\"https:\/\/ion.jordklok.se\/t\/t?a=1236848151&#038;as=1548102449&#038;t=2&#038;tk=1&#038;epi=search-replace-zuiiprimer&#038;url=https:\/\/www.jordklok.se\/sv\/articles\/2.267.5455\/zuii-organic-flora-colour-corrective-primer-mint-30-ml?q=Zuii%20Organic%20Flora%20Colour%20Corrective%20Primer%20-%20Mint,%2030%20ml\/\" target=\"_blank\">Byher.se<\/a>.<\/p>\n<p>Shout out if you have any questions \u2665<\/p>","protected":false},"excerpt":{"rendered":"<p>Jag fick mail h\u00e4r om dagen fr\u00e5n underbara Malin som har testat ansiktsprimern Zuii Organic CC Base i nyansen Mint, och skrev en recension p\u00e5 den! :) Mint-primern \u00e4r l\u00e4tt gr\u00f6ntonad och neutraliserar bort r\u00f6da omr\u00e5den, och eftersom det \u00e4r s\u00e5 praktiskt p\u00e5 en hy med rosacea (som vanligtvis har mycket r\u00f6da omr\u00e5den) s\u00e5 ville [&hellip;]<\/p>\n","protected":false},"author":30,"featured_media":19929,"comment_status":"open","ping_status":"closed","sticky":false,"template":"","format":"standard","meta":{"footnotes":""},"categories":[24,59],"tags":[3540,3436,3539,3204],"class_list":["post-19928","post","type-post","status-publish","format-standard","has-post-thumbnail","hentry","category-grundsmink","category-recensioner-produkttips","tag-gron-ansiktsprimer","tag-rod-i-ansiktet","tag-rosacea-testa-zuii-organics-grona-ansiktsprimer","tag-sminktips-rosacea"],"yoast_head":"<!-- This site is optimized with the Yoast SEO Premium plugin v14.9 - https:\/\/yoast.com\/wordpress\/plugins\/seo\/ -->\n<meta name=\"description\" content=\"Rosacea? Testa Zuii Organics gr\u00f6na ansiktsprimer! | Helena Amiley - H\u00e4r hittar du senaste infromation om sk\u00f6nhet, livsstil, entrepren\u00f6rskap, makeup &amp; tips.\" \/>\n<meta name=\"robots\" content=\"index, follow, max-snippet:-1, max-image-preview:large, max-video-preview:-1\" \/>\n<link rel=\"canonical\" href=\"https:\/\/www.imakeyousmile.se\/en\/rosacea-testa-zuii-organics-grona-ansiktsprimer\/\" \/>\n<meta property=\"og:locale\" content=\"en_US\" \/>\n<meta property=\"og:type\" content=\"article\" \/>\n<meta property=\"og:title\" content=\"Rosacea? Testa Zuii Organics gr\u00f6na ansiktsprimer! | Imakeyousmile.se\" \/>\n<meta property=\"og:description\" content=\"Rosacea? Testa Zuii Organics gr\u00f6na ansiktsprimer! | Helena Amiley - H\u00e4r hittar du senaste infromation om sk\u00f6nhet, livsstil, entrepren\u00f6rskap, makeup &amp; tips.\" \/>\n<meta property=\"og:url\" content=\"https:\/\/www.imakeyousmile.se\/en\/rosacea-testa-zuii-organics-grona-ansiktsprimer\/\" \/>\n<meta property=\"og:site_name\" content=\"Imakeyousmile.se\" \/>\n<meta property=\"article:author\" content=\"https:\/\/www.facebook.com\/imakeyousmile.se\" \/>\n<meta property=\"article:published_time\" content=\"2015-05-08T14:06:05+00:00\" \/>\n<meta property=\"og:image\" content=\"https:\/\/www.imakeyousmile.se\/wp-content\/uploads\/2015\/05\/Namnl\u00f6st-111.jpg\" \/>\n\t<meta property=\"og:image:width\" content=\"1933\" \/>\n\t<meta property=\"og:image:height\" content=\"881\" \/>\n<meta name=\"twitter:card\" content=\"summary_large_image\" \/>\n<script type=\"application\/ld+json\" class=\"yoast-schema-graph\">{\"@context\":\"https:\/\/schema.org\",\"@graph\":[{\"@type\":\"Organization\",\"@id\":\"https:\/\/www.imakeyousmile.se\/en\/#organization\",\"name\":\"Imakeyousmile\",\"url\":\"https:\/\/www.imakeyousmile.se\/en\/\",\"sameAs\":[],\"logo\":{\"@type\":\"ImageObject\",\"@id\":\"https:\/\/www.imakeyousmile.se\/en\/#logo\",\"inLanguage\":\"en-US\",\"url\":\"https:\/\/www.imakeyousmile.se\/wp-content\/uploads\/2020\/10\/HELENA-AMILEY_SVART-1-e1603367975324.png\",\"width\":280,\"height\":93,\"caption\":\"Imakeyousmile\"},\"image\":{\"@id\":\"https:\/\/www.imakeyousmile.se\/en\/#logo\"}},{\"@type\":\"WebSite\",\"@id\":\"https:\/\/www.imakeyousmile.se\/en\/#website\",\"url\":\"https:\/\/www.imakeyousmile.se\/en\/\",\"name\":\"Imakeyousmile.se\",\"description\":\"Helena Amiley - Beauty, Entrepreneur, Lifestyle\",\"publisher\":{\"@id\":\"https:\/\/www.imakeyousmile.se\/en\/#organization\"},\"potentialAction\":[{\"@type\":\"SearchAction\",\"target\":\"https:\/\/www.imakeyousmile.se\/en\/?s={search_term_string}\",\"query-input\":\"required name=search_term_string\"}],\"inLanguage\":\"en-US\"},{\"@type\":\"ImageObject\",\"@id\":\"https:\/\/www.imakeyousmile.se\/rosacea-testa-zuii-organics-grona-ansiktsprimer\/#primaryimage\",\"inLanguage\":\"en-US\",\"url\":\"https:\/\/www.imakeyousmile.se\/wp-content\/uploads\/2015\/05\/Namnl\\u00f6st-111.jpg\",\"width\":1933,\"height\":881},{\"@type\":\"WebPage\",\"@id\":\"https:\/\/www.imakeyousmile.se\/rosacea-testa-zuii-organics-grona-ansiktsprimer\/#webpage\",\"url\":\"https:\/\/www.imakeyousmile.se\/rosacea-testa-zuii-organics-grona-ansiktsprimer\/\",\"name\":\"Rosacea? Testa Zuii Organics gr\\u00f6na ansiktsprimer! | Imakeyousmile.se\",\"isPartOf\":{\"@id\":\"https:\/\/www.imakeyousmile.se\/en\/#website\"},\"primaryImageOfPage\":{\"@id\":\"https:\/\/www.imakeyousmile.se\/rosacea-testa-zuii-organics-grona-ansiktsprimer\/#primaryimage\"},\"datePublished\":\"2015-05-08T14:06:05+00:00\",\"dateModified\":\"2015-05-08T14:06:05+00:00\",\"description\":\"Rosacea? Testa Zuii Organics gr\\u00f6na ansiktsprimer! | Helena Amiley - H\\u00e4r hittar du senaste infromation om sk\\u00f6nhet, livsstil, entrepren\\u00f6rskap, makeup & tips.\",\"inLanguage\":\"en-US\",\"potentialAction\":[{\"@type\":\"ReadAction\",\"target\":[\"https:\/\/www.imakeyousmile.se\/rosacea-testa-zuii-organics-grona-ansiktsprimer\/\"]}]},{\"@type\":\"Article\",\"@id\":\"https:\/\/www.imakeyousmile.se\/rosacea-testa-zuii-organics-grona-ansiktsprimer\/#article\",\"isPartOf\":{\"@id\":\"https:\/\/www.imakeyousmile.se\/rosacea-testa-zuii-organics-grona-ansiktsprimer\/#webpage\"},\"author\":{\"@id\":\"https:\/\/www.imakeyousmile.se\/en\/#\/schema\/person\/b0fd43b1c6bb1c60cfd68bff9b4a10fb\"},\"headline\":\"Rosacea? Testa Zuii Organics gr\\u00f6na ansiktsprimer!\",\"datePublished\":\"2015-05-08T14:06:05+00:00\",\"dateModified\":\"2015-05-08T14:06:05+00:00\",\"mainEntityOfPage\":{\"@id\":\"https:\/\/www.imakeyousmile.se\/rosacea-testa-zuii-organics-grona-ansiktsprimer\/#webpage\"},\"commentCount\":0,\"publisher\":{\"@id\":\"https:\/\/www.imakeyousmile.se\/en\/#organization\"},\"image\":{\"@id\":\"https:\/\/www.imakeyousmile.se\/rosacea-testa-zuii-organics-grona-ansiktsprimer\/#primaryimage\"},\"keywords\":\"gr\\u00f6n ansiktsprimer,r\\u00f6d i ansiktet,Rosacea? Testa Zuii Organics gr\\u00f6na ansiktsprimer!,sminktips Rosacea\",\"articleSection\":\"Bassmink,Recensioner &amp; Produkttips\",\"inLanguage\":\"en-US\",\"potentialAction\":[{\"@type\":\"CommentAction\",\"name\":\"Comment\",\"target\":[\"https:\/\/www.imakeyousmile.se\/rosacea-testa-zuii-organics-grona-ansiktsprimer\/#respond\"]}]},{\"@type\":\"Person\",\"@id\":\"https:\/\/www.imakeyousmile.se\/en\/#\/schema\/person\/b0fd43b1c6bb1c60cfd68bff9b4a10fb\",\"name\":\"Helena Amiley\",\"image\":{\"@type\":\"ImageObject\",\"@id\":\"https:\/\/www.imakeyousmile.se\/en\/#personlogo\",\"inLanguage\":\"en-US\",\"url\":\"https:\/\/secure.gravatar.com\/avatar\/5645558e1e355457a23368d7e1b4c904?s=96&d=mm&r=g\",\"caption\":\"Helena Amiley\"},\"description\":\"Jag skriver mest om sk\\u00f6nhet men bjuder \\u00e4ven p\\u00e5 glimtar fr\\u00e5n entrepren\\u00f6rlivet och bygget av v\\u00e5r egen camper van. Vanlife here we come!\",\"sameAs\":[\"https:\/\/www.facebook.com\/imakeyousmile.se\",\"https:\/\/www.instagram.com\/helenaamiley\",\"https:\/\/www.youtube.com\/channel\/UCR5iB6rvpV6Yr8ZjpQfr5mg?view_as=subscriber\"]}]}<\/script>\n<!-- \/ Yoast SEO Premium plugin. -->","_links":{"self":[{"href":"https:\/\/www.imakeyousmile.se\/en\/wp-json\/wp\/v2\/posts\/19928"}],"collection":[{"href":"https:\/\/www.imakeyousmile.se\/en\/wp-json\/wp\/v2\/posts"}],"about":[{"href":"https:\/\/www.imakeyousmile.se\/en\/wp-json\/wp\/v2\/types\/post"}],"author":[{"embeddable":true,"href":"https:\/\/www.imakeyousmile.se\/en\/wp-json\/wp\/v2\/users\/30"}],"replies":[{"embeddable":true,"href":"https:\/\/www.imakeyousmile.se\/en\/wp-json\/wp\/v2\/comments?post=19928"}],"version-history":[{"count":2,"href":"https:\/\/www.imakeyousmile.se\/en\/wp-json\/wp\/v2\/posts\/19928\/revisions"}],"predecessor-version":[{"id":19931,"href":"https:\/\/www.imakeyousmile.se\/en\/wp-json\/wp\/v2\/posts\/19928\/revisions\/19931"}],"wp:featuredmedia":[{"embeddable":true,"href":"https:\/\/www.imakeyousmile.se\/en\/wp-json\/wp\/v2\/media\/19929"}],"wp:attachment":[{"href":"https:\/\/www.imakeyousmile.se\/en\/wp-json\/wp\/v2\/media?parent=19928"}],"wp:term":[{"taxonomy":"category","embeddable":true,"href":"https:\/\/www.imakeyousmile.se\/en\/wp-json\/wp\/v2\/categories?post=19928"},{"taxonomy":"post_tag","embeddable":true,"href":"https:\/\/www.imakeyousmile.se\/en\/wp-json\/wp\/v2\/tags?post=19928"}],"curies":[{"name":"wp","href":"https:\/\/api.w.org\/{rel}","templated":true}]}}