{"id":20488,"date":"2015-06-10T07:58:21","date_gmt":"2015-06-10T05:58:21","guid":{"rendered":"http:\/\/www.imakeyousmile.se\/?p=20488"},"modified":"2015-06-10T07:59:11","modified_gmt":"2015-06-10T05:59:11","slug":"ljusa-gel-effect-naglar","status":"publish","type":"post","link":"https:\/\/www.imakeyousmile.se\/en\/bright-gel-effect-nails\/","title":{"rendered":"Bright gel-effect nails"},"content":{"rendered":"<p>Bright nails are so heavenly nice in the summer I think, fresh!<\/p>\n<p>I have received home samples of lots of Yves Rocher&#039;s new nail polish, and one of the first ones I was craving was the light shade <a href=\"https:\/\/dot.yves-rocher.se\/t\/t?a=138068268&#038;as=1548102449&#038;t=2&#038;tk=1&#038;epi=search-replace-yves-penna&#038;url=https:\/\/www.yves-rocher.se\/smink\/ogon\/ogonpenna-och-eyeliner\/c\/23200\/product\/~category_id=24000\/~pcategory=20000\/~product_id=11798?cmSrc=Category)\" target=\"_blank\">Rose Perle<\/a>* in the gel effect series. And by gel effect is meant in short fine shine, even results and very good durability. And this is how beautiful my nails are now:<\/p>\n<p><a href=\"http:\/\/www.imakeyousmile.se\/wp-content\/uploads\/2015\/06\/IMG_5260_111.jpg\"><img loading=\"lazy\" decoding=\"async\" class=\"alignnone size-large wp-image-20490\" src=\"http:\/\/www.imakeyousmile.se\/wp-content\/uploads\/2015\/06\/IMG_5260_111-1024x731.jpg\" alt=\"IMG_5260_111\" width=\"700\" height=\"500\" srcset=\"https:\/\/www.imakeyousmile.se\/wp-content\/uploads\/2015\/06\/IMG_5260_111-1024x731.jpg 1024w, https:\/\/www.imakeyousmile.se\/wp-content\/uploads\/2015\/06\/IMG_5260_111-300x214.jpg 300w, https:\/\/www.imakeyousmile.se\/wp-content\/uploads\/2015\/06\/IMG_5260_111-700x500.jpg 700w, https:\/\/www.imakeyousmile.se\/wp-content\/uploads\/2015\/06\/IMG_5260_111-500x357.jpg 500w, https:\/\/www.imakeyousmile.se\/wp-content\/uploads\/2015\/06\/IMG_5260_111-677x483.jpg 677w\" sizes=\"(max-width: 700px) 100vw, 700px\" \/><\/a><\/p>\n<p>Surely the shade is super nice? I have painted two coats, and had base coat and top coat. So four layers in total, and yet I think it dried quickly. Fast to be 4 layers in any case, my patience usually can not do it otherwise haha.<\/p>\n<p>Baslack - <a href=\"https:\/\/dot.yves-rocher.se\/t\/t?a=138068268&#038;as=1548102449&#038;t=2&#038;tk=1&#038;epi=search-replace-yves-penna&#038;url=https:\/\/www.yves-rocher.se\/smink\/ogon\/ogonpenna-och-eyeliner\/c\/23200\/product\/~category_id=24000\/~pcategory=20000\/~product_id=22981?cmSrc=Category)\" target=\"_blank\">Yves Rocher Flawless Base Coat<\/a>*<br \/>\nTopcoat with gel effect - <a href=\"https:\/\/dot.yves-rocher.se\/t\/t?a=138068268&#038;as=1548102449&#038;t=2&#038;tk=1&#038;epi=search-replace-yves-penna&#038;url=https:\/\/www.yves-rocher.se\/smink\/ogon\/ogonpenna-och-eyeliner\/c\/23200\/product\/~product_id=26206\/~category_id=24000?refid=avail)\" target=\"_blank\">Yves Rocher Gel Effect Top Coat<\/a>*<\/p>\n<p>The gel effect varnish costs SEK 69, and the base varnish costs SEK 49.<\/p>\n<p>I have now had the nail polish for 4 days and it is still just as nice! So even though I have not yet seen exactly how many days it lasts, I can say that it is going well anyway and it does not feel like it is about to get ugly either.<\/p>\n<p>Tiny that has been abraded at the edge of my right thumb nail only, but it is used all the time and also my own nail is a bit damaged there as well, so that is probably a contributing factor.<\/p>\n<p><a href=\"http:\/\/www.imakeyousmile.se\/wp-content\/uploads\/2015\/06\/ljust-nagellack.jpg\"><img loading=\"lazy\" decoding=\"async\" class=\"alignnone size-large wp-image-20491\" src=\"http:\/\/www.imakeyousmile.se\/wp-content\/uploads\/2015\/06\/ljust-nagellack-1024x435.jpg\" alt=\"bright nail polish\" width=\"700\" height=\"297\" srcset=\"https:\/\/www.imakeyousmile.se\/wp-content\/uploads\/2015\/06\/ljust-nagellack-1024x435.jpg 1024w, https:\/\/www.imakeyousmile.se\/wp-content\/uploads\/2015\/06\/ljust-nagellack-300x128.jpg 300w, https:\/\/www.imakeyousmile.se\/wp-content\/uploads\/2015\/06\/ljust-nagellack-700x298.jpg 700w, https:\/\/www.imakeyousmile.se\/wp-content\/uploads\/2015\/06\/ljust-nagellack-840x357.jpg 840w, https:\/\/www.imakeyousmile.se\/wp-content\/uploads\/2015\/06\/ljust-nagellack-1136x483.jpg 1136w\" sizes=\"(max-width: 700px) 100vw, 700px\" \/><\/a><\/p>\n<p>I have painted two layers, but it&#039;s nice with just one too if you just want an enlightening effect!<\/p>\n<p><a href=\"http:\/\/www.imakeyousmile.se\/wp-content\/uploads\/2015\/06\/IMG_5244_111.jpg\"><img loading=\"lazy\" decoding=\"async\" class=\"alignnone size-large wp-image-20489\" src=\"http:\/\/www.imakeyousmile.se\/wp-content\/uploads\/2015\/06\/IMG_5244_111-1024x955.jpg\" alt=\"IMG_5244_111\" width=\"700\" height=\"653\" srcset=\"https:\/\/www.imakeyousmile.se\/wp-content\/uploads\/2015\/06\/IMG_5244_111-1024x955.jpg 1024w, https:\/\/www.imakeyousmile.se\/wp-content\/uploads\/2015\/06\/IMG_5244_111-300x280.jpg 300w, https:\/\/www.imakeyousmile.se\/wp-content\/uploads\/2015\/06\/IMG_5244_111-700x653.jpg 700w, https:\/\/www.imakeyousmile.se\/wp-content\/uploads\/2015\/06\/IMG_5244_111-383x357.jpg 383w, https:\/\/www.imakeyousmile.se\/wp-content\/uploads\/2015\/06\/IMG_5244_111-518x483.jpg 518w\" sizes=\"(max-width: 700px) 100vw, 700px\" \/><\/a> <a href=\"http:\/\/www.imakeyousmile.se\/wp-content\/uploads\/2015\/06\/IMG_5260_111.jpg\"><br \/>\n<\/a>Two thumbs up! :)<\/p>","protected":false},"excerpt":{"rendered":"<p>Ljusa naglar \u00e4r s\u00e5 himla fint p\u00e5 sommaren tycker jag, fr\u00e4scht! Jag har f\u00e5tt hem pressprov p\u00e5 massor av Yves Rochers nya nagellack, och en av de f\u00f6rsta jag blev sugen p\u00e5 var den ljusa nyansen Rose Perle* i gel effect-serien.\u00a0Och med gel effekt menas kortfattat fin glans, j\u00e4mnt resultat och v\u00e4ldigt bra h\u00e5llbarhet. Och [&hellip;]<\/p>\n","protected":false},"author":30,"featured_media":20491,"comment_status":"open","ping_status":"closed","sticky":false,"template":"","format":"standard","meta":{"footnotes":""},"categories":[863,59],"tags":[3706,3022,3283,979,3675],"class_list":["post-20488","post","type-post","status-publish","format-standard","has-post-thumbnail","hentry","category-naglar","category-recensioner-produkttips","tag-ljusa-gel-effect-naglar","tag-ljusa-naglar","tag-ljust-nagellack","tag-yves-rocher","tag-yves-rocher-gel-effect"],"yoast_head":"<!-- This site is optimized with the Yoast SEO Premium plugin v14.9 - https:\/\/yoast.com\/wordpress\/plugins\/seo\/ -->\n<meta name=\"description\" content=\"Ljusa gel-effect naglar | Helena Amiley - H\u00e4r hittar du senaste infromation om sk\u00f6nhet, livsstil, entrepren\u00f6rskap, makeup &amp; tips.\" \/>\n<meta name=\"robots\" content=\"index, follow, max-snippet:-1, max-image-preview:large, max-video-preview:-1\" \/>\n<link rel=\"canonical\" href=\"https:\/\/www.imakeyousmile.se\/en\/ljusa-gel-effect-naglar\/\" \/>\n<meta property=\"og:locale\" content=\"en_US\" \/>\n<meta property=\"og:type\" content=\"article\" \/>\n<meta property=\"og:title\" content=\"Ljusa gel-effect naglar | Imakeyousmile.se\" \/>\n<meta property=\"og:description\" content=\"Ljusa gel-effect naglar | Helena Amiley - H\u00e4r hittar du senaste infromation om sk\u00f6nhet, livsstil, entrepren\u00f6rskap, makeup &amp; tips.\" \/>\n<meta property=\"og:url\" content=\"https:\/\/www.imakeyousmile.se\/en\/ljusa-gel-effect-naglar\/\" \/>\n<meta property=\"og:site_name\" content=\"Imakeyousmile.se\" \/>\n<meta property=\"article:author\" content=\"https:\/\/www.facebook.com\/imakeyousmile.se\" \/>\n<meta property=\"article:published_time\" content=\"2015-06-10T05:58:21+00:00\" \/>\n<meta property=\"article:modified_time\" content=\"2015-06-10T05:59:11+00:00\" \/>\n<meta property=\"og:image\" content=\"https:\/\/www.imakeyousmile.se\/wp-content\/uploads\/2015\/06\/ljust-nagellack.jpg\" \/>\n\t<meta property=\"og:image:width\" content=\"2560\" \/>\n\t<meta property=\"og:image:height\" content=\"1089\" \/>\n<meta name=\"twitter:card\" content=\"summary_large_image\" \/>\n<script type=\"application\/ld+json\" class=\"yoast-schema-graph\">{\"@context\":\"https:\/\/schema.org\",\"@graph\":[{\"@type\":\"Organization\",\"@id\":\"https:\/\/www.imakeyousmile.se\/en\/#organization\",\"name\":\"Imakeyousmile\",\"url\":\"https:\/\/www.imakeyousmile.se\/en\/\",\"sameAs\":[],\"logo\":{\"@type\":\"ImageObject\",\"@id\":\"https:\/\/www.imakeyousmile.se\/en\/#logo\",\"inLanguage\":\"en-US\",\"url\":\"https:\/\/www.imakeyousmile.se\/wp-content\/uploads\/2020\/10\/HELENA-AMILEY_SVART-1-e1603367975324.png\",\"width\":280,\"height\":93,\"caption\":\"Imakeyousmile\"},\"image\":{\"@id\":\"https:\/\/www.imakeyousmile.se\/en\/#logo\"}},{\"@type\":\"WebSite\",\"@id\":\"https:\/\/www.imakeyousmile.se\/en\/#website\",\"url\":\"https:\/\/www.imakeyousmile.se\/en\/\",\"name\":\"Imakeyousmile.se\",\"description\":\"Helena Amiley - Beauty, Entrepreneur, Lifestyle\",\"publisher\":{\"@id\":\"https:\/\/www.imakeyousmile.se\/en\/#organization\"},\"potentialAction\":[{\"@type\":\"SearchAction\",\"target\":\"https:\/\/www.imakeyousmile.se\/en\/?s={search_term_string}\",\"query-input\":\"required name=search_term_string\"}],\"inLanguage\":\"en-US\"},{\"@type\":\"ImageObject\",\"@id\":\"https:\/\/www.imakeyousmile.se\/ljusa-gel-effect-naglar\/#primaryimage\",\"inLanguage\":\"en-US\",\"url\":\"https:\/\/www.imakeyousmile.se\/wp-content\/uploads\/2015\/06\/ljust-nagellack.jpg\",\"width\":2560,\"height\":1089},{\"@type\":\"WebPage\",\"@id\":\"https:\/\/www.imakeyousmile.se\/ljusa-gel-effect-naglar\/#webpage\",\"url\":\"https:\/\/www.imakeyousmile.se\/ljusa-gel-effect-naglar\/\",\"name\":\"Ljusa gel-effect naglar | Imakeyousmile.se\",\"isPartOf\":{\"@id\":\"https:\/\/www.imakeyousmile.se\/en\/#website\"},\"primaryImageOfPage\":{\"@id\":\"https:\/\/www.imakeyousmile.se\/ljusa-gel-effect-naglar\/#primaryimage\"},\"datePublished\":\"2015-06-10T05:58:21+00:00\",\"dateModified\":\"2015-06-10T05:59:11+00:00\",\"description\":\"Ljusa gel-effect naglar | Helena Amiley - H\\u00e4r hittar du senaste infromation om sk\\u00f6nhet, livsstil, entrepren\\u00f6rskap, makeup & tips.\",\"inLanguage\":\"en-US\",\"potentialAction\":[{\"@type\":\"ReadAction\",\"target\":[\"https:\/\/www.imakeyousmile.se\/ljusa-gel-effect-naglar\/\"]}]},{\"@type\":\"Article\",\"@id\":\"https:\/\/www.imakeyousmile.se\/ljusa-gel-effect-naglar\/#article\",\"isPartOf\":{\"@id\":\"https:\/\/www.imakeyousmile.se\/ljusa-gel-effect-naglar\/#webpage\"},\"author\":{\"@id\":\"https:\/\/www.imakeyousmile.se\/en\/#\/schema\/person\/b0fd43b1c6bb1c60cfd68bff9b4a10fb\"},\"headline\":\"Ljusa gel-effect naglar\",\"datePublished\":\"2015-06-10T05:58:21+00:00\",\"dateModified\":\"2015-06-10T05:59:11+00:00\",\"mainEntityOfPage\":{\"@id\":\"https:\/\/www.imakeyousmile.se\/ljusa-gel-effect-naglar\/#webpage\"},\"commentCount\":0,\"publisher\":{\"@id\":\"https:\/\/www.imakeyousmile.se\/en\/#organization\"},\"image\":{\"@id\":\"https:\/\/www.imakeyousmile.se\/ljusa-gel-effect-naglar\/#primaryimage\"},\"keywords\":\"Ljusa gel-effect naglar,ljusa naglar,ljust nagellack,yves rocher,yves rocher gel effect\",\"articleSection\":\"Naglar,Recensioner &amp; Produkttips\",\"inLanguage\":\"en-US\",\"potentialAction\":[{\"@type\":\"CommentAction\",\"name\":\"Comment\",\"target\":[\"https:\/\/www.imakeyousmile.se\/ljusa-gel-effect-naglar\/#respond\"]}]},{\"@type\":\"Person\",\"@id\":\"https:\/\/www.imakeyousmile.se\/en\/#\/schema\/person\/b0fd43b1c6bb1c60cfd68bff9b4a10fb\",\"name\":\"Helena Amiley\",\"image\":{\"@type\":\"ImageObject\",\"@id\":\"https:\/\/www.imakeyousmile.se\/en\/#personlogo\",\"inLanguage\":\"en-US\",\"url\":\"https:\/\/secure.gravatar.com\/avatar\/5645558e1e355457a23368d7e1b4c904?s=96&d=mm&r=g\",\"caption\":\"Helena Amiley\"},\"description\":\"Jag skriver mest om sk\\u00f6nhet men bjuder \\u00e4ven p\\u00e5 glimtar fr\\u00e5n entrepren\\u00f6rlivet och bygget av v\\u00e5r egen camper van. Vanlife here we come!\",\"sameAs\":[\"https:\/\/www.facebook.com\/imakeyousmile.se\",\"https:\/\/www.instagram.com\/helenaamiley\",\"https:\/\/www.youtube.com\/channel\/UCR5iB6rvpV6Yr8ZjpQfr5mg?view_as=subscriber\"]}]}<\/script>\n<!-- \/ Yoast SEO Premium plugin. -->","_links":{"self":[{"href":"https:\/\/www.imakeyousmile.se\/en\/wp-json\/wp\/v2\/posts\/20488"}],"collection":[{"href":"https:\/\/www.imakeyousmile.se\/en\/wp-json\/wp\/v2\/posts"}],"about":[{"href":"https:\/\/www.imakeyousmile.se\/en\/wp-json\/wp\/v2\/types\/post"}],"author":[{"embeddable":true,"href":"https:\/\/www.imakeyousmile.se\/en\/wp-json\/wp\/v2\/users\/30"}],"replies":[{"embeddable":true,"href":"https:\/\/www.imakeyousmile.se\/en\/wp-json\/wp\/v2\/comments?post=20488"}],"version-history":[{"count":2,"href":"https:\/\/www.imakeyousmile.se\/en\/wp-json\/wp\/v2\/posts\/20488\/revisions"}],"predecessor-version":[{"id":20493,"href":"https:\/\/www.imakeyousmile.se\/en\/wp-json\/wp\/v2\/posts\/20488\/revisions\/20493"}],"wp:featuredmedia":[{"embeddable":true,"href":"https:\/\/www.imakeyousmile.se\/en\/wp-json\/wp\/v2\/media\/20491"}],"wp:attachment":[{"href":"https:\/\/www.imakeyousmile.se\/en\/wp-json\/wp\/v2\/media?parent=20488"}],"wp:term":[{"taxonomy":"category","embeddable":true,"href":"https:\/\/www.imakeyousmile.se\/en\/wp-json\/wp\/v2\/categories?post=20488"},{"taxonomy":"post_tag","embeddable":true,"href":"https:\/\/www.imakeyousmile.se\/en\/wp-json\/wp\/v2\/tags?post=20488"}],"curies":[{"name":"wp","href":"https:\/\/api.w.org\/{rel}","templated":true}]}}