{"id":2053,"date":"2012-12-10T07:00:34","date_gmt":"2012-12-10T06:00:34","guid":{"rendered":"http:\/\/www.imakeyousmile.se\/?p=2053"},"modified":"2021-10-12T09:45:45","modified_gmt":"2021-10-12T07:45:45","slug":"gron-julsminkning","status":"publish","type":"post","link":"https:\/\/www.imakeyousmile.se\/en\/green-christmas-make-up\/","title":{"rendered":"Green Christmas make-up - Dark sweeping with glitter (Step by step)"},"content":{"rendered":"<p><strong>Emma sa\u2026\u00a0<\/strong><em><strong>I&#039;m going to perform at the end of school and thought I would wear a nice black dress and wonder if you can put on a make-up that is well suited to wear on stage? Since it is very light, maybe you need a little extra to make it visible .. Mom has bought a palette with lots of colors for me, so if you get a little color, it is also good!<\/strong><\/em><\/p>\n<div><em><strong>Thank you so much!<\/strong><\/em><\/div>\n<div>\n<p><em><em><strong>lots of hugs, Emma<\/strong><\/em><\/em><\/p>\n<p>When you are going to do a stage make-up, there are certain important points you should keep in mind.<\/p>\n<\/div>\n<div><\/div>\n<div><\/div>\n<div><\/div>\n<div><strong>1.<\/strong> The make-up is much less visible than you think. There is no point in putting energy into small details and many different colors.<br \/>\n<strong>2.<\/strong> However, using two very different colors is good, so it will be<span style=\"font-size: large;\"> contrast<\/span>!<br \/>\n<strong>3.<\/strong> The most important tool if you want to be seen, is<span style=\"font-size: large;\"> glitter<\/span>!<\/div>\n<div><strong>4.<\/strong> In principle, light make-up is not visible at all.<\/div>\n<div><strong>5.<\/strong> Actually, you should put on make-up very excessively in order for it to be visible, but since it is in school you should perform, I guess you want to feel nice off stage too :)<br \/>\n<strong>6.<\/strong> The lips are better visible than the eyes, one <span style=\"font-size: large;\">colorful lipstick<\/span> is to recommend! And a gloss is better than nothing:) Therefore, I have started from the colors black and green, because you wanted to get in some color and green is also a bit Christmasy :) But you can choose the color you feel best in, preferably a <span style=\"font-size: large;\">bright shade<\/span> if it is to be seen.<\/div>\n<div><\/div>\n<div><\/div>\n<div><\/div>\n<p style=\"text-align: center;\"><a href=\"http:\/\/www.imakeyousmile.se\/wp-content\/uploads\/2012\/12\/IMG_5818.jpg\"><img loading=\"lazy\" decoding=\"async\" class=\"aligncenter wp-image-2063\" title=\"IMG_5818\" src=\"http:\/\/www.imakeyousmile.se\/wp-content\/uploads\/2012\/12\/IMG_5818-662x434.jpg\" alt=\"\" width=\"463\" height=\"304\" srcset=\"https:\/\/www.imakeyousmile.se\/wp-content\/uploads\/2012\/12\/IMG_5818-662x434.jpg 662w, https:\/\/www.imakeyousmile.se\/wp-content\/uploads\/2012\/12\/IMG_5818-300x197.jpg 300w, https:\/\/www.imakeyousmile.se\/wp-content\/uploads\/2012\/12\/IMG_5818-720x472.jpg 720w\" sizes=\"(max-width: 463px) 100vw, 463px\" \/><\/a><\/p>\n<p style=\"text-align: center;\">This make-up is both nice in the classroom + will be seen on stage :)<\/p>\n<p style=\"text-align: center;\">Do you think you will feel made up, so do not smear as much on the eyebrow as I did, but stay <span style=\"font-size: medium;\">below the globe line<\/span>!<\/p>\n<p style=\"text-align: center;\"><em>All eyeshadows are from Eleven 180 Palette<\/em><\/p>\n<p style=\"text-align: center;\"><a href=\"http:\/\/www.imakeyousmile.se\/wp-content\/uploads\/2012\/12\/IMG_5728.jpg\"><img loading=\"lazy\" decoding=\"async\" class=\"aligncenter wp-image-2054\" title=\"IMG_5728\" src=\"http:\/\/www.imakeyousmile.se\/wp-content\/uploads\/2012\/12\/IMG_5728-662x708.jpg\" alt=\"\" width=\"397\" height=\"425\" srcset=\"https:\/\/www.imakeyousmile.se\/wp-content\/uploads\/2012\/12\/IMG_5728-662x708.jpg 662w, https:\/\/www.imakeyousmile.se\/wp-content\/uploads\/2012\/12\/IMG_5728-280x300.jpg 280w, https:\/\/www.imakeyousmile.se\/wp-content\/uploads\/2012\/12\/IMG_5728-504x540.jpg 504w, https:\/\/www.imakeyousmile.se\/wp-content\/uploads\/2012\/12\/IMG_5728.jpg 854w\" sizes=\"(max-width: 397px) 100vw, 397px\" \/><\/a><\/p>\n<p style=\"text-align: center;\"><strong>1.<\/strong> Add one <strong><span style=\"color: #00ff00;\">bright green<\/span><\/strong>\u00a0on almost the entire eyelid.<\/p>\n<p style=\"text-align: center;\"><a href=\"http:\/\/www.imakeyousmile.se\/wp-content\/uploads\/2012\/12\/IMG_5736.jpg\"><img loading=\"lazy\" decoding=\"async\" class=\"aligncenter wp-image-2055\" title=\"IMG_5736\" src=\"http:\/\/www.imakeyousmile.se\/wp-content\/uploads\/2012\/12\/IMG_5736-662x708.jpg\" alt=\"\" width=\"397\" height=\"425\" srcset=\"https:\/\/www.imakeyousmile.se\/wp-content\/uploads\/2012\/12\/IMG_5736-662x708.jpg 662w, https:\/\/www.imakeyousmile.se\/wp-content\/uploads\/2012\/12\/IMG_5736-280x300.jpg 280w, https:\/\/www.imakeyousmile.se\/wp-content\/uploads\/2012\/12\/IMG_5736-504x540.jpg 504w, https:\/\/www.imakeyousmile.se\/wp-content\/uploads\/2012\/12\/IMG_5736.jpg 850w\" sizes=\"(max-width: 397px) 100vw, 397px\" \/><\/a><\/p>\n<p style=\"text-align: center;\"><strong><span style=\"color: #000000;\">2. Black<\/span> <\/strong>eye shadow at the end of the eyelid.<\/p>\n<p style=\"text-align: center;\"><a href=\"http:\/\/www.imakeyousmile.se\/wp-content\/uploads\/2012\/12\/IMG_5746.jpg\"><img loading=\"lazy\" decoding=\"async\" class=\"aligncenter wp-image-2056\" title=\"IMG_5746\" src=\"http:\/\/www.imakeyousmile.se\/wp-content\/uploads\/2012\/12\/IMG_5746-662x710.jpg\" alt=\"\" width=\"397\" height=\"426\" srcset=\"https:\/\/www.imakeyousmile.se\/wp-content\/uploads\/2012\/12\/IMG_5746-662x710.jpg 662w, https:\/\/www.imakeyousmile.se\/wp-content\/uploads\/2012\/12\/IMG_5746-279x300.jpg 279w, https:\/\/www.imakeyousmile.se\/wp-content\/uploads\/2012\/12\/IMG_5746-503x540.jpg 503w, https:\/\/www.imakeyousmile.se\/wp-content\/uploads\/2012\/12\/IMG_5746.jpg 848w\" sizes=\"(max-width: 397px) 100vw, 397px\" \/><\/a><\/p>\n<p style=\"text-align: center;\"><strong>3.<\/strong> Continue with the black shadow a bit on the lower edge of the eyelid.<\/p>\n<p style=\"text-align: center;\"><a href=\"http:\/\/www.imakeyousmile.se\/wp-content\/uploads\/2012\/12\/IMG_5759.jpg\"><img loading=\"lazy\" decoding=\"async\" class=\"aligncenter wp-image-2057\" title=\"IMG_5759\" src=\"http:\/\/www.imakeyousmile.se\/wp-content\/uploads\/2012\/12\/IMG_5759-662x744.jpg\" alt=\"\" width=\"397\" height=\"446\" srcset=\"https:\/\/www.imakeyousmile.se\/wp-content\/uploads\/2012\/12\/IMG_5759-662x744.jpg 662w, https:\/\/www.imakeyousmile.se\/wp-content\/uploads\/2012\/12\/IMG_5759-266x300.jpg 266w, https:\/\/www.imakeyousmile.se\/wp-content\/uploads\/2012\/12\/IMG_5759-480x540.jpg 480w, https:\/\/www.imakeyousmile.se\/wp-content\/uploads\/2012\/12\/IMG_5759.jpg 868w\" sizes=\"(max-width: 397px) 100vw, 397px\" \/><\/a><\/p>\n<p style=\"text-align: center;\"><strong>4.<\/strong> Add some black eye shadow at the beginning of the crease as well.<\/p>\n<p style=\"text-align: center;\"><a href=\"http:\/\/www.imakeyousmile.se\/wp-content\/uploads\/2012\/12\/IMG_5771.jpg\"><img loading=\"lazy\" decoding=\"async\" class=\"aligncenter wp-image-2058\" title=\"IMG_5771\" src=\"http:\/\/www.imakeyousmile.se\/wp-content\/uploads\/2012\/12\/IMG_5771-662x698.jpg\" alt=\"\" width=\"397\" height=\"419\" srcset=\"https:\/\/www.imakeyousmile.se\/wp-content\/uploads\/2012\/12\/IMG_5771-662x698.jpg 662w, https:\/\/www.imakeyousmile.se\/wp-content\/uploads\/2012\/12\/IMG_5771-284x300.jpg 284w, https:\/\/www.imakeyousmile.se\/wp-content\/uploads\/2012\/12\/IMG_5771-511x540.jpg 511w, https:\/\/www.imakeyousmile.se\/wp-content\/uploads\/2012\/12\/IMG_5771.jpg 914w\" sizes=\"(max-width: 397px) 100vw, 397px\" \/><\/a><\/p>\n<p style=\"text-align: center;\"><strong>5.<\/strong> Blur the edges a lot!<\/p>\n<p style=\"text-align: center;\"><a href=\"http:\/\/www.imakeyousmile.se\/wp-content\/uploads\/2012\/12\/IMG_5787.jpg\"><img loading=\"lazy\" decoding=\"async\" class=\"aligncenter wp-image-2059\" title=\"IMG_5787\" src=\"http:\/\/www.imakeyousmile.se\/wp-content\/uploads\/2012\/12\/IMG_5787-662x731.jpg\" alt=\"\" width=\"397\" height=\"439\" srcset=\"https:\/\/www.imakeyousmile.se\/wp-content\/uploads\/2012\/12\/IMG_5787-662x731.jpg 662w, https:\/\/www.imakeyousmile.se\/wp-content\/uploads\/2012\/12\/IMG_5787-271x300.jpg 271w, https:\/\/www.imakeyousmile.se\/wp-content\/uploads\/2012\/12\/IMG_5787-488x540.jpg 488w, https:\/\/www.imakeyousmile.se\/wp-content\/uploads\/2012\/12\/IMG_5787.jpg 782w\" sizes=\"(max-width: 397px) 100vw, 397px\" \/><\/a><\/p>\n<p style=\"text-align: center;\"><strong>6.<\/strong> Fill with the green eye shadow at the bottom of the eyelid, and soot together with the black at the bottom along the crease line.<\/p>\n<p style=\"text-align: center;\"><a href=\"http:\/\/www.imakeyousmile.se\/wp-content\/uploads\/2012\/12\/IMG_5800.jpg\"><img loading=\"lazy\" decoding=\"async\" class=\"aligncenter wp-image-2060\" title=\"IMG_5800\" src=\"http:\/\/www.imakeyousmile.se\/wp-content\/uploads\/2012\/12\/IMG_5800-662x683.jpg\" alt=\"\" width=\"397\" height=\"410\" srcset=\"https:\/\/www.imakeyousmile.se\/wp-content\/uploads\/2012\/12\/IMG_5800-662x683.jpg 662w, https:\/\/www.imakeyousmile.se\/wp-content\/uploads\/2012\/12\/IMG_5800-290x300.jpg 290w, https:\/\/www.imakeyousmile.se\/wp-content\/uploads\/2012\/12\/IMG_5800-523x540.jpg 523w, https:\/\/www.imakeyousmile.se\/wp-content\/uploads\/2012\/12\/IMG_5800.jpg 990w\" sizes=\"(max-width: 397px) 100vw, 397px\" \/><\/a><\/p>\n<p style=\"text-align: center;\"><strong>7.<\/strong> Soot black eye shadow on the lower lash line.<\/p>\n<p style=\"text-align: center;\"><a href=\"http:\/\/www.imakeyousmile.se\/wp-content\/uploads\/2012\/12\/IMG_5806.jpg\"><img loading=\"lazy\" decoding=\"async\" class=\"aligncenter wp-image-2061\" title=\"IMG_5806\" src=\"http:\/\/www.imakeyousmile.se\/wp-content\/uploads\/2012\/12\/IMG_5806-662x696.jpg\" alt=\"\" width=\"397\" height=\"418\" srcset=\"https:\/\/www.imakeyousmile.se\/wp-content\/uploads\/2012\/12\/IMG_5806-662x696.jpg 662w, https:\/\/www.imakeyousmile.se\/wp-content\/uploads\/2012\/12\/IMG_5806-285x300.jpg 285w, https:\/\/www.imakeyousmile.se\/wp-content\/uploads\/2012\/12\/IMG_5806-513x540.jpg 513w, https:\/\/www.imakeyousmile.se\/wp-content\/uploads\/2012\/12\/IMG_5806.jpg 922w\" sizes=\"(max-width: 397px) 100vw, 397px\" \/><\/a><\/p>\n<p style=\"text-align: center;\"><strong>8.<\/strong> Dutta <strong><span style=\"color: #00ff00;\">green glitter<\/span><\/strong> at the bottom of the eyelid and a little up on the globe line.<br \/>\n<a href=\"https:\/\/ion.lyko.com\/t\/t?a=1117786221&#038;as=1548102449&#038;t=2&#038;tk=1&#038;epi=search-replace-MUSglitter&#038;url=https:\/\/lyko.com\/sv\/sok?q=make+up+store+glitter\"><strong><em>Make Up Store Glitter (Peacock)<\/em><\/strong><\/a><\/p>\n<p style=\"text-align: center;\">I have attached the glitter with <a href=\"http:\/\/www.imakeyousmile.se\/en\/glitter-till-nyarssminkningen\/\"><strong><em>Mixing Liquid<\/em><\/strong><\/a>.<\/p>\n<p style=\"text-align: center;\"><a href=\"http:\/\/www.imakeyousmile.se\/wp-content\/uploads\/2012\/12\/IMG_5818-Copy.jpg\"><img loading=\"lazy\" decoding=\"async\" class=\"aligncenter wp-image-2062\" title=\"IMG_5818 - Copy\" src=\"http:\/\/www.imakeyousmile.se\/wp-content\/uploads\/2012\/12\/IMG_5818-Copy-662x702.jpg\" alt=\"\" width=\"397\" height=\"421\" srcset=\"https:\/\/www.imakeyousmile.se\/wp-content\/uploads\/2012\/12\/IMG_5818-Copy-662x702.jpg 662w, https:\/\/www.imakeyousmile.se\/wp-content\/uploads\/2012\/12\/IMG_5818-Copy-282x300.jpg 282w, https:\/\/www.imakeyousmile.se\/wp-content\/uploads\/2012\/12\/IMG_5818-Copy-508x540.jpg 508w, https:\/\/www.imakeyousmile.se\/wp-content\/uploads\/2012\/12\/IMG_5818-Copy.jpg 984w\" sizes=\"(max-width: 397px) 100vw, 397px\" \/><\/a><\/p>\n<p style=\"text-align: center;\"><strong><span style=\"color: #000000;\">Black eyeliner<\/span><\/strong> on the inner lash line, <a href=\"https:\/\/ion.lyko.com\/t\/t?a=1117786221&amp;as=1548102449&amp;t=2&amp;tk=1&amp;epi=search-replace-lorealkhol&amp;url=https:\/\/lyko.com\/sv\/loreal-paris\/loreal-paris-superliner-le-khol-pure-esp\"><strong><em>L&#039;Or\u00e9al Paris Color Riche Le Kh\u00f4l (Black)<\/em><\/strong><\/a><br \/>\n<strong><span style=\"color: #000000;\">Black mascara<\/span> <\/strong>on all lashes, <a href=\"https:\/\/ion.lyko.com\/t\/t?a=1117786221&amp;as=1548102449&amp;t=2&amp;tk=1&amp;epi=search-replace-isadoramascara&amp;url=https:\/\/lyko.com\/sv\/sok?q=isadora+mascara\"><strong><em>IsaDora Precision Mascara (10 Deep Black)<\/em><\/strong><\/a><\/p>\n<p style=\"text-align: center;\"><a href=\"http:\/\/www.imakeyousmile.se\/wp-content\/uploads\/2012\/12\/IMG_5847.jpg\"><img loading=\"lazy\" decoding=\"async\" class=\"aligncenter wp-image-2064\" title=\"IMG_5847\" src=\"http:\/\/www.imakeyousmile.se\/wp-content\/uploads\/2012\/12\/IMG_5847-662x1109.jpg\" alt=\"\" width=\"428\" height=\"717\" srcset=\"https:\/\/www.imakeyousmile.se\/wp-content\/uploads\/2012\/12\/IMG_5847-662x1109.jpg 662w, https:\/\/www.imakeyousmile.se\/wp-content\/uploads\/2012\/12\/IMG_5847-179x300.jpg 179w, https:\/\/www.imakeyousmile.se\/wp-content\/uploads\/2012\/12\/IMG_5847-322x540.jpg 322w, https:\/\/www.imakeyousmile.se\/wp-content\/uploads\/2012\/12\/IMG_5847.jpg 1528w\" sizes=\"(max-width: 428px) 100vw, 428px\" \/><\/a><\/p>\n<p style=\"text-align: center;\"><strong><span style=\"color: #ff0000;\">Red matte lipstick<\/span><\/strong> (<em>highly recommend!)<\/em> <a href=\"https:\/\/ion.lyko.com\/t\/t?a=1117786221&#038;as=1548102449&#038;t=2&#038;tk=1&#038;epi=search-replace-isadoralipstick&#038;url=https:\/\/lyko.com\/sv\/sok?q=isadora+lipstick\"><strong><em>IsaDora Perfect Matt Lipstick (03 Red Carpet)<\/em><\/strong><\/a><\/p>\n<p style=\"text-align: center;\"><span style=\"font-size: xx-large;\">Good luck with the performance!<span style=\"font-size: large;\"> :)<\/span><\/span><\/p>","protected":false},"excerpt":{"rendered":"<p>Emma sa&#8230;\u00a0Jag ska upptr\u00e4da p\u00e5 skolans avslutning och t\u00e4nkte ha en svart fin kl\u00e4nning och undrar om du kan l\u00e4gga ut en sminkning som passar bra till att ha p\u00e5 scen? Eftersom det \u00e4r mycket ljus s\u00e5 kanske man beh\u00f6ver lite extra mycket f\u00f6r att det ska synas.. Mamma har k\u00f6pt en palett med massa [&hellip;]<\/p>\n","protected":false},"author":30,"featured_media":2810,"comment_status":"open","ping_status":"open","sticky":false,"template":"","format":"standard","meta":{"footnotes":""},"categories":[2623],"tags":[95,35,94,15],"class_list":["post-2053","post","type-post","status-publish","format-standard","has-post-thumbnail","hentry","category-sminkningar","tag-glittersminkning","tag-glittrig-nyarssminkning","tag-julsminkning","tag-partysminkning"],"yoast_head":"<!-- This site is optimized with the Yoast SEO Premium plugin v14.9 - https:\/\/yoast.com\/wordpress\/plugins\/seo\/ -->\n<meta name=\"description\" content=\"Gr\u00f6n julsminkning - M\u00f6rk sotning med glitter (Steg f\u00f6r steg) | Helena Amiley - H\u00e4r hittar du senaste infromation om sk\u00f6nhet, livsstil, entrepren\u00f6rskap, makeup &amp; tips.\" \/>\n<meta name=\"robots\" content=\"index, follow, max-snippet:-1, max-image-preview:large, max-video-preview:-1\" \/>\n<link rel=\"canonical\" href=\"https:\/\/www.imakeyousmile.se\/en\/gron-julsminkning\/\" \/>\n<meta property=\"og:locale\" content=\"en_US\" \/>\n<meta property=\"og:type\" content=\"article\" \/>\n<meta property=\"og:title\" content=\"Gr\u00f6n julsminkning - M\u00f6rk sotning med glitter (Steg f\u00f6r steg) | Imakeyousmile.se\" \/>\n<meta property=\"og:description\" content=\"Gr\u00f6n julsminkning - M\u00f6rk sotning med glitter (Steg f\u00f6r steg) | Helena Amiley - H\u00e4r hittar du senaste infromation om sk\u00f6nhet, livsstil, entrepren\u00f6rskap, makeup &amp; tips.\" \/>\n<meta property=\"og:url\" content=\"https:\/\/www.imakeyousmile.se\/en\/gron-julsminkning\/\" \/>\n<meta property=\"og:site_name\" content=\"Imakeyousmile.se\" \/>\n<meta property=\"article:author\" content=\"https:\/\/www.facebook.com\/imakeyousmile.se\" \/>\n<meta property=\"article:published_time\" content=\"2012-12-10T06:00:34+00:00\" \/>\n<meta property=\"article:modified_time\" content=\"2021-10-12T07:45:45+00:00\" \/>\n<meta property=\"og:image\" content=\"https:\/\/www.imakeyousmile.se\/wp-content\/uploads\/2012\/12\/IMG_58181.jpg\" \/>\n\t<meta property=\"og:image:width\" content=\"2296\" \/>\n\t<meta property=\"og:image:height\" content=\"1508\" \/>\n<meta name=\"twitter:card\" content=\"summary_large_image\" \/>\n<script type=\"application\/ld+json\" class=\"yoast-schema-graph\">{\"@context\":\"https:\/\/schema.org\",\"@graph\":[{\"@type\":\"Organization\",\"@id\":\"https:\/\/www.imakeyousmile.se\/en\/#organization\",\"name\":\"Imakeyousmile\",\"url\":\"https:\/\/www.imakeyousmile.se\/en\/\",\"sameAs\":[],\"logo\":{\"@type\":\"ImageObject\",\"@id\":\"https:\/\/www.imakeyousmile.se\/en\/#logo\",\"inLanguage\":\"en-US\",\"url\":\"https:\/\/www.imakeyousmile.se\/wp-content\/uploads\/2020\/10\/HELENA-AMILEY_SVART-1-e1603367975324.png\",\"width\":280,\"height\":93,\"caption\":\"Imakeyousmile\"},\"image\":{\"@id\":\"https:\/\/www.imakeyousmile.se\/en\/#logo\"}},{\"@type\":\"WebSite\",\"@id\":\"https:\/\/www.imakeyousmile.se\/en\/#website\",\"url\":\"https:\/\/www.imakeyousmile.se\/en\/\",\"name\":\"Imakeyousmile.se\",\"description\":\"Helena Amiley - Beauty, Entrepreneur, Lifestyle\",\"publisher\":{\"@id\":\"https:\/\/www.imakeyousmile.se\/en\/#organization\"},\"potentialAction\":[{\"@type\":\"SearchAction\",\"target\":\"https:\/\/www.imakeyousmile.se\/en\/?s={search_term_string}\",\"query-input\":\"required name=search_term_string\"}],\"inLanguage\":\"en-US\"},{\"@type\":\"ImageObject\",\"@id\":\"https:\/\/www.imakeyousmile.se\/gron-julsminkning\/#primaryimage\",\"inLanguage\":\"en-US\",\"url\":\"https:\/\/www.imakeyousmile.se\/wp-content\/uploads\/2012\/12\/IMG_58181.jpg\",\"width\":\"2296\",\"height\":\"1508\"},{\"@type\":\"WebPage\",\"@id\":\"https:\/\/www.imakeyousmile.se\/gron-julsminkning\/#webpage\",\"url\":\"https:\/\/www.imakeyousmile.se\/gron-julsminkning\/\",\"name\":\"Gr\\u00f6n julsminkning - M\\u00f6rk sotning med glitter (Steg f\\u00f6r steg) | Imakeyousmile.se\",\"isPartOf\":{\"@id\":\"https:\/\/www.imakeyousmile.se\/en\/#website\"},\"primaryImageOfPage\":{\"@id\":\"https:\/\/www.imakeyousmile.se\/gron-julsminkning\/#primaryimage\"},\"datePublished\":\"2012-12-10T06:00:34+00:00\",\"dateModified\":\"2021-10-12T07:45:45+00:00\",\"description\":\"Gr\\u00f6n julsminkning - M\\u00f6rk sotning med glitter (Steg f\\u00f6r steg) | Helena Amiley - H\\u00e4r hittar du senaste infromation om sk\\u00f6nhet, livsstil, entrepren\\u00f6rskap, makeup & tips.\",\"inLanguage\":\"en-US\",\"potentialAction\":[{\"@type\":\"ReadAction\",\"target\":[\"https:\/\/www.imakeyousmile.se\/gron-julsminkning\/\"]}]},{\"@type\":\"Article\",\"@id\":\"https:\/\/www.imakeyousmile.se\/gron-julsminkning\/#article\",\"isPartOf\":{\"@id\":\"https:\/\/www.imakeyousmile.se\/gron-julsminkning\/#webpage\"},\"author\":{\"@id\":\"https:\/\/www.imakeyousmile.se\/en\/#\/schema\/person\/b0fd43b1c6bb1c60cfd68bff9b4a10fb\"},\"headline\":\"Gr\\u00f6n julsminkning &#8211; M\\u00f6rk sotning med glitter (Steg f\\u00f6r steg)\",\"datePublished\":\"2012-12-10T06:00:34+00:00\",\"dateModified\":\"2021-10-12T07:45:45+00:00\",\"mainEntityOfPage\":{\"@id\":\"https:\/\/www.imakeyousmile.se\/gron-julsminkning\/#webpage\"},\"commentCount\":0,\"publisher\":{\"@id\":\"https:\/\/www.imakeyousmile.se\/en\/#organization\"},\"image\":{\"@id\":\"https:\/\/www.imakeyousmile.se\/gron-julsminkning\/#primaryimage\"},\"keywords\":\"glittersminkning,Glittrig ny\\u00e5rssminkning,julsminkning,Partysminkning\",\"articleSection\":\"Sminkningar\",\"inLanguage\":\"en-US\",\"potentialAction\":[{\"@type\":\"CommentAction\",\"name\":\"Comment\",\"target\":[\"https:\/\/www.imakeyousmile.se\/gron-julsminkning\/#respond\"]}]},{\"@type\":\"Person\",\"@id\":\"https:\/\/www.imakeyousmile.se\/en\/#\/schema\/person\/b0fd43b1c6bb1c60cfd68bff9b4a10fb\",\"name\":\"Helena Amiley\",\"image\":{\"@type\":\"ImageObject\",\"@id\":\"https:\/\/www.imakeyousmile.se\/en\/#personlogo\",\"inLanguage\":\"en-US\",\"url\":\"https:\/\/secure.gravatar.com\/avatar\/5645558e1e355457a23368d7e1b4c904?s=96&d=mm&r=g\",\"caption\":\"Helena Amiley\"},\"description\":\"Jag skriver mest om sk\\u00f6nhet men bjuder \\u00e4ven p\\u00e5 glimtar fr\\u00e5n entrepren\\u00f6rlivet och bygget av v\\u00e5r egen camper van. Vanlife here we come!\",\"sameAs\":[\"https:\/\/www.facebook.com\/imakeyousmile.se\",\"https:\/\/www.instagram.com\/helenaamiley\",\"https:\/\/www.youtube.com\/channel\/UCR5iB6rvpV6Yr8ZjpQfr5mg?view_as=subscriber\"]}]}<\/script>\n<!-- \/ Yoast SEO Premium plugin. -->","_links":{"self":[{"href":"https:\/\/www.imakeyousmile.se\/en\/wp-json\/wp\/v2\/posts\/2053"}],"collection":[{"href":"https:\/\/www.imakeyousmile.se\/en\/wp-json\/wp\/v2\/posts"}],"about":[{"href":"https:\/\/www.imakeyousmile.se\/en\/wp-json\/wp\/v2\/types\/post"}],"author":[{"embeddable":true,"href":"https:\/\/www.imakeyousmile.se\/en\/wp-json\/wp\/v2\/users\/30"}],"replies":[{"embeddable":true,"href":"https:\/\/www.imakeyousmile.se\/en\/wp-json\/wp\/v2\/comments?post=2053"}],"version-history":[{"count":3,"href":"https:\/\/www.imakeyousmile.se\/en\/wp-json\/wp\/v2\/posts\/2053\/revisions"}],"predecessor-version":[{"id":42087,"href":"https:\/\/www.imakeyousmile.se\/en\/wp-json\/wp\/v2\/posts\/2053\/revisions\/42087"}],"wp:featuredmedia":[{"embeddable":true,"href":"https:\/\/www.imakeyousmile.se\/en\/wp-json\/wp\/v2\/media\/2810"}],"wp:attachment":[{"href":"https:\/\/www.imakeyousmile.se\/en\/wp-json\/wp\/v2\/media?parent=2053"}],"wp:term":[{"taxonomy":"category","embeddable":true,"href":"https:\/\/www.imakeyousmile.se\/en\/wp-json\/wp\/v2\/categories?post=2053"},{"taxonomy":"post_tag","embeddable":true,"href":"https:\/\/www.imakeyousmile.se\/en\/wp-json\/wp\/v2\/tags?post=2053"}],"curies":[{"name":"wp","href":"https:\/\/api.w.org\/{rel}","templated":true}]}}