{"id":20684,"date":"2015-06-20T14:59:54","date_gmt":"2015-06-20T12:59:54","guid":{"rendered":"http:\/\/www.imakeyousmile.se\/?p=20684"},"modified":"2015-06-20T11:32:44","modified_gmt":"2015-06-20T09:32:44","slug":"min-midsommarafton","status":"publish","type":"post","link":"https:\/\/www.imakeyousmile.se\/en\/min-midsummer-evening\/","title":{"rendered":"My Midsummer Eve"},"content":{"rendered":"<p>I get a lot of requests to show some personal photos here in the blog as well, and not just makeup. I will try to get better at it and start now with some pictures from our Midsummer Eve! :) \u2665<\/p>\n<p><a href=\"http:\/\/www.imakeyousmile.se\/wp-content\/uploads\/2015\/06\/10931333_10155678193760591_5491390158484717784_n.jpg\"><img loading=\"lazy\" decoding=\"async\" class=\"alignnone size-large wp-image-20696\" src=\"http:\/\/www.imakeyousmile.se\/wp-content\/uploads\/2015\/06\/10931333_10155678193760591_5491390158484717784_n.jpg\" alt=\"10931333_10155678193760591_5491390158484717784_n\" width=\"640\" height=\"640\" srcset=\"https:\/\/www.imakeyousmile.se\/wp-content\/uploads\/2015\/06\/10931333_10155678193760591_5491390158484717784_n.jpg 640w, https:\/\/www.imakeyousmile.se\/wp-content\/uploads\/2015\/06\/10931333_10155678193760591_5491390158484717784_n-150x150.jpg 150w, https:\/\/www.imakeyousmile.se\/wp-content\/uploads\/2015\/06\/10931333_10155678193760591_5491390158484717784_n-300x300.jpg 300w, https:\/\/www.imakeyousmile.se\/wp-content\/uploads\/2015\/06\/10931333_10155678193760591_5491390158484717784_n-357x357.jpg 357w, https:\/\/www.imakeyousmile.se\/wp-content\/uploads\/2015\/06\/10931333_10155678193760591_5491390158484717784_n-483x483.jpg 483w, https:\/\/www.imakeyousmile.se\/wp-content\/uploads\/2015\/06\/10931333_10155678193760591_5491390158484717784_n-210x210.jpg 210w\" sizes=\"(max-width: 640px) 100vw, 640px\" \/><\/a><\/p>\n<p>Miska and I made our own midsummer wreaths with flowers from my mother&#039;s plot before we went to grandma&#039;s. Fina va? :) Less is not more.<\/p>\n<p><a href=\"http:\/\/www.imakeyousmile.se\/wp-content\/uploads\/2015\/06\/midsommar-laga-middag.jpg\"><img loading=\"lazy\" decoding=\"async\" class=\"alignnone size-large wp-image-20693\" src=\"http:\/\/www.imakeyousmile.se\/wp-content\/uploads\/2015\/06\/midsommar-laga-middag-1024x483.jpg\" alt=\"midsummer-cook-dinner\" width=\"700\" height=\"330\" srcset=\"https:\/\/www.imakeyousmile.se\/wp-content\/uploads\/2015\/06\/midsommar-laga-middag-1024x483.jpg 1024w, https:\/\/www.imakeyousmile.se\/wp-content\/uploads\/2015\/06\/midsommar-laga-middag-300x142.jpg 300w, https:\/\/www.imakeyousmile.se\/wp-content\/uploads\/2015\/06\/midsommar-laga-middag-700x330.jpg 700w, https:\/\/www.imakeyousmile.se\/wp-content\/uploads\/2015\/06\/midsommar-laga-middag-756x357.jpg 756w, https:\/\/www.imakeyousmile.se\/wp-content\/uploads\/2015\/06\/midsommar-laga-middag-1023x483.jpg 1023w, https:\/\/www.imakeyousmile.se\/wp-content\/uploads\/2015\/06\/midsommar-laga-middag.jpg 1500w\" sizes=\"(max-width: 700px) 100vw, 700px\" \/><\/a><\/p>\n<p>The sisters help out with the food at Grandma&#039;s nice wood stove! Malin&#039;s heat protection mitten is nice too;)<\/p>\n<p><a href=\"http:\/\/www.imakeyousmile.se\/wp-content\/uploads\/2015\/06\/bebis-ronja.jpg\"><img loading=\"lazy\" decoding=\"async\" class=\"alignnone size-full wp-image-20685\" src=\"http:\/\/www.imakeyousmile.se\/wp-content\/uploads\/2015\/06\/bebis-ronja.jpg\" alt=\"baby ronja\" width=\"1000\" height=\"803\" srcset=\"https:\/\/www.imakeyousmile.se\/wp-content\/uploads\/2015\/06\/bebis-ronja.jpg 1000w, https:\/\/www.imakeyousmile.se\/wp-content\/uploads\/2015\/06\/bebis-ronja-300x241.jpg 300w, https:\/\/www.imakeyousmile.se\/wp-content\/uploads\/2015\/06\/bebis-ronja-700x562.jpg 700w, https:\/\/www.imakeyousmile.se\/wp-content\/uploads\/2015\/06\/bebis-ronja-445x357.jpg 445w, https:\/\/www.imakeyousmile.se\/wp-content\/uploads\/2015\/06\/bebis-ronja-601x483.jpg 601w\" sizes=\"(max-width: 1000px) 100vw, 1000px\" \/><\/a><\/p>\n<p>Ronja babysitter Mille meanwhile \u2665<\/p>\n<p><a href=\"http:\/\/www.imakeyousmile.se\/wp-content\/uploads\/2015\/06\/bebis-midsommarkranss.png\"><img loading=\"lazy\" decoding=\"async\" class=\"alignnone size-large wp-image-20697\" src=\"http:\/\/www.imakeyousmile.se\/wp-content\/uploads\/2015\/06\/bebis-midsommarkranss-1024x388.png\" alt=\"baby midsummer wreath\" width=\"700\" height=\"265\" srcset=\"https:\/\/www.imakeyousmile.se\/wp-content\/uploads\/2015\/06\/bebis-midsommarkranss-1024x388.png 1024w, https:\/\/www.imakeyousmile.se\/wp-content\/uploads\/2015\/06\/bebis-midsommarkranss-300x114.png 300w, https:\/\/www.imakeyousmile.se\/wp-content\/uploads\/2015\/06\/bebis-midsommarkranss-700x266.png 700w, https:\/\/www.imakeyousmile.se\/wp-content\/uploads\/2015\/06\/bebis-midsommarkranss-941x357.png 941w, https:\/\/www.imakeyousmile.se\/wp-content\/uploads\/2015\/06\/bebis-midsommarkranss-1273x483.png 1273w, https:\/\/www.imakeyousmile.se\/wp-content\/uploads\/2015\/06\/bebis-midsommarkranss.png 1500w\" sizes=\"(max-width: 700px) 100vw, 700px\" \/><\/a><\/p>\n<p>Mille got his own midsummer wreath, cutie \u2665 He yawns in one of the pictures, although it looks like he is screaming haha.<\/p>\n<p><a href=\"http:\/\/www.imakeyousmile.se\/wp-content\/uploads\/2015\/06\/IMG_6789.jpg\"><img loading=\"lazy\" decoding=\"async\" class=\"alignnone size-large wp-image-20688\" src=\"http:\/\/www.imakeyousmile.se\/wp-content\/uploads\/2015\/06\/IMG_6789.jpg\" alt=\"IMG_6789\" width=\"700\" height=\"677\" srcset=\"https:\/\/www.imakeyousmile.se\/wp-content\/uploads\/2015\/06\/IMG_6789.jpg 1000w, https:\/\/www.imakeyousmile.se\/wp-content\/uploads\/2015\/06\/IMG_6789-300x290.jpg 300w, https:\/\/www.imakeyousmile.se\/wp-content\/uploads\/2015\/06\/IMG_6789-700x677.jpg 700w, https:\/\/www.imakeyousmile.se\/wp-content\/uploads\/2015\/06\/IMG_6789-369x357.jpg 369w, https:\/\/www.imakeyousmile.se\/wp-content\/uploads\/2015\/06\/IMG_6789-499x483.jpg 499w\" sizes=\"(max-width: 700px) 100vw, 700px\" \/><\/a><\/p>\n<p>Mila and Miska :)<\/p>\n<p><a href=\"http:\/\/www.imakeyousmile.se\/wp-content\/uploads\/2015\/06\/midsommarafton-middag.jpg\"><img loading=\"lazy\" decoding=\"async\" class=\"alignnone size-large wp-image-20694\" src=\"http:\/\/www.imakeyousmile.se\/wp-content\/uploads\/2015\/06\/midsommarafton-middag-1024x401.jpg\" alt=\"midsummer evening dinner\" width=\"700\" height=\"274\" srcset=\"https:\/\/www.imakeyousmile.se\/wp-content\/uploads\/2015\/06\/midsommarafton-middag-1024x401.jpg 1024w, https:\/\/www.imakeyousmile.se\/wp-content\/uploads\/2015\/06\/midsommarafton-middag-300x117.jpg 300w, https:\/\/www.imakeyousmile.se\/wp-content\/uploads\/2015\/06\/midsommarafton-middag-700x274.jpg 700w, https:\/\/www.imakeyousmile.se\/wp-content\/uploads\/2015\/06\/midsommarafton-middag-913x357.jpg 913w, https:\/\/www.imakeyousmile.se\/wp-content\/uploads\/2015\/06\/midsommarafton-middag-1235x483.jpg 1235w, https:\/\/www.imakeyousmile.se\/wp-content\/uploads\/2015\/06\/midsommarafton-middag.jpg 1406w\" sizes=\"(max-width: 700px) 100vw, 700px\" \/><\/a><\/p>\n<p>You should sit outside, even though it is cold;) In the picture on the right you see Linnea&#039;s reaction when she sees <a href=\"https:\/\/www.youtube.com\/watch?v=A2QoEOMHXrM\" target=\"_blank\">this youtube clip<\/a>, so much fun!<\/p>\n<p><a href=\"http:\/\/www.imakeyousmile.se\/wp-content\/uploads\/2015\/06\/IMG_6892.jpg\"><img loading=\"lazy\" decoding=\"async\" class=\"alignnone size-large wp-image-20692\" src=\"http:\/\/www.imakeyousmile.se\/wp-content\/uploads\/2015\/06\/IMG_6892-1024x660.jpg\" alt=\"IMG_6892\" width=\"700\" height=\"451\" srcset=\"https:\/\/www.imakeyousmile.se\/wp-content\/uploads\/2015\/06\/IMG_6892-1024x660.jpg 1024w, https:\/\/www.imakeyousmile.se\/wp-content\/uploads\/2015\/06\/IMG_6892-300x194.jpg 300w, https:\/\/www.imakeyousmile.se\/wp-content\/uploads\/2015\/06\/IMG_6892-700x452.jpg 700w, https:\/\/www.imakeyousmile.se\/wp-content\/uploads\/2015\/06\/IMG_6892-100x65.jpg 100w, https:\/\/www.imakeyousmile.se\/wp-content\/uploads\/2015\/06\/IMG_6892-553x357.jpg 553w, https:\/\/www.imakeyousmile.se\/wp-content\/uploads\/2015\/06\/IMG_6892-749x483.jpg 749w, https:\/\/www.imakeyousmile.se\/wp-content\/uploads\/2015\/06\/IMG_6892.jpg 1200w\" sizes=\"(max-width: 700px) 100vw, 700px\" \/><\/a><\/p>\n<p>Mila, grandmother&#039;s dog Tinka, Miska and Meja \u2665<\/p>\n<p><a href=\"http:\/\/www.imakeyousmile.se\/wp-content\/uploads\/2015\/06\/mormor-selfie.jpg\"><img loading=\"lazy\" decoding=\"async\" class=\"alignnone size-large wp-image-20695\" src=\"http:\/\/www.imakeyousmile.se\/wp-content\/uploads\/2015\/06\/mormor-selfie-1024x417.jpg\" alt=\"granny selfie\" width=\"700\" height=\"285\" srcset=\"https:\/\/www.imakeyousmile.se\/wp-content\/uploads\/2015\/06\/mormor-selfie-1024x417.jpg 1024w, https:\/\/www.imakeyousmile.se\/wp-content\/uploads\/2015\/06\/mormor-selfie-300x122.jpg 300w, https:\/\/www.imakeyousmile.se\/wp-content\/uploads\/2015\/06\/mormor-selfie-700x285.jpg 700w, https:\/\/www.imakeyousmile.se\/wp-content\/uploads\/2015\/06\/mormor-selfie-876x357.jpg 876w, https:\/\/www.imakeyousmile.se\/wp-content\/uploads\/2015\/06\/mormor-selfie-1186x483.jpg 1186w, https:\/\/www.imakeyousmile.se\/wp-content\/uploads\/2015\/06\/mormor-selfie.jpg 1500w\" sizes=\"(max-width: 700px) 100vw, 700px\" \/><\/a><\/p>\n<p>Mia takes a selfie with grandma, and teaches her how to flutter her lips :)<a href=\"http:\/\/www.imakeyousmile.se\/wp-content\/uploads\/2015\/06\/bebis-ronja.jpg\"><br \/>\n<\/a> <a href=\"http:\/\/www.imakeyousmile.se\/wp-content\/uploads\/2015\/06\/helena-r\u00f6nnblad-midsommar.jpg\"><br \/>\n<\/a> <a href=\"http:\/\/www.imakeyousmile.se\/wp-content\/uploads\/2015\/06\/IMG_6738.jpg\"><img loading=\"lazy\" decoding=\"async\" class=\"alignnone size-large wp-image-20687\" src=\"http:\/\/www.imakeyousmile.se\/wp-content\/uploads\/2015\/06\/IMG_6738.jpg\" alt=\"IMG_6738\" width=\"700\" height=\"482\" srcset=\"https:\/\/www.imakeyousmile.se\/wp-content\/uploads\/2015\/06\/IMG_6738.jpg 1000w, https:\/\/www.imakeyousmile.se\/wp-content\/uploads\/2015\/06\/IMG_6738-300x207.jpg 300w, https:\/\/www.imakeyousmile.se\/wp-content\/uploads\/2015\/06\/IMG_6738-700x482.jpg 700w, https:\/\/www.imakeyousmile.se\/wp-content\/uploads\/2015\/06\/IMG_6738-518x357.jpg 518w, https:\/\/www.imakeyousmile.se\/wp-content\/uploads\/2015\/06\/IMG_6738-701x483.jpg 701w\" sizes=\"(max-width: 700px) 100vw, 700px\" \/><\/a><\/p>\n<p>Thord plunged into the glass during dinner and gave a small speech to his wife Irja who was so incredibly cute!<\/p>\n<p>He first tell an anecdote about when Irja had a surprise party for him when he turned 30, everyone jumped up and sang! And he thought all evening &quot;<em>I wonder how I can tell everyone that it is not until the next month I turn one, and that it is not the 9th but the 10th, and that it is not 30, but 29.<\/em>..&quot; Lol! So now he surprised her on her wedding day when yesterday was exactly one day, a month and a year before they celebrate 30 years as married \u2665\u2665\u2665<a href=\"http:\/\/www.imakeyousmile.se\/wp-content\/uploads\/2015\/06\/IMG_6789.jpg\"><br \/>\n<\/a> <a href=\"http:\/\/www.imakeyousmile.se\/wp-content\/uploads\/2015\/06\/IMG_6845.jpg\"><br \/>\n<\/a> <a href=\"http:\/\/www.imakeyousmile.se\/wp-content\/uploads\/2015\/06\/IMG_6845.jpg\"><img loading=\"lazy\" decoding=\"async\" class=\"alignnone size-large wp-image-20689\" src=\"http:\/\/www.imakeyousmile.se\/wp-content\/uploads\/2015\/06\/IMG_6845.jpg\" alt=\"IMG_6845\" width=\"700\" height=\"499\" srcset=\"https:\/\/www.imakeyousmile.se\/wp-content\/uploads\/2015\/06\/IMG_6845.jpg 1000w, https:\/\/www.imakeyousmile.se\/wp-content\/uploads\/2015\/06\/IMG_6845-300x214.jpg 300w, https:\/\/www.imakeyousmile.se\/wp-content\/uploads\/2015\/06\/IMG_6845-700x499.jpg 700w, https:\/\/www.imakeyousmile.se\/wp-content\/uploads\/2015\/06\/IMG_6845-501x357.jpg 501w, https:\/\/www.imakeyousmile.se\/wp-content\/uploads\/2015\/06\/IMG_6845-677x483.jpg 677w\" sizes=\"(max-width: 700px) 100vw, 700px\" \/><\/a><\/p>\n<p>Mila steals strawberries from the cake;)<\/p>\n<p><a href=\"http:\/\/www.imakeyousmile.se\/wp-content\/uploads\/2015\/06\/helena-r\u00f6nnblad-midsommar.jpg\"><img loading=\"lazy\" decoding=\"async\" class=\"alignnone size-large wp-image-20686\" src=\"http:\/\/www.imakeyousmile.se\/wp-content\/uploads\/2015\/06\/helena-r\u00f6nnblad-midsommar-1024x480.jpg\" alt=\"helena-r\u00f6nnblad-midsommar\" width=\"700\" height=\"328\" srcset=\"https:\/\/www.imakeyousmile.se\/wp-content\/uploads\/2015\/06\/helena-r\u00f6nnblad-midsommar-1024x480.jpg 1024w, https:\/\/www.imakeyousmile.se\/wp-content\/uploads\/2015\/06\/helena-r\u00f6nnblad-midsommar-300x141.jpg 300w, https:\/\/www.imakeyousmile.se\/wp-content\/uploads\/2015\/06\/helena-r\u00f6nnblad-midsommar-700x328.jpg 700w, https:\/\/www.imakeyousmile.se\/wp-content\/uploads\/2015\/06\/helena-r\u00f6nnblad-midsommar-762x357.jpg 762w, https:\/\/www.imakeyousmile.se\/wp-content\/uploads\/2015\/06\/helena-r\u00f6nnblad-midsommar-1031x483.jpg 1031w, https:\/\/www.imakeyousmile.se\/wp-content\/uploads\/2015\/06\/helena-r\u00f6nnblad-midsommar.jpg 1500w\" sizes=\"(max-width: 700px) 100vw, 700px\" \/><\/a><\/p>\n<p>My lovely grandmother and her lovely sheep!<\/p>\n<p><a href=\"http:\/\/www.imakeyousmile.se\/wp-content\/uploads\/2015\/06\/IMG_6857.jpg\"><img loading=\"lazy\" decoding=\"async\" class=\"alignnone size-full wp-image-20690\" src=\"http:\/\/www.imakeyousmile.se\/wp-content\/uploads\/2015\/06\/IMG_6857.jpg\" alt=\"IMG_6857\" width=\"1000\" height=\"693\" srcset=\"https:\/\/www.imakeyousmile.se\/wp-content\/uploads\/2015\/06\/IMG_6857.jpg 1000w, https:\/\/www.imakeyousmile.se\/wp-content\/uploads\/2015\/06\/IMG_6857-300x208.jpg 300w, https:\/\/www.imakeyousmile.se\/wp-content\/uploads\/2015\/06\/IMG_6857-700x485.jpg 700w, https:\/\/www.imakeyousmile.se\/wp-content\/uploads\/2015\/06\/IMG_6857-515x357.jpg 515w, https:\/\/www.imakeyousmile.se\/wp-content\/uploads\/2015\/06\/IMG_6857-697x483.jpg 697w\" sizes=\"(max-width: 1000px) 100vw, 1000px\" \/><\/a><\/p>\n<p>When it was time for dessert, the sheep also wanted it - all the birches we decorated with!<br \/>\n<a href=\"http:\/\/www.imakeyousmile.se\/wp-content\/uploads\/2015\/06\/IMG_6857.jpg\"><br \/>\n<\/a> <a href=\"http:\/\/www.imakeyousmile.se\/wp-content\/uploads\/2015\/06\/IMG_6863.jpg\"><img loading=\"lazy\" decoding=\"async\" class=\"alignnone size-large wp-image-20691\" src=\"http:\/\/www.imakeyousmile.se\/wp-content\/uploads\/2015\/06\/IMG_6863-885x1024.jpg\" alt=\"IMG_6863\" width=\"700\" height=\"810\" srcset=\"https:\/\/www.imakeyousmile.se\/wp-content\/uploads\/2015\/06\/IMG_6863-885x1024.jpg 885w, https:\/\/www.imakeyousmile.se\/wp-content\/uploads\/2015\/06\/IMG_6863-259x300.jpg 259w, https:\/\/www.imakeyousmile.se\/wp-content\/uploads\/2015\/06\/IMG_6863-700x810.jpg 700w, https:\/\/www.imakeyousmile.se\/wp-content\/uploads\/2015\/06\/IMG_6863-309x357.jpg 309w, https:\/\/www.imakeyousmile.se\/wp-content\/uploads\/2015\/06\/IMG_6863-417x483.jpg 417w, https:\/\/www.imakeyousmile.se\/wp-content\/uploads\/2015\/06\/IMG_6863.jpg 1000w\" sizes=\"(max-width: 700px) 100vw, 700px\" \/><\/a> <a href=\"http:\/\/www.imakeyousmile.se\/wp-content\/uploads\/2015\/06\/IMG_6892.jpg\"><br \/>\n<\/a>Then there was a barbecue in the rain before we went home - and then the jackets went on. I stole my sister&#039;s jacket and Miska stole my grandmother&#039;s;)<a href=\"http:\/\/www.imakeyousmile.se\/wp-content\/uploads\/2015\/06\/midsommar-laga-middag.jpg\"><br \/>\n<\/a><br \/>\nHope you had as wonderful a Midsummer Eve as we did!<\/p>\n<p>Hugs are \u2665<\/p>","protected":false},"excerpt":{"rendered":"<p>Jag f\u00e5r mycket \u00f6nskningar om att visa lite personliga bilder h\u00e4r i bloggen ocks\u00e5, och inte bara smink. Jag ska f\u00f6rs\u00f6ka bli b\u00e4ttre p\u00e5 det och b\u00f6rjar nu med lite bilder fr\u00e5n v\u00e5r Midsommarafton! :)\u00a0\u2665 Jag och Miska gjorde egna midsommarkransar med blommor fr\u00e5n mammas tomt innan vi \u00e5kte till mormor. Fina va? :) Less [&hellip;]<\/p>\n","protected":false},"author":30,"featured_media":20697,"comment_status":"open","ping_status":"closed","sticky":false,"template":"","format":"standard","meta":{"footnotes":""},"categories":[3],"tags":[],"class_list":["post-20684","post","type-post","status-publish","format-standard","has-post-thumbnail","hentry","category-allmant"],"yoast_head":"<!-- This site is optimized with the Yoast SEO Premium plugin v14.9 - https:\/\/yoast.com\/wordpress\/plugins\/seo\/ -->\n<meta name=\"description\" content=\"Min midsommarafton | Helena Amiley - H\u00e4r hittar du senaste infromation om sk\u00f6nhet, livsstil, entrepren\u00f6rskap, makeup &amp; tips.\" \/>\n<meta name=\"robots\" content=\"index, follow, max-snippet:-1, max-image-preview:large, max-video-preview:-1\" \/>\n<link rel=\"canonical\" href=\"https:\/\/www.imakeyousmile.se\/en\/min-midsommarafton\/\" \/>\n<meta property=\"og:locale\" content=\"en_US\" \/>\n<meta property=\"og:type\" content=\"article\" \/>\n<meta property=\"og:title\" content=\"Min midsommarafton | Imakeyousmile.se\" \/>\n<meta property=\"og:description\" content=\"Min midsommarafton | Helena Amiley - H\u00e4r hittar du senaste infromation om sk\u00f6nhet, livsstil, entrepren\u00f6rskap, makeup &amp; tips.\" \/>\n<meta property=\"og:url\" content=\"https:\/\/www.imakeyousmile.se\/en\/min-midsommarafton\/\" \/>\n<meta property=\"og:site_name\" content=\"Imakeyousmile.se\" \/>\n<meta property=\"article:author\" content=\"https:\/\/www.facebook.com\/imakeyousmile.se\" \/>\n<meta property=\"article:published_time\" content=\"2015-06-20T12:59:54+00:00\" \/>\n<meta property=\"article:modified_time\" content=\"2015-06-20T09:32:44+00:00\" \/>\n<meta property=\"og:image\" content=\"https:\/\/www.imakeyousmile.se\/wp-content\/uploads\/2015\/06\/bebis-midsommarkranss.png\" \/>\n\t<meta property=\"og:image:width\" content=\"1500\" \/>\n\t<meta property=\"og:image:height\" content=\"569\" \/>\n<meta name=\"twitter:card\" content=\"summary_large_image\" \/>\n<script type=\"application\/ld+json\" class=\"yoast-schema-graph\">{\"@context\":\"https:\/\/schema.org\",\"@graph\":[{\"@type\":\"Organization\",\"@id\":\"https:\/\/www.imakeyousmile.se\/en\/#organization\",\"name\":\"Imakeyousmile\",\"url\":\"https:\/\/www.imakeyousmile.se\/en\/\",\"sameAs\":[],\"logo\":{\"@type\":\"ImageObject\",\"@id\":\"https:\/\/www.imakeyousmile.se\/en\/#logo\",\"inLanguage\":\"en-US\",\"url\":\"https:\/\/www.imakeyousmile.se\/wp-content\/uploads\/2020\/10\/HELENA-AMILEY_SVART-1-e1603367975324.png\",\"width\":280,\"height\":93,\"caption\":\"Imakeyousmile\"},\"image\":{\"@id\":\"https:\/\/www.imakeyousmile.se\/en\/#logo\"}},{\"@type\":\"WebSite\",\"@id\":\"https:\/\/www.imakeyousmile.se\/en\/#website\",\"url\":\"https:\/\/www.imakeyousmile.se\/en\/\",\"name\":\"Imakeyousmile.se\",\"description\":\"Helena Amiley - Beauty, Entrepreneur, Lifestyle\",\"publisher\":{\"@id\":\"https:\/\/www.imakeyousmile.se\/en\/#organization\"},\"potentialAction\":[{\"@type\":\"SearchAction\",\"target\":\"https:\/\/www.imakeyousmile.se\/en\/?s={search_term_string}\",\"query-input\":\"required name=search_term_string\"}],\"inLanguage\":\"en-US\"},{\"@type\":\"ImageObject\",\"@id\":\"https:\/\/www.imakeyousmile.se\/min-midsommarafton\/#primaryimage\",\"inLanguage\":\"en-US\",\"url\":\"https:\/\/www.imakeyousmile.se\/wp-content\/uploads\/2015\/06\/bebis-midsommarkranss.png\",\"width\":1500,\"height\":569},{\"@type\":\"WebPage\",\"@id\":\"https:\/\/www.imakeyousmile.se\/min-midsommarafton\/#webpage\",\"url\":\"https:\/\/www.imakeyousmile.se\/min-midsommarafton\/\",\"name\":\"Min midsommarafton | Imakeyousmile.se\",\"isPartOf\":{\"@id\":\"https:\/\/www.imakeyousmile.se\/en\/#website\"},\"primaryImageOfPage\":{\"@id\":\"https:\/\/www.imakeyousmile.se\/min-midsommarafton\/#primaryimage\"},\"datePublished\":\"2015-06-20T12:59:54+00:00\",\"dateModified\":\"2015-06-20T09:32:44+00:00\",\"description\":\"Min midsommarafton | Helena Amiley - H\\u00e4r hittar du senaste infromation om sk\\u00f6nhet, livsstil, entrepren\\u00f6rskap, makeup & tips.\",\"inLanguage\":\"en-US\",\"potentialAction\":[{\"@type\":\"ReadAction\",\"target\":[\"https:\/\/www.imakeyousmile.se\/min-midsommarafton\/\"]}]},{\"@type\":\"Article\",\"@id\":\"https:\/\/www.imakeyousmile.se\/min-midsommarafton\/#article\",\"isPartOf\":{\"@id\":\"https:\/\/www.imakeyousmile.se\/min-midsommarafton\/#webpage\"},\"author\":{\"@id\":\"https:\/\/www.imakeyousmile.se\/en\/#\/schema\/person\/b0fd43b1c6bb1c60cfd68bff9b4a10fb\"},\"headline\":\"Min midsommarafton\",\"datePublished\":\"2015-06-20T12:59:54+00:00\",\"dateModified\":\"2015-06-20T09:32:44+00:00\",\"mainEntityOfPage\":{\"@id\":\"https:\/\/www.imakeyousmile.se\/min-midsommarafton\/#webpage\"},\"commentCount\":5,\"publisher\":{\"@id\":\"https:\/\/www.imakeyousmile.se\/en\/#organization\"},\"image\":{\"@id\":\"https:\/\/www.imakeyousmile.se\/min-midsommarafton\/#primaryimage\"},\"articleSection\":\"\\u00d6vrigt\",\"inLanguage\":\"en-US\",\"potentialAction\":[{\"@type\":\"CommentAction\",\"name\":\"Comment\",\"target\":[\"https:\/\/www.imakeyousmile.se\/min-midsommarafton\/#respond\"]}]},{\"@type\":\"Person\",\"@id\":\"https:\/\/www.imakeyousmile.se\/en\/#\/schema\/person\/b0fd43b1c6bb1c60cfd68bff9b4a10fb\",\"name\":\"Helena Amiley\",\"image\":{\"@type\":\"ImageObject\",\"@id\":\"https:\/\/www.imakeyousmile.se\/en\/#personlogo\",\"inLanguage\":\"en-US\",\"url\":\"https:\/\/secure.gravatar.com\/avatar\/5645558e1e355457a23368d7e1b4c904?s=96&d=mm&r=g\",\"caption\":\"Helena Amiley\"},\"description\":\"Jag skriver mest om sk\\u00f6nhet men bjuder \\u00e4ven p\\u00e5 glimtar fr\\u00e5n entrepren\\u00f6rlivet och bygget av v\\u00e5r egen camper van. Vanlife here we come!\",\"sameAs\":[\"https:\/\/www.facebook.com\/imakeyousmile.se\",\"https:\/\/www.instagram.com\/helenaamiley\",\"https:\/\/www.youtube.com\/channel\/UCR5iB6rvpV6Yr8ZjpQfr5mg?view_as=subscriber\"]}]}<\/script>\n<!-- \/ Yoast SEO Premium plugin. -->","_links":{"self":[{"href":"https:\/\/www.imakeyousmile.se\/en\/wp-json\/wp\/v2\/posts\/20684"}],"collection":[{"href":"https:\/\/www.imakeyousmile.se\/en\/wp-json\/wp\/v2\/posts"}],"about":[{"href":"https:\/\/www.imakeyousmile.se\/en\/wp-json\/wp\/v2\/types\/post"}],"author":[{"embeddable":true,"href":"https:\/\/www.imakeyousmile.se\/en\/wp-json\/wp\/v2\/users\/30"}],"replies":[{"embeddable":true,"href":"https:\/\/www.imakeyousmile.se\/en\/wp-json\/wp\/v2\/comments?post=20684"}],"version-history":[{"count":3,"href":"https:\/\/www.imakeyousmile.se\/en\/wp-json\/wp\/v2\/posts\/20684\/revisions"}],"predecessor-version":[{"id":20701,"href":"https:\/\/www.imakeyousmile.se\/en\/wp-json\/wp\/v2\/posts\/20684\/revisions\/20701"}],"wp:featuredmedia":[{"embeddable":true,"href":"https:\/\/www.imakeyousmile.se\/en\/wp-json\/wp\/v2\/media\/20697"}],"wp:attachment":[{"href":"https:\/\/www.imakeyousmile.se\/en\/wp-json\/wp\/v2\/media?parent=20684"}],"wp:term":[{"taxonomy":"category","embeddable":true,"href":"https:\/\/www.imakeyousmile.se\/en\/wp-json\/wp\/v2\/categories?post=20684"},{"taxonomy":"post_tag","embeddable":true,"href":"https:\/\/www.imakeyousmile.se\/en\/wp-json\/wp\/v2\/tags?post=20684"}],"curies":[{"name":"wp","href":"https:\/\/api.w.org\/{rel}","templated":true}]}}