{"id":20926,"date":"2015-07-04T14:05:15","date_gmt":"2015-07-04T12:05:15","guid":{"rendered":"http:\/\/www.imakeyousmile.se\/?p=20926"},"modified":"2015-07-04T11:54:33","modified_gmt":"2015-07-04T09:54:33","slug":"vanja-sig-vid-fargglada-sminkningar-med-glasogon","status":"publish","type":"post","link":"https:\/\/www.imakeyousmile.se\/en\/get-used-to-colorful-makeup-with-glasses\/","title":{"rendered":"Get used to colorful make-up - with glasses"},"content":{"rendered":"<p>It makes me <em>so<\/em> heavenly happy that you appreciate my make-up with tips for you who want to use color but do not really dare \/ feel comfortable yet. It&#039;s hard when you&#039;re above, but so much fun once you get to it!<\/p>\n<p>And you do not need to have colorful around the whole eyes either, but it is super nice to match different colorful eye shadows with e.g. brown and black as well. Or just use colorful eyeliners and \/ or mascaras. So nice and it cheers life up a bit :)<\/p>\n<p>Another tip that I was going to show you now, it is for you who have glasses or like \/ want to start using fake glasses without strength (as I do). A pair of glasses is really good if you have to get used to color, it directly removes the &quot;childish feeling&quot; that many feel in the beginning, while it removes a large part of the focus on eye makeup. So a colorful make-up suddenly does not become as noticeable at all.<\/p>\n<p>This is how it looked <a href=\"http:\/\/www.imakeyousmile.se\/en\/lady-of-the-lake\/\" target=\"_blank\">yesterday&#039;s make-up<\/a> out with glasses:<\/p>\n<p><a href=\"http:\/\/www.imakeyousmile.se\/wp-content\/uploads\/2015\/07\/IMG_7950_111.jpg\"><img loading=\"lazy\" decoding=\"async\" class=\"alignnone size-full wp-image-20927\" src=\"http:\/\/www.imakeyousmile.se\/wp-content\/uploads\/2015\/07\/IMG_7950_111.jpg\" alt=\"IMG_7950_111\" width=\"1000\" height=\"922\" srcset=\"https:\/\/www.imakeyousmile.se\/wp-content\/uploads\/2015\/07\/IMG_7950_111.jpg 1000w, https:\/\/www.imakeyousmile.se\/wp-content\/uploads\/2015\/07\/IMG_7950_111-300x277.jpg 300w, https:\/\/www.imakeyousmile.se\/wp-content\/uploads\/2015\/07\/IMG_7950_111-700x645.jpg 700w, https:\/\/www.imakeyousmile.se\/wp-content\/uploads\/2015\/07\/IMG_7950_111-387x357.jpg 387w, https:\/\/www.imakeyousmile.se\/wp-content\/uploads\/2015\/07\/IMG_7950_111-524x483.jpg 524w\" sizes=\"(max-width: 1000px) 100vw, 1000px\" \/><\/a><\/p>\n<p>Fint va?<\/p>\n<p>Hope you all have a wonderful Saturday today. I myself will actually go out and dance in \u00d6regrund tonight! I have not been particularly party-hungry lately, but now I am incredibly thirsty for dance and will bounce around on the dance floor for hours :)<\/p>\n<p>So now it&#039;s a shower and then make-up time, I can not decide if I&#039;ve craving something discreet that goes fast or something more extreme that spice up my pretty classy outfit. It remains to be seen - will take photos for you anyway so you can see the result tomorrow!<\/p>\n<p>Kisses &amp; hugs \u2665<\/p>","protected":false},"excerpt":{"rendered":"<p>Det g\u00f6r mig s\u00e5 himla glad att ni uppskattar mina sminkningar med tips\u00a0f\u00f6r er som vill anv\u00e4nda f\u00e4rg men inte riktigt v\u00e5gar\/k\u00e4nner er\u00a0bekv\u00e4ma \u00e4n. Det \u00e4r sv\u00e5rt n\u00e4r man \u00e4r ovan, men s\u00e5\u00e5 kul n\u00e4r man v\u00e4l f\u00e5r till det! Och man beh\u00f6ver ju inte ha f\u00e4rgglatt kring hela \u00f6gonen heller, utan det \u00e4r supersnyggt [&hellip;]<\/p>\n","protected":false},"author":30,"featured_media":20927,"comment_status":"open","ping_status":"closed","sticky":false,"template":"","format":"standard","meta":{"footnotes":""},"categories":[3,59],"tags":[],"class_list":["post-20926","post","type-post","status-publish","format-standard","has-post-thumbnail","hentry","category-allmant","category-recensioner-produkttips"],"yoast_head":"<!-- This site is optimized with the Yoast SEO Premium plugin v14.9 - https:\/\/yoast.com\/wordpress\/plugins\/seo\/ -->\n<meta name=\"description\" content=\"V\u00e4nja sig vid f\u00e4rgglada sminkningar - med glas\u00f6gon | Helena Amiley - H\u00e4r hittar du senaste infromation om sk\u00f6nhet, livsstil, entrepren\u00f6rskap, makeup &amp; tips.\" \/>\n<meta name=\"robots\" content=\"index, follow, max-snippet:-1, max-image-preview:large, max-video-preview:-1\" \/>\n<link rel=\"canonical\" href=\"https:\/\/www.imakeyousmile.se\/en\/vanja-sig-vid-fargglada-sminkningar-med-glasogon\/\" \/>\n<meta property=\"og:locale\" content=\"en_US\" \/>\n<meta property=\"og:type\" content=\"article\" \/>\n<meta property=\"og:title\" content=\"V\u00e4nja sig vid f\u00e4rgglada sminkningar - med glas\u00f6gon | Imakeyousmile.se\" \/>\n<meta property=\"og:description\" content=\"V\u00e4nja sig vid f\u00e4rgglada sminkningar - med glas\u00f6gon | Helena Amiley - H\u00e4r hittar du senaste infromation om sk\u00f6nhet, livsstil, entrepren\u00f6rskap, makeup &amp; tips.\" \/>\n<meta property=\"og:url\" content=\"https:\/\/www.imakeyousmile.se\/en\/vanja-sig-vid-fargglada-sminkningar-med-glasogon\/\" \/>\n<meta property=\"og:site_name\" content=\"Imakeyousmile.se\" \/>\n<meta property=\"article:author\" content=\"https:\/\/www.facebook.com\/imakeyousmile.se\" \/>\n<meta property=\"article:published_time\" content=\"2015-07-04T12:05:15+00:00\" \/>\n<meta property=\"article:modified_time\" content=\"2015-07-04T09:54:33+00:00\" \/>\n<meta property=\"og:image\" content=\"https:\/\/www.imakeyousmile.se\/wp-content\/uploads\/2015\/07\/IMG_7950_111.jpg\" \/>\n\t<meta property=\"og:image:width\" content=\"1000\" \/>\n\t<meta property=\"og:image:height\" content=\"922\" \/>\n<meta name=\"twitter:card\" content=\"summary_large_image\" \/>\n<script type=\"application\/ld+json\" class=\"yoast-schema-graph\">{\"@context\":\"https:\/\/schema.org\",\"@graph\":[{\"@type\":\"Organization\",\"@id\":\"https:\/\/www.imakeyousmile.se\/en\/#organization\",\"name\":\"Imakeyousmile\",\"url\":\"https:\/\/www.imakeyousmile.se\/en\/\",\"sameAs\":[],\"logo\":{\"@type\":\"ImageObject\",\"@id\":\"https:\/\/www.imakeyousmile.se\/en\/#logo\",\"inLanguage\":\"en-US\",\"url\":\"https:\/\/www.imakeyousmile.se\/wp-content\/uploads\/2020\/10\/HELENA-AMILEY_SVART-1-e1603367975324.png\",\"width\":280,\"height\":93,\"caption\":\"Imakeyousmile\"},\"image\":{\"@id\":\"https:\/\/www.imakeyousmile.se\/en\/#logo\"}},{\"@type\":\"WebSite\",\"@id\":\"https:\/\/www.imakeyousmile.se\/en\/#website\",\"url\":\"https:\/\/www.imakeyousmile.se\/en\/\",\"name\":\"Imakeyousmile.se\",\"description\":\"Helena Amiley - Beauty, Entrepreneur, Lifestyle\",\"publisher\":{\"@id\":\"https:\/\/www.imakeyousmile.se\/en\/#organization\"},\"potentialAction\":[{\"@type\":\"SearchAction\",\"target\":\"https:\/\/www.imakeyousmile.se\/en\/?s={search_term_string}\",\"query-input\":\"required name=search_term_string\"}],\"inLanguage\":\"en-US\"},{\"@type\":\"ImageObject\",\"@id\":\"https:\/\/www.imakeyousmile.se\/vanja-sig-vid-fargglada-sminkningar-med-glasogon\/#primaryimage\",\"inLanguage\":\"en-US\",\"url\":\"https:\/\/www.imakeyousmile.se\/wp-content\/uploads\/2015\/07\/IMG_7950_111.jpg\",\"width\":1000,\"height\":922},{\"@type\":\"WebPage\",\"@id\":\"https:\/\/www.imakeyousmile.se\/vanja-sig-vid-fargglada-sminkningar-med-glasogon\/#webpage\",\"url\":\"https:\/\/www.imakeyousmile.se\/vanja-sig-vid-fargglada-sminkningar-med-glasogon\/\",\"name\":\"V\\u00e4nja sig vid f\\u00e4rgglada sminkningar - med glas\\u00f6gon | Imakeyousmile.se\",\"isPartOf\":{\"@id\":\"https:\/\/www.imakeyousmile.se\/en\/#website\"},\"primaryImageOfPage\":{\"@id\":\"https:\/\/www.imakeyousmile.se\/vanja-sig-vid-fargglada-sminkningar-med-glasogon\/#primaryimage\"},\"datePublished\":\"2015-07-04T12:05:15+00:00\",\"dateModified\":\"2015-07-04T09:54:33+00:00\",\"description\":\"V\\u00e4nja sig vid f\\u00e4rgglada sminkningar - med glas\\u00f6gon | Helena Amiley - H\\u00e4r hittar du senaste infromation om sk\\u00f6nhet, livsstil, entrepren\\u00f6rskap, makeup & tips.\",\"inLanguage\":\"en-US\",\"potentialAction\":[{\"@type\":\"ReadAction\",\"target\":[\"https:\/\/www.imakeyousmile.se\/vanja-sig-vid-fargglada-sminkningar-med-glasogon\/\"]}]},{\"@type\":\"Article\",\"@id\":\"https:\/\/www.imakeyousmile.se\/vanja-sig-vid-fargglada-sminkningar-med-glasogon\/#article\",\"isPartOf\":{\"@id\":\"https:\/\/www.imakeyousmile.se\/vanja-sig-vid-fargglada-sminkningar-med-glasogon\/#webpage\"},\"author\":{\"@id\":\"https:\/\/www.imakeyousmile.se\/en\/#\/schema\/person\/b0fd43b1c6bb1c60cfd68bff9b4a10fb\"},\"headline\":\"V\\u00e4nja sig vid f\\u00e4rgglada sminkningar &#8211; med glas\\u00f6gon\",\"datePublished\":\"2015-07-04T12:05:15+00:00\",\"dateModified\":\"2015-07-04T09:54:33+00:00\",\"mainEntityOfPage\":{\"@id\":\"https:\/\/www.imakeyousmile.se\/vanja-sig-vid-fargglada-sminkningar-med-glasogon\/#webpage\"},\"commentCount\":0,\"publisher\":{\"@id\":\"https:\/\/www.imakeyousmile.se\/en\/#organization\"},\"image\":{\"@id\":\"https:\/\/www.imakeyousmile.se\/vanja-sig-vid-fargglada-sminkningar-med-glasogon\/#primaryimage\"},\"articleSection\":\"\\u00d6vrigt,Recensioner &amp; Produkttips\",\"inLanguage\":\"en-US\",\"potentialAction\":[{\"@type\":\"CommentAction\",\"name\":\"Comment\",\"target\":[\"https:\/\/www.imakeyousmile.se\/vanja-sig-vid-fargglada-sminkningar-med-glasogon\/#respond\"]}]},{\"@type\":\"Person\",\"@id\":\"https:\/\/www.imakeyousmile.se\/en\/#\/schema\/person\/b0fd43b1c6bb1c60cfd68bff9b4a10fb\",\"name\":\"Helena Amiley\",\"image\":{\"@type\":\"ImageObject\",\"@id\":\"https:\/\/www.imakeyousmile.se\/en\/#personlogo\",\"inLanguage\":\"en-US\",\"url\":\"https:\/\/secure.gravatar.com\/avatar\/5645558e1e355457a23368d7e1b4c904?s=96&d=mm&r=g\",\"caption\":\"Helena Amiley\"},\"description\":\"Jag skriver mest om sk\\u00f6nhet men bjuder \\u00e4ven p\\u00e5 glimtar fr\\u00e5n entrepren\\u00f6rlivet och bygget av v\\u00e5r egen camper van. Vanlife here we come!\",\"sameAs\":[\"https:\/\/www.facebook.com\/imakeyousmile.se\",\"https:\/\/www.instagram.com\/helenaamiley\",\"https:\/\/www.youtube.com\/channel\/UCR5iB6rvpV6Yr8ZjpQfr5mg?view_as=subscriber\"]}]}<\/script>\n<!-- \/ Yoast SEO Premium plugin. -->","_links":{"self":[{"href":"https:\/\/www.imakeyousmile.se\/en\/wp-json\/wp\/v2\/posts\/20926"}],"collection":[{"href":"https:\/\/www.imakeyousmile.se\/en\/wp-json\/wp\/v2\/posts"}],"about":[{"href":"https:\/\/www.imakeyousmile.se\/en\/wp-json\/wp\/v2\/types\/post"}],"author":[{"embeddable":true,"href":"https:\/\/www.imakeyousmile.se\/en\/wp-json\/wp\/v2\/users\/30"}],"replies":[{"embeddable":true,"href":"https:\/\/www.imakeyousmile.se\/en\/wp-json\/wp\/v2\/comments?post=20926"}],"version-history":[{"count":3,"href":"https:\/\/www.imakeyousmile.se\/en\/wp-json\/wp\/v2\/posts\/20926\/revisions"}],"predecessor-version":[{"id":20930,"href":"https:\/\/www.imakeyousmile.se\/en\/wp-json\/wp\/v2\/posts\/20926\/revisions\/20930"}],"wp:featuredmedia":[{"embeddable":true,"href":"https:\/\/www.imakeyousmile.se\/en\/wp-json\/wp\/v2\/media\/20927"}],"wp:attachment":[{"href":"https:\/\/www.imakeyousmile.se\/en\/wp-json\/wp\/v2\/media?parent=20926"}],"wp:term":[{"taxonomy":"category","embeddable":true,"href":"https:\/\/www.imakeyousmile.se\/en\/wp-json\/wp\/v2\/categories?post=20926"},{"taxonomy":"post_tag","embeddable":true,"href":"https:\/\/www.imakeyousmile.se\/en\/wp-json\/wp\/v2\/tags?post=20926"}],"curies":[{"name":"wp","href":"https:\/\/api.w.org\/{rel}","templated":true}]}}