{"id":21211,"date":"2015-07-22T13:20:49","date_gmt":"2015-07-22T11:20:49","guid":{"rendered":"http:\/\/www.imakeyousmile.se\/?p=21211"},"modified":"2015-07-22T13:20:49","modified_gmt":"2015-07-22T11:20:49","slug":"farga-ljusa-ogonbryn-2","status":"publish","type":"post","link":"https:\/\/www.imakeyousmile.se\/en\/color-light-eyebrows-2\/","title":{"rendered":"Color bright eyebrows"},"content":{"rendered":"<p>I have not put on make-up for several days now, and it has been very nice, I must admit, but now I am starting to get real abstinence, I feel! So I&#039;ll stuff myself with some lunch now and then get loose in front of the makeup mirror.<\/p>\n<p>Because I, who will not take any holidays at all this year, try to have a little calmer days now during the summer anyway, so it will be a little faster post instead. I hope you do not find it boring, but I know you do not sit at the computer as much so you may not even notice it? Tell me in such cases :)<\/p>\n<p>But before I start with today&#039;s make - up, I have to show you an eyebrow customer that I just had here, took before and after pictures:<\/p>\n<p><a href=\"http:\/\/www.imakeyousmile.se\/wp-content\/uploads\/2015\/07\/f\u00e4rga-blonda-\u00f6gonbryn.jpg\"><img loading=\"lazy\" decoding=\"async\" class=\"alignnone size-full wp-image-21212\" src=\"http:\/\/www.imakeyousmile.se\/wp-content\/uploads\/2015\/07\/f\u00e4rga-blonda-\u00f6gonbryn.jpg\" alt=\"color-blonde-eyebrows\" width=\"988\" height=\"1109\" srcset=\"https:\/\/www.imakeyousmile.se\/wp-content\/uploads\/2015\/07\/f\u00e4rga-blonda-\u00f6gonbryn.jpg 988w, https:\/\/www.imakeyousmile.se\/wp-content\/uploads\/2015\/07\/f\u00e4rga-blonda-\u00f6gonbryn-267x300.jpg 267w, https:\/\/www.imakeyousmile.se\/wp-content\/uploads\/2015\/07\/f\u00e4rga-blonda-\u00f6gonbryn-912x1024.jpg 912w, https:\/\/www.imakeyousmile.se\/wp-content\/uploads\/2015\/07\/f\u00e4rga-blonda-\u00f6gonbryn-696x781.jpg 696w, https:\/\/www.imakeyousmile.se\/wp-content\/uploads\/2015\/07\/f\u00e4rga-blonda-\u00f6gonbryn-374x420.jpg 374w\" sizes=\"(max-width: 988px) 100vw, 988px\" \/><\/a><\/p>\n<p>The top picture is a model, the middle picture is the result after picking and coloring, and the bottom picture is after a little filling with Beneco&#039;s eyebrow pencil \u201d<a href=\"https:\/\/ion.jordklok.se\/t\/t?a=1236848151&#038;as=1548102449&#038;t=2&#038;tk=1&#038;epi=search-replace-benecosbrows&#038;url=https:\/\/www.jordklok.se\/sv\/articles\/2.83.3593\/benecos-natural-eyebrow-designer-105-g?q=Benecos%20Natural%20Eyebrow%20Designer,%201,05%20g\" target=\"_blank\">Eyebrow Designer Blonde<\/a>\u201d. It is out of stock but will come next week, Benecos has a holiday.<\/p>\n<p>Nice result huh? Still bright and natural, but much more shapely. I love to fix blonde eyebrows, because even though you pick and cut a lot, it always ends with the eyebrows looking fuller and denser, so fun :) It looks like you have put straw there instead!<\/p>\n<p>Now I&#039;m going to run home to my mother, Miska is there and just texted \u201d<em>lunch is ready at half past one<\/em>\u201d. I&#039;m so spoiled :)<\/p>\n<p>Hugs are \u2665<\/p>","protected":false},"excerpt":{"rendered":"<p>Jag har inte sminkat mig p\u00e5 flera dagar nu, och det har varit v\u00e4ldigt sk\u00f6nt m\u00e5ste jag erk\u00e4nna, men nu b\u00f6rjar jag f\u00e5 riktig abstinens k\u00e4nner jag! S\u00e5 jag ska stoppa i mig lite lunch nu och sedan g\u00e5 loss framf\u00f6r sminkspegeln. F\u00f6r jag som inte kommer ta n\u00e5gon semester alls i \u00e5r f\u00f6rs\u00f6ker ha [&hellip;]<\/p>\n","protected":false},"author":30,"featured_media":21212,"comment_status":"open","ping_status":"closed","sticky":false,"template":"","format":"standard","meta":{"footnotes":""},"categories":[12],"tags":[3849,3536,3850,3848],"class_list":["post-21211","post","type-post","status-publish","format-standard","has-post-thumbnail","hentry","category-ogonbryn","tag-blonda-ogonbryn","tag-farga-ljusa-ogonbryn","tag-ljusa-ogonbryn","tag-sminka-blonda-ogonbryn"],"yoast_head":"<!-- This site is optimized with the Yoast SEO Premium plugin v14.9 - https:\/\/yoast.com\/wordpress\/plugins\/seo\/ -->\n<meta name=\"description\" content=\"F\u00e4rga ljusa \u00f6gonbryn | Helena Amiley - H\u00e4r hittar du senaste infromation om sk\u00f6nhet, livsstil, entrepren\u00f6rskap, makeup &amp; tips.\" \/>\n<meta name=\"robots\" content=\"index, follow, max-snippet:-1, max-image-preview:large, max-video-preview:-1\" \/>\n<link rel=\"canonical\" href=\"https:\/\/www.imakeyousmile.se\/en\/farga-ljusa-ogonbryn-2\/\" \/>\n<meta property=\"og:locale\" content=\"en_US\" \/>\n<meta property=\"og:type\" content=\"article\" \/>\n<meta property=\"og:title\" content=\"F\u00e4rga ljusa \u00f6gonbryn | Imakeyousmile.se\" \/>\n<meta property=\"og:description\" content=\"F\u00e4rga ljusa \u00f6gonbryn | Helena Amiley - H\u00e4r hittar du senaste infromation om sk\u00f6nhet, livsstil, entrepren\u00f6rskap, makeup &amp; tips.\" \/>\n<meta property=\"og:url\" content=\"https:\/\/www.imakeyousmile.se\/en\/farga-ljusa-ogonbryn-2\/\" \/>\n<meta property=\"og:site_name\" content=\"Imakeyousmile.se\" \/>\n<meta property=\"article:author\" content=\"https:\/\/www.facebook.com\/imakeyousmile.se\" \/>\n<meta property=\"article:published_time\" content=\"2015-07-22T11:20:49+00:00\" \/>\n<meta property=\"og:image\" content=\"https:\/\/www.imakeyousmile.se\/wp-content\/uploads\/2015\/07\/f\u00e4rga-blonda-\u00f6gonbryn.jpg\" \/>\n\t<meta property=\"og:image:width\" content=\"988\" \/>\n\t<meta property=\"og:image:height\" content=\"1109\" \/>\n<meta name=\"twitter:card\" content=\"summary_large_image\" \/>\n<script type=\"application\/ld+json\" class=\"yoast-schema-graph\">{\"@context\":\"https:\/\/schema.org\",\"@graph\":[{\"@type\":\"Organization\",\"@id\":\"https:\/\/www.imakeyousmile.se\/en\/#organization\",\"name\":\"Imakeyousmile\",\"url\":\"https:\/\/www.imakeyousmile.se\/en\/\",\"sameAs\":[],\"logo\":{\"@type\":\"ImageObject\",\"@id\":\"https:\/\/www.imakeyousmile.se\/en\/#logo\",\"inLanguage\":\"en-US\",\"url\":\"https:\/\/www.imakeyousmile.se\/wp-content\/uploads\/2020\/10\/HELENA-AMILEY_SVART-1-e1603367975324.png\",\"width\":280,\"height\":93,\"caption\":\"Imakeyousmile\"},\"image\":{\"@id\":\"https:\/\/www.imakeyousmile.se\/en\/#logo\"}},{\"@type\":\"WebSite\",\"@id\":\"https:\/\/www.imakeyousmile.se\/en\/#website\",\"url\":\"https:\/\/www.imakeyousmile.se\/en\/\",\"name\":\"Imakeyousmile.se\",\"description\":\"Helena Amiley - Beauty, Entrepreneur, Lifestyle\",\"publisher\":{\"@id\":\"https:\/\/www.imakeyousmile.se\/en\/#organization\"},\"potentialAction\":[{\"@type\":\"SearchAction\",\"target\":\"https:\/\/www.imakeyousmile.se\/en\/?s={search_term_string}\",\"query-input\":\"required name=search_term_string\"}],\"inLanguage\":\"en-US\"},{\"@type\":\"ImageObject\",\"@id\":\"https:\/\/www.imakeyousmile.se\/farga-ljusa-ogonbryn-2\/#primaryimage\",\"inLanguage\":\"en-US\",\"url\":\"https:\/\/www.imakeyousmile.se\/wp-content\/uploads\/2015\/07\/f\\u00e4rga-blonda-\\u00f6gonbryn.jpg\",\"width\":988,\"height\":1109},{\"@type\":\"WebPage\",\"@id\":\"https:\/\/www.imakeyousmile.se\/farga-ljusa-ogonbryn-2\/#webpage\",\"url\":\"https:\/\/www.imakeyousmile.se\/farga-ljusa-ogonbryn-2\/\",\"name\":\"F\\u00e4rga ljusa \\u00f6gonbryn | Imakeyousmile.se\",\"isPartOf\":{\"@id\":\"https:\/\/www.imakeyousmile.se\/en\/#website\"},\"primaryImageOfPage\":{\"@id\":\"https:\/\/www.imakeyousmile.se\/farga-ljusa-ogonbryn-2\/#primaryimage\"},\"datePublished\":\"2015-07-22T11:20:49+00:00\",\"dateModified\":\"2015-07-22T11:20:49+00:00\",\"description\":\"F\\u00e4rga ljusa \\u00f6gonbryn | Helena Amiley - H\\u00e4r hittar du senaste infromation om sk\\u00f6nhet, livsstil, entrepren\\u00f6rskap, makeup & tips.\",\"inLanguage\":\"en-US\",\"potentialAction\":[{\"@type\":\"ReadAction\",\"target\":[\"https:\/\/www.imakeyousmile.se\/farga-ljusa-ogonbryn-2\/\"]}]},{\"@type\":\"Article\",\"@id\":\"https:\/\/www.imakeyousmile.se\/farga-ljusa-ogonbryn-2\/#article\",\"isPartOf\":{\"@id\":\"https:\/\/www.imakeyousmile.se\/farga-ljusa-ogonbryn-2\/#webpage\"},\"author\":{\"@id\":\"https:\/\/www.imakeyousmile.se\/en\/#\/schema\/person\/b0fd43b1c6bb1c60cfd68bff9b4a10fb\"},\"headline\":\"F\\u00e4rga ljusa \\u00f6gonbryn\",\"datePublished\":\"2015-07-22T11:20:49+00:00\",\"dateModified\":\"2015-07-22T11:20:49+00:00\",\"mainEntityOfPage\":{\"@id\":\"https:\/\/www.imakeyousmile.se\/farga-ljusa-ogonbryn-2\/#webpage\"},\"commentCount\":4,\"publisher\":{\"@id\":\"https:\/\/www.imakeyousmile.se\/en\/#organization\"},\"image\":{\"@id\":\"https:\/\/www.imakeyousmile.se\/farga-ljusa-ogonbryn-2\/#primaryimage\"},\"keywords\":\"blonda \\u00f6gonbryn,f\\u00e4rga ljusa \\u00f6gonbryn,ljusa \\u00f6gonbryn,sminka blonda \\u00f6gonbryn\",\"articleSection\":\"\\u00d6gonbryn\",\"inLanguage\":\"en-US\",\"potentialAction\":[{\"@type\":\"CommentAction\",\"name\":\"Comment\",\"target\":[\"https:\/\/www.imakeyousmile.se\/farga-ljusa-ogonbryn-2\/#respond\"]}]},{\"@type\":\"Person\",\"@id\":\"https:\/\/www.imakeyousmile.se\/en\/#\/schema\/person\/b0fd43b1c6bb1c60cfd68bff9b4a10fb\",\"name\":\"Helena Amiley\",\"image\":{\"@type\":\"ImageObject\",\"@id\":\"https:\/\/www.imakeyousmile.se\/en\/#personlogo\",\"inLanguage\":\"en-US\",\"url\":\"https:\/\/secure.gravatar.com\/avatar\/5645558e1e355457a23368d7e1b4c904?s=96&d=mm&r=g\",\"caption\":\"Helena Amiley\"},\"description\":\"Jag skriver mest om sk\\u00f6nhet men bjuder \\u00e4ven p\\u00e5 glimtar fr\\u00e5n entrepren\\u00f6rlivet och bygget av v\\u00e5r egen camper van. Vanlife here we come!\",\"sameAs\":[\"https:\/\/www.facebook.com\/imakeyousmile.se\",\"https:\/\/www.instagram.com\/helenaamiley\",\"https:\/\/www.youtube.com\/channel\/UCR5iB6rvpV6Yr8ZjpQfr5mg?view_as=subscriber\"]}]}<\/script>\n<!-- \/ Yoast SEO Premium plugin. -->","_links":{"self":[{"href":"https:\/\/www.imakeyousmile.se\/en\/wp-json\/wp\/v2\/posts\/21211"}],"collection":[{"href":"https:\/\/www.imakeyousmile.se\/en\/wp-json\/wp\/v2\/posts"}],"about":[{"href":"https:\/\/www.imakeyousmile.se\/en\/wp-json\/wp\/v2\/types\/post"}],"author":[{"embeddable":true,"href":"https:\/\/www.imakeyousmile.se\/en\/wp-json\/wp\/v2\/users\/30"}],"replies":[{"embeddable":true,"href":"https:\/\/www.imakeyousmile.se\/en\/wp-json\/wp\/v2\/comments?post=21211"}],"version-history":[{"count":2,"href":"https:\/\/www.imakeyousmile.se\/en\/wp-json\/wp\/v2\/posts\/21211\/revisions"}],"predecessor-version":[{"id":21214,"href":"https:\/\/www.imakeyousmile.se\/en\/wp-json\/wp\/v2\/posts\/21211\/revisions\/21214"}],"wp:featuredmedia":[{"embeddable":true,"href":"https:\/\/www.imakeyousmile.se\/en\/wp-json\/wp\/v2\/media\/21212"}],"wp:attachment":[{"href":"https:\/\/www.imakeyousmile.se\/en\/wp-json\/wp\/v2\/media?parent=21211"}],"wp:term":[{"taxonomy":"category","embeddable":true,"href":"https:\/\/www.imakeyousmile.se\/en\/wp-json\/wp\/v2\/categories?post=21211"},{"taxonomy":"post_tag","embeddable":true,"href":"https:\/\/www.imakeyousmile.se\/en\/wp-json\/wp\/v2\/tags?post=21211"}],"curies":[{"name":"wp","href":"https:\/\/api.w.org\/{rel}","templated":true}]}}