{"id":21272,"date":"2015-07-27T10:35:54","date_gmt":"2015-07-27T08:35:54","guid":{"rendered":"http:\/\/www.imakeyousmile.se\/?p=21272"},"modified":"2015-07-27T10:35:54","modified_gmt":"2015-07-27T08:35:54","slug":"pafyllning-av-pixi","status":"publish","type":"post","link":"https:\/\/www.imakeyousmile.se\/en\/filling-of-pixi\/","title":{"rendered":"Refilling Pixi"},"content":{"rendered":"<p>Today I have stocked up on Pixi products!<\/p>\n<p>It has been sold out a lot, and since it is holiday time, I have not been able to order until now. But now so :)<\/p>\n<p>Here is a selection of popular products that have been out of stock but are now available again:<\/p>\n<p><a href=\"http:\/\/www.imakeyousmile.se\/wp-content\/uploads\/2015\/07\/pixi-concealer-f\u00f6re-efter_1111.jpg\"><img loading=\"lazy\" decoding=\"async\" class=\"alignnone size-full wp-image-21273\" src=\"http:\/\/www.imakeyousmile.se\/wp-content\/uploads\/2015\/07\/pixi-concealer-f\u00f6re-efter_1111.jpg\" alt=\"pixi-concealer-before-after_111\" width=\"2000\" height=\"729\" srcset=\"https:\/\/www.imakeyousmile.se\/wp-content\/uploads\/2015\/07\/pixi-concealer-f\u00f6re-efter_1111.jpg 2000w, https:\/\/www.imakeyousmile.se\/wp-content\/uploads\/2015\/07\/pixi-concealer-f\u00f6re-efter_1111-300x109.jpg 300w, https:\/\/www.imakeyousmile.se\/wp-content\/uploads\/2015\/07\/pixi-concealer-f\u00f6re-efter_1111-1024x373.jpg 1024w, https:\/\/www.imakeyousmile.se\/wp-content\/uploads\/2015\/07\/pixi-concealer-f\u00f6re-efter_1111-696x254.jpg 696w, https:\/\/www.imakeyousmile.se\/wp-content\/uploads\/2015\/07\/pixi-concealer-f\u00f6re-efter_1111-1068x389.jpg 1068w, https:\/\/www.imakeyousmile.se\/wp-content\/uploads\/2015\/07\/pixi-concealer-f\u00f6re-efter_1111-1152x420.jpg 1152w\" sizes=\"(max-width: 2000px) 100vw, 2000px\" \/><\/a><\/p>\n<p><a href=\"https:\/\/ion.lyko.com\/t\/t?a=1117786221&#038;as=1548102449&#038;t=2&#038;tk=1&#038;epi=search-replace-pixi-correction&#038;url=https:\/\/lyko.com\/sv\/pixi\/pixi-correction-concentrate\/\" target=\"_blank\">Pixi Correction Concentrate Concealer<\/a>, which you see before and after pictures above. A fantastic concealer that gives a comprehensive and natural result!<\/p>\n<p><a href=\"http:\/\/www.imakeyousmile.se\/wp-content\/uploads\/2015\/07\/pixi-redness-reducing-green-primer.jpg\"><img loading=\"lazy\" decoding=\"async\" class=\"alignnone size-full wp-image-21274\" src=\"http:\/\/www.imakeyousmile.se\/wp-content\/uploads\/2015\/07\/pixi-redness-reducing-green-primer.jpg\" alt=\"pixi-redness-reducing-green-primer\" width=\"2000\" height=\"1358\" srcset=\"https:\/\/www.imakeyousmile.se\/wp-content\/uploads\/2015\/07\/pixi-redness-reducing-green-primer.jpg 2000w, https:\/\/www.imakeyousmile.se\/wp-content\/uploads\/2015\/07\/pixi-redness-reducing-green-primer-300x204.jpg 300w, https:\/\/www.imakeyousmile.se\/wp-content\/uploads\/2015\/07\/pixi-redness-reducing-green-primer-1024x695.jpg 1024w, https:\/\/www.imakeyousmile.se\/wp-content\/uploads\/2015\/07\/pixi-redness-reducing-green-primer-696x473.jpg 696w, https:\/\/www.imakeyousmile.se\/wp-content\/uploads\/2015\/07\/pixi-redness-reducing-green-primer-1068x725.jpg 1068w, https:\/\/www.imakeyousmile.se\/wp-content\/uploads\/2015\/07\/pixi-redness-reducing-green-primer-619x420.jpg 619w\" sizes=\"(max-width: 2000px) 100vw, 2000px\" \/><\/a><\/p>\n<p>In this picture you see a face primer that neutralizes red tones, so there is no coverage at all but still the red is so much milder. It is <a href=\"https:\/\/ion.lyko.com\/t\/t?a=1117786221&#038;as=1548102449&#038;t=2&#038;tk=1&#038;epi=search-replace-pixi-redness&#038;url=https:\/\/lyko.com\/sv\/sok?q=pixi+primer\/\" target=\"_blank\">Pixi Redness Reducing Primer<\/a> I have used, which is now back in stock again :)<\/p>\n<p><a href=\"http:\/\/www.imakeyousmile.se\/wp-content\/uploads\/2015\/07\/IMG_8628_111.jpg\"><img loading=\"lazy\" decoding=\"async\" class=\"alignnone size-full wp-image-21028\" src=\"http:\/\/www.imakeyousmile.se\/wp-content\/uploads\/2015\/07\/IMG_8628_111.jpg\" alt=\"IMG_8628_111\" width=\"1890\" height=\"1350\" srcset=\"https:\/\/www.imakeyousmile.se\/wp-content\/uploads\/2015\/07\/IMG_8628_111.jpg 1890w, https:\/\/www.imakeyousmile.se\/wp-content\/uploads\/2015\/07\/IMG_8628_111-300x214.jpg 300w, https:\/\/www.imakeyousmile.se\/wp-content\/uploads\/2015\/07\/IMG_8628_111-1024x731.jpg 1024w, https:\/\/www.imakeyousmile.se\/wp-content\/uploads\/2015\/07\/IMG_8628_111-700x500.jpg 700w, https:\/\/www.imakeyousmile.se\/wp-content\/uploads\/2015\/07\/IMG_8628_111-500x357.jpg 500w, https:\/\/www.imakeyousmile.se\/wp-content\/uploads\/2015\/07\/IMG_8628_111-676x483.jpg 676w\" sizes=\"(max-width: 1890px) 100vw, 1890px\" \/><\/a><\/p>\n<p>The multi-product <a href=\"http:\/\/creativemakeup.se\/produkt\/pixi-lid-line\/\" target=\"_blank\">Pixi Lid &amp; Line<\/a> has been finished in the shade Smokey Olive, nice huh? :)<\/p>\n<p><a href=\"http:\/\/www.imakeyousmile.se\/wp-content\/uploads\/2015\/06\/pixi-h2o-skintint-f\u00f6re-efter.jpg\"><img loading=\"lazy\" decoding=\"async\" class=\"alignnone size-full wp-image-20462\" src=\"http:\/\/www.imakeyousmile.se\/wp-content\/uploads\/2015\/06\/pixi-h2o-skintint-f\u00f6re-efter.jpg\" alt=\"pixi-h2o-skintint-before-after\" width=\"2148\" height=\"1531\" srcset=\"https:\/\/www.imakeyousmile.se\/wp-content\/uploads\/2015\/06\/pixi-h2o-skintint-f\u00f6re-efter.jpg 2148w, https:\/\/www.imakeyousmile.se\/wp-content\/uploads\/2015\/06\/pixi-h2o-skintint-f\u00f6re-efter-300x214.jpg 300w, https:\/\/www.imakeyousmile.se\/wp-content\/uploads\/2015\/06\/pixi-h2o-skintint-f\u00f6re-efter-1024x730.jpg 1024w, https:\/\/www.imakeyousmile.se\/wp-content\/uploads\/2015\/06\/pixi-h2o-skintint-f\u00f6re-efter-700x499.jpg 700w, https:\/\/www.imakeyousmile.se\/wp-content\/uploads\/2015\/06\/pixi-h2o-skintint-f\u00f6re-efter-501x357.jpg 501w, https:\/\/www.imakeyousmile.se\/wp-content\/uploads\/2015\/06\/pixi-h2o-skintint-f\u00f6re-efter-678x483.jpg 678w\" sizes=\"(max-width: 2148px) 100vw, 2148px\" \/><\/a><\/p>\n<p>And in this last before and after picture you see the result <a href=\"https:\/\/ion.lyko.com\/t\/t?a=1117786221&#038;as=1548102449&#038;t=2&#038;tk=1&#038;epi=search-replace-skintint&#038;url=https:\/\/lyko.com\/sv\/pixi\/pixi-h2o-skintint-2nude\" target=\"_blank\">Pixi H2O Skintint<\/a>, which is a colored gel that gives an incredibly natural and lasting result, love! And now the shade Nude is in stock again :)<\/p>\n<p>If you want to read more about the products, check them out at Byher.se, you can both read general product info and click on the tips tab where you see application tips, more pictures and things that are good to know when to use the product!<\/p>\n<p>Everything that has been out of stock is now back except for the eyeshadow primer which was out of stock at my distributor, unfortunately, I only saw it now when I got the goods home. I know that several of you have asked about it, but unfortunately it will take a while longer.<\/p>\n<p>But soon I will actually bring in the entire Pixi range, fun ?! :) All their products are so heavenly good!<\/p>\n<p>Hugs are \u2665<\/p>","protected":false},"excerpt":{"rendered":"<p>Idag\u00a0har jag fyllt p\u00e5 lagret med Pixi-produkter! Det har varit en hel del sluts\u00e5lt, och eftersom det \u00e4r semestertider s\u00e5 har jag inte kunnat best\u00e4lla f\u00f6rr\u00e4n nu. Men nu s\u00e5 :) H\u00e4r \u00e4r ett urval av popul\u00e4ra produkter som varit slut men som nu finns igen: Pixi Correction Concentrate Concealer, som ni ser f\u00f6re- och [&hellip;]<\/p>\n","protected":false},"author":30,"featured_media":21273,"comment_status":"open","ping_status":"closed","sticky":false,"template":"","format":"standard","meta":{"footnotes":""},"categories":[3],"tags":[3688],"class_list":["post-21272","post","type-post","status-publish","format-standard","has-post-thumbnail","hentry","category-allmant","tag-pixi-sverige"],"yoast_head":"<!-- This site is optimized with the Yoast SEO Premium plugin v14.9 - https:\/\/yoast.com\/wordpress\/plugins\/seo\/ -->\n<meta name=\"description\" content=\"P\u00e5fyllning av Pixi | Helena Amiley - H\u00e4r hittar du senaste infromation om sk\u00f6nhet, livsstil, entrepren\u00f6rskap, makeup &amp; tips.\" \/>\n<meta name=\"robots\" content=\"index, follow, max-snippet:-1, max-image-preview:large, max-video-preview:-1\" \/>\n<link rel=\"canonical\" href=\"https:\/\/www.imakeyousmile.se\/en\/pafyllning-av-pixi\/\" \/>\n<meta property=\"og:locale\" content=\"en_US\" \/>\n<meta property=\"og:type\" content=\"article\" \/>\n<meta property=\"og:title\" content=\"P\u00e5fyllning av Pixi | Imakeyousmile.se\" \/>\n<meta property=\"og:description\" content=\"P\u00e5fyllning av Pixi | Helena Amiley - H\u00e4r hittar du senaste infromation om sk\u00f6nhet, livsstil, entrepren\u00f6rskap, makeup &amp; tips.\" \/>\n<meta property=\"og:url\" content=\"https:\/\/www.imakeyousmile.se\/en\/pafyllning-av-pixi\/\" \/>\n<meta property=\"og:site_name\" content=\"Imakeyousmile.se\" \/>\n<meta property=\"article:author\" content=\"https:\/\/www.facebook.com\/imakeyousmile.se\" \/>\n<meta property=\"article:published_time\" content=\"2015-07-27T08:35:54+00:00\" \/>\n<meta property=\"og:image\" content=\"https:\/\/www.imakeyousmile.se\/wp-content\/uploads\/2015\/07\/pixi-concealer-f\u00f6re-efter_1111.jpg\" \/>\n\t<meta property=\"og:image:width\" content=\"2000\" \/>\n\t<meta property=\"og:image:height\" content=\"729\" \/>\n<meta name=\"twitter:card\" content=\"summary_large_image\" \/>\n<script type=\"application\/ld+json\" class=\"yoast-schema-graph\">{\"@context\":\"https:\/\/schema.org\",\"@graph\":[{\"@type\":\"Organization\",\"@id\":\"https:\/\/www.imakeyousmile.se\/en\/#organization\",\"name\":\"Imakeyousmile\",\"url\":\"https:\/\/www.imakeyousmile.se\/en\/\",\"sameAs\":[],\"logo\":{\"@type\":\"ImageObject\",\"@id\":\"https:\/\/www.imakeyousmile.se\/en\/#logo\",\"inLanguage\":\"en-US\",\"url\":\"https:\/\/www.imakeyousmile.se\/wp-content\/uploads\/2020\/10\/HELENA-AMILEY_SVART-1-e1603367975324.png\",\"width\":280,\"height\":93,\"caption\":\"Imakeyousmile\"},\"image\":{\"@id\":\"https:\/\/www.imakeyousmile.se\/en\/#logo\"}},{\"@type\":\"WebSite\",\"@id\":\"https:\/\/www.imakeyousmile.se\/en\/#website\",\"url\":\"https:\/\/www.imakeyousmile.se\/en\/\",\"name\":\"Imakeyousmile.se\",\"description\":\"Helena Amiley - Beauty, Entrepreneur, Lifestyle\",\"publisher\":{\"@id\":\"https:\/\/www.imakeyousmile.se\/en\/#organization\"},\"potentialAction\":[{\"@type\":\"SearchAction\",\"target\":\"https:\/\/www.imakeyousmile.se\/en\/?s={search_term_string}\",\"query-input\":\"required name=search_term_string\"}],\"inLanguage\":\"en-US\"},{\"@type\":\"ImageObject\",\"@id\":\"https:\/\/www.imakeyousmile.se\/pafyllning-av-pixi\/#primaryimage\",\"inLanguage\":\"en-US\",\"url\":\"https:\/\/www.imakeyousmile.se\/wp-content\/uploads\/2015\/07\/pixi-concealer-f\\u00f6re-efter_1111.jpg\",\"width\":2000,\"height\":729},{\"@type\":\"WebPage\",\"@id\":\"https:\/\/www.imakeyousmile.se\/pafyllning-av-pixi\/#webpage\",\"url\":\"https:\/\/www.imakeyousmile.se\/pafyllning-av-pixi\/\",\"name\":\"P\\u00e5fyllning av Pixi | Imakeyousmile.se\",\"isPartOf\":{\"@id\":\"https:\/\/www.imakeyousmile.se\/en\/#website\"},\"primaryImageOfPage\":{\"@id\":\"https:\/\/www.imakeyousmile.se\/pafyllning-av-pixi\/#primaryimage\"},\"datePublished\":\"2015-07-27T08:35:54+00:00\",\"dateModified\":\"2015-07-27T08:35:54+00:00\",\"description\":\"P\\u00e5fyllning av Pixi | Helena Amiley - H\\u00e4r hittar du senaste infromation om sk\\u00f6nhet, livsstil, entrepren\\u00f6rskap, makeup & tips.\",\"inLanguage\":\"en-US\",\"potentialAction\":[{\"@type\":\"ReadAction\",\"target\":[\"https:\/\/www.imakeyousmile.se\/pafyllning-av-pixi\/\"]}]},{\"@type\":\"Article\",\"@id\":\"https:\/\/www.imakeyousmile.se\/pafyllning-av-pixi\/#article\",\"isPartOf\":{\"@id\":\"https:\/\/www.imakeyousmile.se\/pafyllning-av-pixi\/#webpage\"},\"author\":{\"@id\":\"https:\/\/www.imakeyousmile.se\/en\/#\/schema\/person\/b0fd43b1c6bb1c60cfd68bff9b4a10fb\"},\"headline\":\"P\\u00e5fyllning av Pixi\",\"datePublished\":\"2015-07-27T08:35:54+00:00\",\"dateModified\":\"2015-07-27T08:35:54+00:00\",\"mainEntityOfPage\":{\"@id\":\"https:\/\/www.imakeyousmile.se\/pafyllning-av-pixi\/#webpage\"},\"commentCount\":0,\"publisher\":{\"@id\":\"https:\/\/www.imakeyousmile.se\/en\/#organization\"},\"image\":{\"@id\":\"https:\/\/www.imakeyousmile.se\/pafyllning-av-pixi\/#primaryimage\"},\"keywords\":\"pixi sverige\",\"articleSection\":\"\\u00d6vrigt\",\"inLanguage\":\"en-US\",\"potentialAction\":[{\"@type\":\"CommentAction\",\"name\":\"Comment\",\"target\":[\"https:\/\/www.imakeyousmile.se\/pafyllning-av-pixi\/#respond\"]}]},{\"@type\":\"Person\",\"@id\":\"https:\/\/www.imakeyousmile.se\/en\/#\/schema\/person\/b0fd43b1c6bb1c60cfd68bff9b4a10fb\",\"name\":\"Helena Amiley\",\"image\":{\"@type\":\"ImageObject\",\"@id\":\"https:\/\/www.imakeyousmile.se\/en\/#personlogo\",\"inLanguage\":\"en-US\",\"url\":\"https:\/\/secure.gravatar.com\/avatar\/5645558e1e355457a23368d7e1b4c904?s=96&d=mm&r=g\",\"caption\":\"Helena Amiley\"},\"description\":\"Jag skriver mest om sk\\u00f6nhet men bjuder \\u00e4ven p\\u00e5 glimtar fr\\u00e5n entrepren\\u00f6rlivet och bygget av v\\u00e5r egen camper van. Vanlife here we come!\",\"sameAs\":[\"https:\/\/www.facebook.com\/imakeyousmile.se\",\"https:\/\/www.instagram.com\/helenaamiley\",\"https:\/\/www.youtube.com\/channel\/UCR5iB6rvpV6Yr8ZjpQfr5mg?view_as=subscriber\"]}]}<\/script>\n<!-- \/ Yoast SEO Premium plugin. -->","_links":{"self":[{"href":"https:\/\/www.imakeyousmile.se\/en\/wp-json\/wp\/v2\/posts\/21272"}],"collection":[{"href":"https:\/\/www.imakeyousmile.se\/en\/wp-json\/wp\/v2\/posts"}],"about":[{"href":"https:\/\/www.imakeyousmile.se\/en\/wp-json\/wp\/v2\/types\/post"}],"author":[{"embeddable":true,"href":"https:\/\/www.imakeyousmile.se\/en\/wp-json\/wp\/v2\/users\/30"}],"replies":[{"embeddable":true,"href":"https:\/\/www.imakeyousmile.se\/en\/wp-json\/wp\/v2\/comments?post=21272"}],"version-history":[{"count":1,"href":"https:\/\/www.imakeyousmile.se\/en\/wp-json\/wp\/v2\/posts\/21272\/revisions"}],"predecessor-version":[{"id":21275,"href":"https:\/\/www.imakeyousmile.se\/en\/wp-json\/wp\/v2\/posts\/21272\/revisions\/21275"}],"wp:featuredmedia":[{"embeddable":true,"href":"https:\/\/www.imakeyousmile.se\/en\/wp-json\/wp\/v2\/media\/21273"}],"wp:attachment":[{"href":"https:\/\/www.imakeyousmile.se\/en\/wp-json\/wp\/v2\/media?parent=21272"}],"wp:term":[{"taxonomy":"category","embeddable":true,"href":"https:\/\/www.imakeyousmile.se\/en\/wp-json\/wp\/v2\/categories?post=21272"},{"taxonomy":"post_tag","embeddable":true,"href":"https:\/\/www.imakeyousmile.se\/en\/wp-json\/wp\/v2\/tags?post=21272"}],"curies":[{"name":"wp","href":"https:\/\/api.w.org\/{rel}","templated":true}]}}