{"id":21348,"date":"2015-08-04T11:32:07","date_gmt":"2015-08-04T09:32:07","guid":{"rendered":"http:\/\/www.imakeyousmile.se\/?p=21348"},"modified":"2021-09-18T08:29:55","modified_gmt":"2021-09-18T06:29:55","slug":"isadora-protect-face-primer-tinted","status":"publish","type":"post","link":"https:\/\/www.imakeyousmile.se\/en\/isadora-protect-face-primer-tinted\/","title":{"rendered":"IsaDora ProTect Face Primer Tinted"},"content":{"rendered":"<p>I have received a press release on IsaDora&#039;s news <a href=\"https:\/\/ion.lyko.com\/t\/t?a=1117786221&amp;as=1548102449&amp;t=2&amp;tk=1&amp;epi=search-replace-isadoraprimer&amp;url=https:\/\/lyko.com\/sv\/sok?q=isadora+face+primer\" target=\"_blank\" rel=\"noopener\">ProTect Face Primer Tinted<\/a> which is now also available in a colored variant.<\/p>\n<p>This face primer has thus been in the range before, but then without color. The new one has the same properties as the previous primer, but also gives a fresh tone to the skin.<\/p>\n<p>The properties of a face primer vary - some focus on specific skin types, some have a neutralizing color and some are for extra large pores, etc. But the common denominator is that it is a good foundation for the rest of the face makeup, and gets your base more even. and durable.<\/p>\n<p>IsaDora&#039;s primer is such a &quot;general primer&quot; that does not specify a problem such as e.g. oily skin, red areas or large pores, but it is basic and makes your foundation more even and durable. A good alternative for you who want to &quot;refine&quot; the basic make-up but do not immediately have any specific problems.<\/p>\n<p><a href=\"http:\/\/www.imakeyousmile.se\/wp-content\/uploads\/2015\/08\/IMG_9211_111.jpg\"><img loading=\"lazy\" decoding=\"async\" class=\"alignnone size-full wp-image-21349\" src=\"http:\/\/www.imakeyousmile.se\/wp-content\/uploads\/2015\/08\/IMG_9211_111.jpg\" alt=\"IMG_9211_111\" width=\"2000\" height=\"1353\" srcset=\"https:\/\/www.imakeyousmile.se\/wp-content\/uploads\/2015\/08\/IMG_9211_111.jpg 2000w, https:\/\/www.imakeyousmile.se\/wp-content\/uploads\/2015\/08\/IMG_9211_111-300x203.jpg 300w, https:\/\/www.imakeyousmile.se\/wp-content\/uploads\/2015\/08\/IMG_9211_111-1024x693.jpg 1024w, https:\/\/www.imakeyousmile.se\/wp-content\/uploads\/2015\/08\/IMG_9211_111-696x471.jpg 696w, https:\/\/www.imakeyousmile.se\/wp-content\/uploads\/2015\/08\/IMG_9211_111-1068x723.jpg 1068w, https:\/\/www.imakeyousmile.se\/wp-content\/uploads\/2015\/08\/IMG_9211_111-621x420.jpg 621w\" sizes=\"(max-width: 2000px) 100vw, 2000px\" \/><\/a><\/p>\n<p>This is how the product is described:<br \/>\n<em>ProTect Face Primer Tinted is a light colored primer that prepares your skin with a good dose of moisture and SPF 30. Can be used alone to give a fresh tone to the face or as a primer.<\/em><\/p>\n<p><em>\u2022 Effective sun protection factor 30 - Broad Spectrum = SPF 30 protection against both UVA \/ UVB rays<\/em><br \/>\n<em>\u2022 Unique collagen peptide (synthetically extracted) - reduces wrinkles, fills in and makes the skin firmer.<\/em><br \/>\n<em>\u2022 Oil-free cream gel consistency - feels light and moisturizing on the skin.<\/em><br \/>\n<em>\u2022 Perfect base - for a flawless, fresh make-up that lasts all day.<\/em><br \/>\n<em>\u2022 For all skin types - even for oily and combination skin as it is oil-free. \u201d<\/em><\/p>\n<p><a href=\"http:\/\/www.imakeyousmile.se\/wp-content\/uploads\/2015\/08\/IMG_9228_111.jpg\"><img loading=\"lazy\" decoding=\"async\" class=\"alignnone size-full wp-image-21350\" src=\"http:\/\/www.imakeyousmile.se\/wp-content\/uploads\/2015\/08\/IMG_9228_111.jpg\" alt=\"IMG_9228_111\" width=\"1948\" height=\"1020\" srcset=\"https:\/\/www.imakeyousmile.se\/wp-content\/uploads\/2015\/08\/IMG_9228_111.jpg 1948w, https:\/\/www.imakeyousmile.se\/wp-content\/uploads\/2015\/08\/IMG_9228_111-300x157.jpg 300w, https:\/\/www.imakeyousmile.se\/wp-content\/uploads\/2015\/08\/IMG_9228_111-1024x536.jpg 1024w, https:\/\/www.imakeyousmile.se\/wp-content\/uploads\/2015\/08\/IMG_9228_111-696x364.jpg 696w, https:\/\/www.imakeyousmile.se\/wp-content\/uploads\/2015\/08\/IMG_9228_111-1068x559.jpg 1068w, https:\/\/www.imakeyousmile.se\/wp-content\/uploads\/2015\/08\/IMG_9228_111-802x420.jpg 802w\" sizes=\"(max-width: 1948px) 100vw, 1948px\" \/><\/a><\/p>\n<p>The primer looks like a foundation, but gives no coverage but just a tone to the skin, a tone that in my case is quite a lot darker than the skin.<\/p>\n<p>I think:<br \/>\n\u2665 A plus for spf 30, always good!<br \/>\n\u2665 An easy way to get a warmer skin tone, and for us who are light, it is a natural and easy way to look a little more tan, but do not forget to wear it on the neck and d\u00e9collet\u00e9 also if you use it to become a little browner.<br \/>\n<strong>&#8211;<\/strong> It is quite tough in texture, I like silky primers that glide on easily or that feel like a wonderful day cream. This one dried a bit when applied. It was smooth anyway but not great to lubricate yourself with if I say so.<br \/>\n<strong>&#8211;<\/strong> I think it is a fairly small target group who will like that it gives the skin a little color, as it is only available in one shade. On me it became too dark I think.<\/p>\n<p>The primer costs SEK 159 and contains 30 ml.<\/p>\n<p><a href=\"http:\/\/www.imakeyousmile.se\/wp-content\/uploads\/2015\/08\/jjj.jpg\"><img loading=\"lazy\" decoding=\"async\" class=\"alignnone size-full wp-image-21351\" src=\"http:\/\/www.imakeyousmile.se\/wp-content\/uploads\/2015\/08\/jjj.jpg\" alt=\"jjj\" width=\"2000\" height=\"1460\" srcset=\"https:\/\/www.imakeyousmile.se\/wp-content\/uploads\/2015\/08\/jjj.jpg 2000w, https:\/\/www.imakeyousmile.se\/wp-content\/uploads\/2015\/08\/jjj-300x219.jpg 300w, https:\/\/www.imakeyousmile.se\/wp-content\/uploads\/2015\/08\/jjj-1024x748.jpg 1024w, https:\/\/www.imakeyousmile.se\/wp-content\/uploads\/2015\/08\/jjj-696x508.jpg 696w, https:\/\/www.imakeyousmile.se\/wp-content\/uploads\/2015\/08\/jjj-1068x780.jpg 1068w, https:\/\/www.imakeyousmile.se\/wp-content\/uploads\/2015\/08\/jjj-575x420.jpg 575w\" sizes=\"(max-width: 2000px) 100vw, 2000px\" \/><\/a><\/p>\n<p>Here you see that the skin tone became quite darker after the primer.<\/p>\n<p><strong>Summary<\/strong>\u00a0- I got no wow effect, you who like the principle of getting a little color in the face you will like this, but for those of you who are more looking for the properties, you can find better primers for that money.<\/p>\n<p>Hugs are \u2665<\/p>","protected":false},"excerpt":{"rendered":"<p>Jag har f\u00e5tt hem pressutskick p\u00e5 IsaDoras nyhet ProTect Face Primer Tinted som nu \u00e4ven finns i en f\u00e4rgad variant. Den h\u00e4r ansiktsprimern har allts\u00e5 funnits i sortimentet tidigare, men\u00a0d\u00e5 utan f\u00e4rg. Den nya har samma egenskaper som den tidigare primern, men ger \u00e4ven en fr\u00e4sch ton till huden. Vad en ansiktsprimer har f\u00f6r egenskaper [&hellip;]<\/p>\n","protected":false},"author":30,"featured_media":21351,"comment_status":"open","ping_status":"closed","sticky":false,"template":"","format":"standard","meta":{"footnotes":""},"categories":[24,59],"tags":[3870,135,3868,3869],"class_list":["post-21348","post","type-post","status-publish","format-standard","has-post-thumbnail","hentry","category-grundsmink","category-recensioner-produkttips","tag-fargad-primer","tag-isadora","tag-isadora-face-primer","tag-isadora-protect-face-primer-tinted"],"yoast_head":"<!-- This site is optimized with the Yoast SEO Premium plugin v14.9 - https:\/\/yoast.com\/wordpress\/plugins\/seo\/ -->\n<meta name=\"description\" content=\"IsaDora ProTect Face Primer Tinted | Helena Amiley - H\u00e4r hittar du senaste infromation om sk\u00f6nhet, livsstil, entrepren\u00f6rskap, makeup &amp; tips.\" \/>\n<meta name=\"robots\" content=\"index, follow, max-snippet:-1, max-image-preview:large, max-video-preview:-1\" \/>\n<link rel=\"canonical\" href=\"https:\/\/www.imakeyousmile.se\/en\/isadora-protect-face-primer-tinted\/\" \/>\n<meta property=\"og:locale\" content=\"en_US\" \/>\n<meta property=\"og:type\" content=\"article\" \/>\n<meta property=\"og:title\" content=\"IsaDora ProTect Face Primer Tinted | Imakeyousmile.se\" \/>\n<meta property=\"og:description\" content=\"IsaDora ProTect Face Primer Tinted | Helena Amiley - H\u00e4r hittar du senaste infromation om sk\u00f6nhet, livsstil, entrepren\u00f6rskap, makeup &amp; tips.\" \/>\n<meta property=\"og:url\" content=\"https:\/\/www.imakeyousmile.se\/en\/isadora-protect-face-primer-tinted\/\" \/>\n<meta property=\"og:site_name\" content=\"Imakeyousmile.se\" \/>\n<meta property=\"article:author\" content=\"https:\/\/www.facebook.com\/imakeyousmile.se\" \/>\n<meta property=\"article:published_time\" content=\"2015-08-04T09:32:07+00:00\" \/>\n<meta property=\"article:modified_time\" content=\"2021-09-18T06:29:55+00:00\" \/>\n<meta property=\"og:image\" content=\"https:\/\/www.imakeyousmile.se\/wp-content\/uploads\/2015\/08\/jjj.jpg\" \/>\n\t<meta property=\"og:image:width\" content=\"2000\" \/>\n\t<meta property=\"og:image:height\" content=\"1460\" \/>\n<meta name=\"twitter:card\" content=\"summary_large_image\" \/>\n<script type=\"application\/ld+json\" class=\"yoast-schema-graph\">{\"@context\":\"https:\/\/schema.org\",\"@graph\":[{\"@type\":\"Organization\",\"@id\":\"https:\/\/www.imakeyousmile.se\/en\/#organization\",\"name\":\"Imakeyousmile\",\"url\":\"https:\/\/www.imakeyousmile.se\/en\/\",\"sameAs\":[],\"logo\":{\"@type\":\"ImageObject\",\"@id\":\"https:\/\/www.imakeyousmile.se\/en\/#logo\",\"inLanguage\":\"en-US\",\"url\":\"https:\/\/www.imakeyousmile.se\/wp-content\/uploads\/2020\/10\/HELENA-AMILEY_SVART-1-e1603367975324.png\",\"width\":280,\"height\":93,\"caption\":\"Imakeyousmile\"},\"image\":{\"@id\":\"https:\/\/www.imakeyousmile.se\/en\/#logo\"}},{\"@type\":\"WebSite\",\"@id\":\"https:\/\/www.imakeyousmile.se\/en\/#website\",\"url\":\"https:\/\/www.imakeyousmile.se\/en\/\",\"name\":\"Imakeyousmile.se\",\"description\":\"Helena Amiley - Beauty, Entrepreneur, Lifestyle\",\"publisher\":{\"@id\":\"https:\/\/www.imakeyousmile.se\/en\/#organization\"},\"potentialAction\":[{\"@type\":\"SearchAction\",\"target\":\"https:\/\/www.imakeyousmile.se\/en\/?s={search_term_string}\",\"query-input\":\"required name=search_term_string\"}],\"inLanguage\":\"en-US\"},{\"@type\":\"ImageObject\",\"@id\":\"https:\/\/www.imakeyousmile.se\/isadora-protect-face-primer-tinted\/#primaryimage\",\"inLanguage\":\"en-US\",\"url\":\"https:\/\/www.imakeyousmile.se\/wp-content\/uploads\/2015\/08\/jjj.jpg\",\"width\":2000,\"height\":1460},{\"@type\":\"WebPage\",\"@id\":\"https:\/\/www.imakeyousmile.se\/isadora-protect-face-primer-tinted\/#webpage\",\"url\":\"https:\/\/www.imakeyousmile.se\/isadora-protect-face-primer-tinted\/\",\"name\":\"IsaDora ProTect Face Primer Tinted | Imakeyousmile.se\",\"isPartOf\":{\"@id\":\"https:\/\/www.imakeyousmile.se\/en\/#website\"},\"primaryImageOfPage\":{\"@id\":\"https:\/\/www.imakeyousmile.se\/isadora-protect-face-primer-tinted\/#primaryimage\"},\"datePublished\":\"2015-08-04T09:32:07+00:00\",\"dateModified\":\"2021-09-18T06:29:55+00:00\",\"description\":\"IsaDora ProTect Face Primer Tinted | Helena Amiley - H\\u00e4r hittar du senaste infromation om sk\\u00f6nhet, livsstil, entrepren\\u00f6rskap, makeup & tips.\",\"inLanguage\":\"en-US\",\"potentialAction\":[{\"@type\":\"ReadAction\",\"target\":[\"https:\/\/www.imakeyousmile.se\/isadora-protect-face-primer-tinted\/\"]}]},{\"@type\":\"Article\",\"@id\":\"https:\/\/www.imakeyousmile.se\/isadora-protect-face-primer-tinted\/#article\",\"isPartOf\":{\"@id\":\"https:\/\/www.imakeyousmile.se\/isadora-protect-face-primer-tinted\/#webpage\"},\"author\":{\"@id\":\"https:\/\/www.imakeyousmile.se\/en\/#\/schema\/person\/b0fd43b1c6bb1c60cfd68bff9b4a10fb\"},\"headline\":\"IsaDora ProTect Face Primer Tinted\",\"datePublished\":\"2015-08-04T09:32:07+00:00\",\"dateModified\":\"2021-09-18T06:29:55+00:00\",\"mainEntityOfPage\":{\"@id\":\"https:\/\/www.imakeyousmile.se\/isadora-protect-face-primer-tinted\/#webpage\"},\"commentCount\":0,\"publisher\":{\"@id\":\"https:\/\/www.imakeyousmile.se\/en\/#organization\"},\"image\":{\"@id\":\"https:\/\/www.imakeyousmile.se\/isadora-protect-face-primer-tinted\/#primaryimage\"},\"keywords\":\"f\\u00e4rgad primer,IsaDora,isadora face primer,isadora protect face primer tinted\",\"articleSection\":\"Bassmink,Recensioner &amp; Produkttips\",\"inLanguage\":\"en-US\",\"potentialAction\":[{\"@type\":\"CommentAction\",\"name\":\"Comment\",\"target\":[\"https:\/\/www.imakeyousmile.se\/isadora-protect-face-primer-tinted\/#respond\"]}]},{\"@type\":\"Person\",\"@id\":\"https:\/\/www.imakeyousmile.se\/en\/#\/schema\/person\/b0fd43b1c6bb1c60cfd68bff9b4a10fb\",\"name\":\"Helena Amiley\",\"image\":{\"@type\":\"ImageObject\",\"@id\":\"https:\/\/www.imakeyousmile.se\/en\/#personlogo\",\"inLanguage\":\"en-US\",\"url\":\"https:\/\/secure.gravatar.com\/avatar\/5645558e1e355457a23368d7e1b4c904?s=96&d=mm&r=g\",\"caption\":\"Helena Amiley\"},\"description\":\"Jag skriver mest om sk\\u00f6nhet men bjuder \\u00e4ven p\\u00e5 glimtar fr\\u00e5n entrepren\\u00f6rlivet och bygget av v\\u00e5r egen camper van. Vanlife here we come!\",\"sameAs\":[\"https:\/\/www.facebook.com\/imakeyousmile.se\",\"https:\/\/www.instagram.com\/helenaamiley\",\"https:\/\/www.youtube.com\/channel\/UCR5iB6rvpV6Yr8ZjpQfr5mg?view_as=subscriber\"]}]}<\/script>\n<!-- \/ Yoast SEO Premium plugin. -->","_links":{"self":[{"href":"https:\/\/www.imakeyousmile.se\/en\/wp-json\/wp\/v2\/posts\/21348"}],"collection":[{"href":"https:\/\/www.imakeyousmile.se\/en\/wp-json\/wp\/v2\/posts"}],"about":[{"href":"https:\/\/www.imakeyousmile.se\/en\/wp-json\/wp\/v2\/types\/post"}],"author":[{"embeddable":true,"href":"https:\/\/www.imakeyousmile.se\/en\/wp-json\/wp\/v2\/users\/30"}],"replies":[{"embeddable":true,"href":"https:\/\/www.imakeyousmile.se\/en\/wp-json\/wp\/v2\/comments?post=21348"}],"version-history":[{"count":2,"href":"https:\/\/www.imakeyousmile.se\/en\/wp-json\/wp\/v2\/posts\/21348\/revisions"}],"predecessor-version":[{"id":40999,"href":"https:\/\/www.imakeyousmile.se\/en\/wp-json\/wp\/v2\/posts\/21348\/revisions\/40999"}],"wp:featuredmedia":[{"embeddable":true,"href":"https:\/\/www.imakeyousmile.se\/en\/wp-json\/wp\/v2\/media\/21351"}],"wp:attachment":[{"href":"https:\/\/www.imakeyousmile.se\/en\/wp-json\/wp\/v2\/media?parent=21348"}],"wp:term":[{"taxonomy":"category","embeddable":true,"href":"https:\/\/www.imakeyousmile.se\/en\/wp-json\/wp\/v2\/categories?post=21348"},{"taxonomy":"post_tag","embeddable":true,"href":"https:\/\/www.imakeyousmile.se\/en\/wp-json\/wp\/v2\/tags?post=21348"}],"curies":[{"name":"wp","href":"https:\/\/api.w.org\/{rel}","templated":true}]}}