{"id":21703,"date":"2015-08-24T10:19:28","date_gmt":"2015-08-24T08:19:28","guid":{"rendered":"http:\/\/www.imakeyousmile.se\/?p=21703"},"modified":"2015-08-24T10:21:25","modified_gmt":"2015-08-24T08:21:25","slug":"att-sminka-sig-fel","status":"publish","type":"post","link":"https:\/\/www.imakeyousmile.se\/en\/to-make-up-yourself-wrong\/","title":{"rendered":"To make up &quot;wrong&quot;"},"content":{"rendered":"<p>I got an interesting comment yesterday that I was going to address in a blog post :)<\/p>\n<p><em><strong>Do you think anything special if you see someone in town who has put on make-up &quot;completely wrong&quot; ..? It should have had warm colors, red lips, lighter foundation or other eyebrows, for example? As another can look in daylight ;-) In the bathroom it looks good in the lighting but then when you come out in daylight you look like hello come and help me! :-D \u201d<\/strong><\/em><\/p>\n<p>You get a little injured at work, I can not stick under the chair with that. But when it comes to private individuals, I rarely look (if they are not super nicely made up because then I get inspired and can not stop staring for that reason haha). Especially not if it is about warm and cold tones, wrong color of the lips, or small details that differ only due to different lights. I could not care less about that actually, I do not even notice it because I rarely look so closely :)<\/p>\n<p>And when it comes to color choices on lipsticks and eye shadows and stuff, I do not care even though I look, it is a matter of taste and I am allergic to such rules.<\/p>\n<p>What I usually think about is rather TV and such contexts where makeup artists have fixed all the people. Then I can probably be a little judgmental sometimes, although it is mostly a positive quality to get better myself, I know that I am not perfect myself either.<\/p>\n<p>However, you can see really crazy eyebrows quite often, and then I do not mean that they must be very nice to not attract my attention, but a lot of people\u00a0<em>destroy<\/em> their fine facial features with very strange eyebrows - usually because they have tried too much I think. But it will probably be easy that way, when a relatively difficult make-up detail becomes trendy.<\/p>\n<p><a href=\"http:\/\/www.imakeyousmile.se\/wp-content\/uploads\/2015\/08\/eyebrow-quote.jpg\"><img loading=\"lazy\" decoding=\"async\" class=\"alignnone size-full wp-image-21704\" src=\"http:\/\/www.imakeyousmile.se\/wp-content\/uploads\/2015\/08\/eyebrow-quote.jpg\" alt=\"eyebrow-quote\" width=\"1755\" height=\"1299\" srcset=\"https:\/\/www.imakeyousmile.se\/wp-content\/uploads\/2015\/08\/eyebrow-quote.jpg 1755w, https:\/\/www.imakeyousmile.se\/wp-content\/uploads\/2015\/08\/eyebrow-quote-300x222.jpg 300w, https:\/\/www.imakeyousmile.se\/wp-content\/uploads\/2015\/08\/eyebrow-quote-1024x758.jpg 1024w, https:\/\/www.imakeyousmile.se\/wp-content\/uploads\/2015\/08\/eyebrow-quote-80x60.jpg 80w, https:\/\/www.imakeyousmile.se\/wp-content\/uploads\/2015\/08\/eyebrow-quote-696x515.jpg 696w, https:\/\/www.imakeyousmile.se\/wp-content\/uploads\/2015\/08\/eyebrow-quote-1068x791.jpg 1068w, https:\/\/www.imakeyousmile.se\/wp-content\/uploads\/2015\/08\/eyebrow-quote-567x420.jpg 567w\" sizes=\"(max-width: 1755px) 100vw, 1755px\" \/><\/a><\/p>\n<p>Hahaha, and I can not hide under the chair that I think that all eyebrow quotes circulating on Instagram are really funny, although most of them are just awful :)<\/p>\n<p>But I think a lot of people think that we makeup artists stare and judge other people&#039;s make-up much more than we (I) actually do. I sometimes meet people who want to justify their make-up and point out all the mistakes without me even thinking about them, e.g. \u201d<em>I was in a hurry this morning, do not look at my eyeliner!<\/em>&#8221;.<\/p>\n<p>And some have been completely honest and said that they have had a bit of makeup anxiety (several who skipped the makeup completely) because they know they will meet me, and are afraid that I will think they have done wrong. When it ends up at that level, I get most sad, because the last thing I want is to spread makeup fear, I&#039;m passionate about the opposite!<\/p>\n<p><strong>Summary -<\/strong> You do not have to worry, I think idiots and people who have not known how to put their energy into something sensible judge you a thousand times more than we makeup artists do, we who know that makeup requires knowledge, touch and interest to become really good. Drive on, I say! I am much happier to see a smiling mouth with an unevenly colored lipstick in town, than a perfectly applied mascara :)<\/p>\n<p>Kraaaam \u2665<\/p>","protected":false},"excerpt":{"rendered":"<p>Jag fick en intressant kommentar ig\u00e5r som jag t\u00e4nkte ta upp i ett blogginl\u00e4gg :) &#8221;T\u00e4nker du n\u00e5t s\u00e4rskilt om du ser n\u00e5gon p\u00e5 stan som har sminkat sig \u201dhelt fel\u201d .. ? Den borde ha haft varma f\u00e4rger, r\u00f6da l\u00e4ppar, ljusare foundation eller andra \u00f6gonbryn, t ex? S\u00e5 som en annan kan se ut [&hellip;]<\/p>\n","protected":false},"author":30,"featured_media":21704,"comment_status":"open","ping_status":"closed","sticky":false,"template":"","format":"standard","meta":{"footnotes":""},"categories":[3],"tags":[],"class_list":["post-21703","post","type-post","status-publish","format-standard","has-post-thumbnail","hentry","category-allmant"],"yoast_head":"<!-- This site is optimized with the Yoast SEO Premium plugin v14.9 - https:\/\/yoast.com\/wordpress\/plugins\/seo\/ -->\n<meta name=\"description\" content=\"Att sminka sig &quot;fel&quot; | Helena Amiley - H\u00e4r hittar du senaste infromation om sk\u00f6nhet, livsstil, entrepren\u00f6rskap, makeup &amp; tips.\" \/>\n<meta name=\"robots\" content=\"index, follow, max-snippet:-1, max-image-preview:large, max-video-preview:-1\" \/>\n<link rel=\"canonical\" href=\"https:\/\/www.imakeyousmile.se\/en\/att-sminka-sig-fel\/\" \/>\n<meta property=\"og:locale\" content=\"en_US\" \/>\n<meta property=\"og:type\" content=\"article\" \/>\n<meta property=\"og:title\" content=\"Att sminka sig &quot;fel&quot; | Imakeyousmile.se\" \/>\n<meta property=\"og:description\" content=\"Att sminka sig &quot;fel&quot; | Helena Amiley - H\u00e4r hittar du senaste infromation om sk\u00f6nhet, livsstil, entrepren\u00f6rskap, makeup &amp; tips.\" \/>\n<meta property=\"og:url\" content=\"https:\/\/www.imakeyousmile.se\/en\/att-sminka-sig-fel\/\" \/>\n<meta property=\"og:site_name\" content=\"Imakeyousmile.se\" \/>\n<meta property=\"article:author\" content=\"https:\/\/www.facebook.com\/imakeyousmile.se\" \/>\n<meta property=\"article:published_time\" content=\"2015-08-24T08:19:28+00:00\" \/>\n<meta property=\"article:modified_time\" content=\"2015-08-24T08:21:25+00:00\" \/>\n<meta property=\"og:image\" content=\"https:\/\/www.imakeyousmile.se\/wp-content\/uploads\/2015\/08\/eyebrow-quote.jpg\" \/>\n\t<meta property=\"og:image:width\" content=\"1755\" \/>\n\t<meta property=\"og:image:height\" content=\"1299\" \/>\n<meta name=\"twitter:card\" content=\"summary_large_image\" \/>\n<script type=\"application\/ld+json\" class=\"yoast-schema-graph\">{\"@context\":\"https:\/\/schema.org\",\"@graph\":[{\"@type\":\"Organization\",\"@id\":\"https:\/\/www.imakeyousmile.se\/en\/#organization\",\"name\":\"Imakeyousmile\",\"url\":\"https:\/\/www.imakeyousmile.se\/en\/\",\"sameAs\":[],\"logo\":{\"@type\":\"ImageObject\",\"@id\":\"https:\/\/www.imakeyousmile.se\/en\/#logo\",\"inLanguage\":\"en-US\",\"url\":\"https:\/\/www.imakeyousmile.se\/wp-content\/uploads\/2020\/10\/HELENA-AMILEY_SVART-1-e1603367975324.png\",\"width\":280,\"height\":93,\"caption\":\"Imakeyousmile\"},\"image\":{\"@id\":\"https:\/\/www.imakeyousmile.se\/en\/#logo\"}},{\"@type\":\"WebSite\",\"@id\":\"https:\/\/www.imakeyousmile.se\/en\/#website\",\"url\":\"https:\/\/www.imakeyousmile.se\/en\/\",\"name\":\"Imakeyousmile.se\",\"description\":\"Helena Amiley - Beauty, Entrepreneur, Lifestyle\",\"publisher\":{\"@id\":\"https:\/\/www.imakeyousmile.se\/en\/#organization\"},\"potentialAction\":[{\"@type\":\"SearchAction\",\"target\":\"https:\/\/www.imakeyousmile.se\/en\/?s={search_term_string}\",\"query-input\":\"required name=search_term_string\"}],\"inLanguage\":\"en-US\"},{\"@type\":\"ImageObject\",\"@id\":\"https:\/\/www.imakeyousmile.se\/att-sminka-sig-fel\/#primaryimage\",\"inLanguage\":\"en-US\",\"url\":\"https:\/\/www.imakeyousmile.se\/wp-content\/uploads\/2015\/08\/eyebrow-quote.jpg\",\"width\":1755,\"height\":1299},{\"@type\":\"WebPage\",\"@id\":\"https:\/\/www.imakeyousmile.se\/att-sminka-sig-fel\/#webpage\",\"url\":\"https:\/\/www.imakeyousmile.se\/att-sminka-sig-fel\/\",\"name\":\"Att sminka sig \\\"fel\\\" | Imakeyousmile.se\",\"isPartOf\":{\"@id\":\"https:\/\/www.imakeyousmile.se\/en\/#website\"},\"primaryImageOfPage\":{\"@id\":\"https:\/\/www.imakeyousmile.se\/att-sminka-sig-fel\/#primaryimage\"},\"datePublished\":\"2015-08-24T08:19:28+00:00\",\"dateModified\":\"2015-08-24T08:21:25+00:00\",\"description\":\"Att sminka sig \\\"fel\\\" | Helena Amiley - H\\u00e4r hittar du senaste infromation om sk\\u00f6nhet, livsstil, entrepren\\u00f6rskap, makeup & tips.\",\"inLanguage\":\"en-US\",\"potentialAction\":[{\"@type\":\"ReadAction\",\"target\":[\"https:\/\/www.imakeyousmile.se\/att-sminka-sig-fel\/\"]}]},{\"@type\":\"Article\",\"@id\":\"https:\/\/www.imakeyousmile.se\/att-sminka-sig-fel\/#article\",\"isPartOf\":{\"@id\":\"https:\/\/www.imakeyousmile.se\/att-sminka-sig-fel\/#webpage\"},\"author\":{\"@id\":\"https:\/\/www.imakeyousmile.se\/en\/#\/schema\/person\/b0fd43b1c6bb1c60cfd68bff9b4a10fb\"},\"headline\":\"Att sminka sig &#8221;fel&#8221;\",\"datePublished\":\"2015-08-24T08:19:28+00:00\",\"dateModified\":\"2015-08-24T08:21:25+00:00\",\"mainEntityOfPage\":{\"@id\":\"https:\/\/www.imakeyousmile.se\/att-sminka-sig-fel\/#webpage\"},\"commentCount\":2,\"publisher\":{\"@id\":\"https:\/\/www.imakeyousmile.se\/en\/#organization\"},\"image\":{\"@id\":\"https:\/\/www.imakeyousmile.se\/att-sminka-sig-fel\/#primaryimage\"},\"articleSection\":\"\\u00d6vrigt\",\"inLanguage\":\"en-US\",\"potentialAction\":[{\"@type\":\"CommentAction\",\"name\":\"Comment\",\"target\":[\"https:\/\/www.imakeyousmile.se\/att-sminka-sig-fel\/#respond\"]}]},{\"@type\":\"Person\",\"@id\":\"https:\/\/www.imakeyousmile.se\/en\/#\/schema\/person\/b0fd43b1c6bb1c60cfd68bff9b4a10fb\",\"name\":\"Helena Amiley\",\"image\":{\"@type\":\"ImageObject\",\"@id\":\"https:\/\/www.imakeyousmile.se\/en\/#personlogo\",\"inLanguage\":\"en-US\",\"url\":\"https:\/\/secure.gravatar.com\/avatar\/5645558e1e355457a23368d7e1b4c904?s=96&d=mm&r=g\",\"caption\":\"Helena Amiley\"},\"description\":\"Jag skriver mest om sk\\u00f6nhet men bjuder \\u00e4ven p\\u00e5 glimtar fr\\u00e5n entrepren\\u00f6rlivet och bygget av v\\u00e5r egen camper van. Vanlife here we come!\",\"sameAs\":[\"https:\/\/www.facebook.com\/imakeyousmile.se\",\"https:\/\/www.instagram.com\/helenaamiley\",\"https:\/\/www.youtube.com\/channel\/UCR5iB6rvpV6Yr8ZjpQfr5mg?view_as=subscriber\"]}]}<\/script>\n<!-- \/ Yoast SEO Premium plugin. -->","_links":{"self":[{"href":"https:\/\/www.imakeyousmile.se\/en\/wp-json\/wp\/v2\/posts\/21703"}],"collection":[{"href":"https:\/\/www.imakeyousmile.se\/en\/wp-json\/wp\/v2\/posts"}],"about":[{"href":"https:\/\/www.imakeyousmile.se\/en\/wp-json\/wp\/v2\/types\/post"}],"author":[{"embeddable":true,"href":"https:\/\/www.imakeyousmile.se\/en\/wp-json\/wp\/v2\/users\/30"}],"replies":[{"embeddable":true,"href":"https:\/\/www.imakeyousmile.se\/en\/wp-json\/wp\/v2\/comments?post=21703"}],"version-history":[{"count":7,"href":"https:\/\/www.imakeyousmile.se\/en\/wp-json\/wp\/v2\/posts\/21703\/revisions"}],"predecessor-version":[{"id":21711,"href":"https:\/\/www.imakeyousmile.se\/en\/wp-json\/wp\/v2\/posts\/21703\/revisions\/21711"}],"wp:featuredmedia":[{"embeddable":true,"href":"https:\/\/www.imakeyousmile.se\/en\/wp-json\/wp\/v2\/media\/21704"}],"wp:attachment":[{"href":"https:\/\/www.imakeyousmile.se\/en\/wp-json\/wp\/v2\/media?parent=21703"}],"wp:term":[{"taxonomy":"category","embeddable":true,"href":"https:\/\/www.imakeyousmile.se\/en\/wp-json\/wp\/v2\/categories?post=21703"},{"taxonomy":"post_tag","embeddable":true,"href":"https:\/\/www.imakeyousmile.se\/en\/wp-json\/wp\/v2\/tags?post=21703"}],"curies":[{"name":"wp","href":"https:\/\/api.w.org\/{rel}","templated":true}]}}