{"id":21802,"date":"2015-08-29T20:42:17","date_gmt":"2015-08-29T18:42:17","guid":{"rendered":"http:\/\/www.imakeyousmile.se\/?p=21802"},"modified":"2020-11-02T16:43:29","modified_gmt":"2020-11-02T15:43:29","slug":"sa-sminkar-du-bort-rodhet-och-far-ett-naturligt-resultat","status":"publish","type":"post","link":"https:\/\/www.imakeyousmile.se\/en\/said-do-you-make-away-redness-and-father-a-natural-result\/","title":{"rendered":"How to make up redness AND get a natural result"},"content":{"rendered":"<p>Removing redness on the face is not always very easy, because red is such a color that shines through the makeup very easily and you need a thick layer of makeup to get rid of it completely - which is neither natural nor durable, especially not around the nostrils where many usually have red areas.<\/p>\n<p>Now I thought I would give you tips on how to quickly make this off without a layer of &quot;putty&quot;, and at the same time show you a new favorite combo of products that I make my base with every day now :) and it is:<br \/>\nDegreasing primer from Paese (<a href=\"http:\/\/creativemakeup.se\/produkt\/paese-makeup-base\/\" target=\"_blank\" rel=\"noopener noreferrer\">Paese Makeup Base Matte<\/a>)<br \/>\n2. Green primer from Pixi (<a href=\"https:\/\/ion.lyko.com\/t\/t?a=1117786221&#038;as=1548102449&#038;t=2&#038;tk=1&#038;epi=search-replace-pixi-redness&#038;url=https:\/\/lyko.com\/sv\/sok?q=pixi+primer\/\" target=\"_blank\" rel=\"noopener noreferrer\">Pixi Redness Reducing Primer<\/a>)<br \/>\nColored Day Cream from Pixi (<a href=\"https:\/\/ion.lyko.com\/t\/t?a=1117786221&#038;as=1548102449&#038;t=2&#038;tk=1&#038;epi=search-replace-pixitintc&#038;url=https:\/\/lyko.com\/sv\/pixi\/pixi-tint-conceal3-nude-glow\/\" target=\"_blank\" rel=\"noopener noreferrer\">Pixi Illuminating Tint &amp; Conceal<\/a>)<br \/>\n- and this cream also has a gym good concealer in the cork that I supplement with.<\/p>\n<p>This tip for removing redness is also good for those of you who blush easily, and want to remove it for preventive purposes.<\/p>\n<p><a href=\"http:\/\/www.imakeyousmile.se\/wp-content\/uploads\/2015\/08\/IMG_3033_111-kopia.jpg\"><img loading=\"lazy\" decoding=\"async\" class=\"alignnone wp-image-21810 size-full\" src=\"https:\/\/www.imakeyousmile.se\/wp-content\/uploads\/2015\/08\/IMG_3033_111-kopia.jpg\" alt=\"How to make up redness AND get a natural result\" width=\"1506\" height=\"1176\" srcset=\"https:\/\/www.imakeyousmile.se\/wp-content\/uploads\/2015\/08\/IMG_3033_111-kopia.jpg 1506w, https:\/\/www.imakeyousmile.se\/wp-content\/uploads\/2015\/08\/IMG_3033_111-kopia-300x234.jpg 300w, https:\/\/www.imakeyousmile.se\/wp-content\/uploads\/2015\/08\/IMG_3033_111-kopia-1024x800.jpg 1024w, https:\/\/www.imakeyousmile.se\/wp-content\/uploads\/2015\/08\/IMG_3033_111-kopia-696x543.jpg 696w, https:\/\/www.imakeyousmile.se\/wp-content\/uploads\/2015\/08\/IMG_3033_111-kopia-1068x834.jpg 1068w, https:\/\/www.imakeyousmile.se\/wp-content\/uploads\/2015\/08\/IMG_3033_111-kopia-538x420.jpg 538w\" sizes=\"(max-width: 1506px) 100vw, 1506px\" \/><\/a><\/p>\n<p>I am incredibly red around the nose, some days more than others and now I have a very red period as you see in the picture. But it is possible to make up redness! :)<\/p>\n<p><a href=\"http:\/\/www.imakeyousmile.se\/wp-content\/uploads\/2015\/08\/IMG_3062_111.jpg\"><img loading=\"lazy\" decoding=\"async\" class=\"alignnone size-full wp-image-21804\" src=\"http:\/\/www.imakeyousmile.se\/wp-content\/uploads\/2015\/08\/IMG_3062_111.jpg\" alt=\"IMG_3062_111\" width=\"2000\" height=\"1893\" srcset=\"https:\/\/www.imakeyousmile.se\/wp-content\/uploads\/2015\/08\/IMG_3062_111.jpg 2000w, https:\/\/www.imakeyousmile.se\/wp-content\/uploads\/2015\/08\/IMG_3062_111-300x284.jpg 300w, https:\/\/www.imakeyousmile.se\/wp-content\/uploads\/2015\/08\/IMG_3062_111-1024x969.jpg 1024w, https:\/\/www.imakeyousmile.se\/wp-content\/uploads\/2015\/08\/IMG_3062_111-696x659.jpg 696w, https:\/\/www.imakeyousmile.se\/wp-content\/uploads\/2015\/08\/IMG_3062_111-1068x1011.jpg 1068w, https:\/\/www.imakeyousmile.se\/wp-content\/uploads\/2015\/08\/IMG_3062_111-444x420.jpg 444w\" sizes=\"(max-width: 2000px) 100vw, 2000px\" \/><\/a>Here you can already see that the redness has settled down a lot, without me having used any opaque product at all, just primer!<\/p>\n<h4><strong> 1. Primer to make up redness<\/strong><\/h4>\n<p>I am very oily so I always start with Paese Makeup Base Matte, I will not survive otherwise. But you can often mix two primers if you have two favorites that focus on different problem areas. You might think it will be cake on cake, but as long as you do not overdose both and the textures blend well together, there are no problems :)<\/p>\n<p>So first I take the degrading primer all over my face and massage it properly into the skin, and then I take a dollop of green primer from Pixi and lubricate in the middle of the face where I have problems with redness.<\/p>\n<p><a href=\"http:\/\/www.imakeyousmile.se\/wp-content\/uploads\/2015\/08\/IMG_3067_111.jpg\"><img loading=\"lazy\" decoding=\"async\" class=\"alignnone size-full wp-image-21805\" src=\"http:\/\/www.imakeyousmile.se\/wp-content\/uploads\/2015\/08\/IMG_3067_111.jpg\" alt=\"IMG_3067_111\" width=\"2000\" height=\"1943\" srcset=\"https:\/\/www.imakeyousmile.se\/wp-content\/uploads\/2015\/08\/IMG_3067_111.jpg 2000w, https:\/\/www.imakeyousmile.se\/wp-content\/uploads\/2015\/08\/IMG_3067_111-300x291.jpg 300w, https:\/\/www.imakeyousmile.se\/wp-content\/uploads\/2015\/08\/IMG_3067_111-1024x995.jpg 1024w, https:\/\/www.imakeyousmile.se\/wp-content\/uploads\/2015\/08\/IMG_3067_111-696x676.jpg 696w, https:\/\/www.imakeyousmile.se\/wp-content\/uploads\/2015\/08\/IMG_3067_111-1068x1038.jpg 1068w, https:\/\/www.imakeyousmile.se\/wp-content\/uploads\/2015\/08\/IMG_3067_111-432x420.jpg 432w\" sizes=\"(max-width: 2000px) 100vw, 2000px\" \/><\/a><\/p>\n<h4><strong> 2. Colored day cream to make away redness<\/strong><\/h4>\n<p>If, like my skin, you now do not have so much more problems than redness, ie not so much blemishes or such irregularities, then you do not need a more comprehensive product than you need. The green in the face primer from Pixi neutralizes so much of the red, that the skin tone becomes incredibly even with just colored day cream!<\/p>\n<p><a href=\"http:\/\/www.imakeyousmile.se\/wp-content\/uploads\/2015\/08\/IMG_3085_111.jpg\"><img loading=\"lazy\" decoding=\"async\" class=\"alignnone size-full wp-image-21806\" src=\"http:\/\/www.imakeyousmile.se\/wp-content\/uploads\/2015\/08\/IMG_3085_111.jpg\" alt=\"IMG_3085_111\" width=\"2000\" height=\"1987\" srcset=\"https:\/\/www.imakeyousmile.se\/wp-content\/uploads\/2015\/08\/IMG_3085_111.jpg 2000w, https:\/\/www.imakeyousmile.se\/wp-content\/uploads\/2015\/08\/IMG_3085_111-150x150.jpg 150w, https:\/\/www.imakeyousmile.se\/wp-content\/uploads\/2015\/08\/IMG_3085_111-300x298.jpg 300w, https:\/\/www.imakeyousmile.se\/wp-content\/uploads\/2015\/08\/IMG_3085_111-1024x1017.jpg 1024w, https:\/\/www.imakeyousmile.se\/wp-content\/uploads\/2015\/08\/IMG_3085_111-696x691.jpg 696w, https:\/\/www.imakeyousmile.se\/wp-content\/uploads\/2015\/08\/IMG_3085_111-1068x1061.jpg 1068w, https:\/\/www.imakeyousmile.se\/wp-content\/uploads\/2015\/08\/IMG_3085_111-423x420.jpg 423w\" sizes=\"(max-width: 2000px) 100vw, 2000px\" \/><\/a><\/p>\n<h4><strong> 3. Concealer to remove redness<\/strong><\/h4>\n<p>That a few small dots and such shine through does nothing when the rest is even, it can only be good if you want an &quot;unmade-up&quot; result, but if you have dark circles or a blemish that bothers you, the concealer in the cap of the colored day cream is absolutely superb ! Just dabbling if spreading with your finger, you get a more comprehensive result exactly where you want it, and yet it is very natural.<\/p>\n<p>I have covered almost all small irregularities with the concealer, because I would do a party make-up later and then I like to have a completely even skin tone. But on a daily basis, I had only concealed the worst.<\/p>\n<p><a href=\"http:\/\/www.imakeyousmile.se\/wp-content\/uploads\/2015\/08\/sminka-bort-r\u00f6da-omr\u00e5den-i-ansiktet-f\u00f6r-efter.jpg\"><img loading=\"lazy\" decoding=\"async\" class=\"alignnone size-full wp-image-21807\" src=\"http:\/\/www.imakeyousmile.se\/wp-content\/uploads\/2015\/08\/sminka-bort-r\u00f6da-omr\u00e5den-i-ansiktet-f\u00f6r-efter.jpg\" alt=\"make-up-away-red-areas-in-the-face-before-after\" width=\"3276\" height=\"1128\" srcset=\"https:\/\/www.imakeyousmile.se\/wp-content\/uploads\/2015\/08\/sminka-bort-r\u00f6da-omr\u00e5den-i-ansiktet-f\u00f6r-efter.jpg 2560w, https:\/\/www.imakeyousmile.se\/wp-content\/uploads\/2015\/08\/sminka-bort-r\u00f6da-omr\u00e5den-i-ansiktet-f\u00f6r-efter-300x103.jpg 300w, https:\/\/www.imakeyousmile.se\/wp-content\/uploads\/2015\/08\/sminka-bort-r\u00f6da-omr\u00e5den-i-ansiktet-f\u00f6r-efter-1024x353.jpg 1024w, https:\/\/www.imakeyousmile.se\/wp-content\/uploads\/2015\/08\/sminka-bort-r\u00f6da-omr\u00e5den-i-ansiktet-f\u00f6r-efter-696x240.jpg 696w, https:\/\/www.imakeyousmile.se\/wp-content\/uploads\/2015\/08\/sminka-bort-r\u00f6da-omr\u00e5den-i-ansiktet-f\u00f6r-efter-1068x368.jpg 1068w, https:\/\/www.imakeyousmile.se\/wp-content\/uploads\/2015\/08\/sminka-bort-r\u00f6da-omr\u00e5den-i-ansiktet-f\u00f6r-efter-1220x420.jpg 1220w\" sizes=\"(max-width: 3276px) 100vw, 3276px\" \/><\/a><\/p>\n<p>This is how nice the result will be with powder over late! Difference huh?<\/p>\n<p>The day cream gives the skin a nice glow, and it goes well into the skin so you do not need to fix it with powder. But I who like a more matte result and would like to use degrading powder for preventive purposes, I usually always used it regardless of foundation.<\/p>\n<p>Hope that the post about removing redness was helpful for you, if you have any questions, you know that it&#039;s just a matter of shouting :)<\/p>\n<p>Hug! \u2665<a href=\"http:\/\/www.imakeyousmile.se\/wp-content\/uploads\/2015\/08\/IMG_3033_111-kopia.jpg\"><br \/>\n<\/a><\/p>","protected":false},"excerpt":{"rendered":"<p>Att sminka bort r\u00f6dhet i ansiktet \u00e4r inte alltid j\u00e4tteenkelt, f\u00f6r r\u00f6tt \u00e4r en s\u00e5dan f\u00e4rg som lyser igenom sminket v\u00e4ldigt l\u00e4tt och man beh\u00f6ver ett tjockt lager smink f\u00f6r att f\u00e5 bort det helt &#8211; vilket varken blir naturligt eller h\u00e5llbart, speciellt inte kring n\u00e4svingarna d\u00e4r m\u00e5nga oftast har r\u00f6da omr\u00e5den. Nu t\u00e4nkte jag [&hellip;]<\/p>\n","protected":false},"author":30,"featured_media":21810,"comment_status":"open","ping_status":"closed","sticky":false,"template":"","format":"standard","meta":{"footnotes":""},"categories":[24,59,3919],"tags":[3540,3439,3690,3688,3436,3964,3965],"class_list":["post-21802","post","type-post","status-publish","format-standard","has-post-thumbnail","hentry","category-grundsmink","category-recensioner-produkttips","category-sminktips","tag-gron-ansiktsprimer","tag-gron-primer","tag-pixi-by-petra","tag-pixi-sverige","tag-rod-i-ansiktet","tag-sminka-bort-rodnader","tag-sminka-bort-rott-ansikte"],"yoast_head":"<!-- This site is optimized with the Yoast SEO Premium plugin v14.9 - https:\/\/yoast.com\/wordpress\/plugins\/seo\/ -->\n<meta name=\"description\" content=\"Att sminka bort r\u00f6dhet i ansiktet \u00e4r inte alltid j\u00e4tteenkelt, f\u00f6r r\u00f6tt \u00e4r en s\u00e5dan f\u00e4rg som lyser igenom sminket v\u00e4ldigt l\u00e4tt.\" \/>\n<meta name=\"robots\" content=\"index, follow, max-snippet:-1, max-image-preview:large, max-video-preview:-1\" \/>\n<link rel=\"canonical\" href=\"https:\/\/www.imakeyousmile.se\/en\/sa-sminkar-du-bort-rodhet-och-far-ett-naturligt-resultat\/\" \/>\n<meta property=\"og:locale\" content=\"en_US\" \/>\n<meta property=\"og:type\" content=\"article\" \/>\n<meta property=\"og:title\" content=\"S\u00e5 sminkar du bort r\u00f6dhet OCH f\u00e5r ett naturligt resultat | Imakeyousmile.se\" \/>\n<meta property=\"og:description\" content=\"Att sminka bort r\u00f6dhet i ansiktet \u00e4r inte alltid j\u00e4tteenkelt, f\u00f6r r\u00f6tt \u00e4r en s\u00e5dan f\u00e4rg som lyser igenom sminket v\u00e4ldigt l\u00e4tt.\" \/>\n<meta property=\"og:url\" content=\"https:\/\/www.imakeyousmile.se\/en\/sa-sminkar-du-bort-rodhet-och-far-ett-naturligt-resultat\/\" \/>\n<meta property=\"og:site_name\" content=\"Imakeyousmile.se\" \/>\n<meta property=\"article:author\" content=\"https:\/\/www.facebook.com\/imakeyousmile.se\" \/>\n<meta property=\"article:published_time\" content=\"2015-08-29T18:42:17+00:00\" \/>\n<meta property=\"article:modified_time\" content=\"2020-11-02T15:43:29+00:00\" \/>\n<meta property=\"og:image\" content=\"https:\/\/www.imakeyousmile.se\/wp-content\/uploads\/2015\/08\/IMG_3033_111-kopia.jpg\" \/>\n\t<meta property=\"og:image:width\" content=\"1506\" \/>\n\t<meta property=\"og:image:height\" content=\"1176\" \/>\n<meta name=\"twitter:card\" content=\"summary_large_image\" \/>\n<script type=\"application\/ld+json\" class=\"yoast-schema-graph\">{\"@context\":\"https:\/\/schema.org\",\"@graph\":[{\"@type\":\"Organization\",\"@id\":\"https:\/\/www.imakeyousmile.se\/en\/#organization\",\"name\":\"Imakeyousmile\",\"url\":\"https:\/\/www.imakeyousmile.se\/en\/\",\"sameAs\":[],\"logo\":{\"@type\":\"ImageObject\",\"@id\":\"https:\/\/www.imakeyousmile.se\/en\/#logo\",\"inLanguage\":\"en-US\",\"url\":\"https:\/\/www.imakeyousmile.se\/wp-content\/uploads\/2020\/10\/HELENA-AMILEY_SVART-1-e1603367975324.png\",\"width\":280,\"height\":93,\"caption\":\"Imakeyousmile\"},\"image\":{\"@id\":\"https:\/\/www.imakeyousmile.se\/en\/#logo\"}},{\"@type\":\"WebSite\",\"@id\":\"https:\/\/www.imakeyousmile.se\/en\/#website\",\"url\":\"https:\/\/www.imakeyousmile.se\/en\/\",\"name\":\"Imakeyousmile.se\",\"description\":\"Helena Amiley - Beauty, Entrepreneur, Lifestyle\",\"publisher\":{\"@id\":\"https:\/\/www.imakeyousmile.se\/en\/#organization\"},\"potentialAction\":[{\"@type\":\"SearchAction\",\"target\":\"https:\/\/www.imakeyousmile.se\/en\/?s={search_term_string}\",\"query-input\":\"required name=search_term_string\"}],\"inLanguage\":\"en-US\"},{\"@type\":\"ImageObject\",\"@id\":\"https:\/\/www.imakeyousmile.se\/sa-sminkar-du-bort-rodhet-och-far-ett-naturligt-resultat\/#primaryimage\",\"inLanguage\":\"en-US\",\"url\":\"https:\/\/www.imakeyousmile.se\/wp-content\/uploads\/2015\/08\/IMG_3033_111-kopia.jpg\",\"width\":1506,\"height\":1176},{\"@type\":\"WebPage\",\"@id\":\"https:\/\/www.imakeyousmile.se\/sa-sminkar-du-bort-rodhet-och-far-ett-naturligt-resultat\/#webpage\",\"url\":\"https:\/\/www.imakeyousmile.se\/sa-sminkar-du-bort-rodhet-och-far-ett-naturligt-resultat\/\",\"name\":\"S\\u00e5 sminkar du bort r\\u00f6dhet OCH f\\u00e5r ett naturligt resultat | Imakeyousmile.se\",\"isPartOf\":{\"@id\":\"https:\/\/www.imakeyousmile.se\/en\/#website\"},\"primaryImageOfPage\":{\"@id\":\"https:\/\/www.imakeyousmile.se\/sa-sminkar-du-bort-rodhet-och-far-ett-naturligt-resultat\/#primaryimage\"},\"datePublished\":\"2015-08-29T18:42:17+00:00\",\"dateModified\":\"2020-11-02T15:43:29+00:00\",\"description\":\"Att sminka bort r\\u00f6dhet i ansiktet \\u00e4r inte alltid j\\u00e4tteenkelt, f\\u00f6r r\\u00f6tt \\u00e4r en s\\u00e5dan f\\u00e4rg som lyser igenom sminket v\\u00e4ldigt l\\u00e4tt.\",\"inLanguage\":\"en-US\",\"potentialAction\":[{\"@type\":\"ReadAction\",\"target\":[\"https:\/\/www.imakeyousmile.se\/sa-sminkar-du-bort-rodhet-och-far-ett-naturligt-resultat\/\"]}]},{\"@type\":\"Article\",\"@id\":\"https:\/\/www.imakeyousmile.se\/sa-sminkar-du-bort-rodhet-och-far-ett-naturligt-resultat\/#article\",\"isPartOf\":{\"@id\":\"https:\/\/www.imakeyousmile.se\/sa-sminkar-du-bort-rodhet-och-far-ett-naturligt-resultat\/#webpage\"},\"author\":{\"@id\":\"https:\/\/www.imakeyousmile.se\/en\/#\/schema\/person\/b0fd43b1c6bb1c60cfd68bff9b4a10fb\"},\"headline\":\"S\\u00e5 sminkar du bort r\\u00f6dhet OCH f\\u00e5r ett naturligt resultat\",\"datePublished\":\"2015-08-29T18:42:17+00:00\",\"dateModified\":\"2020-11-02T15:43:29+00:00\",\"mainEntityOfPage\":{\"@id\":\"https:\/\/www.imakeyousmile.se\/sa-sminkar-du-bort-rodhet-och-far-ett-naturligt-resultat\/#webpage\"},\"commentCount\":0,\"publisher\":{\"@id\":\"https:\/\/www.imakeyousmile.se\/en\/#organization\"},\"image\":{\"@id\":\"https:\/\/www.imakeyousmile.se\/sa-sminkar-du-bort-rodhet-och-far-ett-naturligt-resultat\/#primaryimage\"},\"keywords\":\"gr\\u00f6n ansiktsprimer,gr\\u00f6n primer,pixi by petra,pixi sverige,r\\u00f6d i ansiktet,sminka bort rodnader,sminka bort r\\u00f6tt ansikte\",\"articleSection\":\"Bassmink,Recensioner &amp; Produkttips,Sminktips\",\"inLanguage\":\"en-US\",\"potentialAction\":[{\"@type\":\"CommentAction\",\"name\":\"Comment\",\"target\":[\"https:\/\/www.imakeyousmile.se\/sa-sminkar-du-bort-rodhet-och-far-ett-naturligt-resultat\/#respond\"]}]},{\"@type\":\"Person\",\"@id\":\"https:\/\/www.imakeyousmile.se\/en\/#\/schema\/person\/b0fd43b1c6bb1c60cfd68bff9b4a10fb\",\"name\":\"Helena Amiley\",\"image\":{\"@type\":\"ImageObject\",\"@id\":\"https:\/\/www.imakeyousmile.se\/en\/#personlogo\",\"inLanguage\":\"en-US\",\"url\":\"https:\/\/secure.gravatar.com\/avatar\/5645558e1e355457a23368d7e1b4c904?s=96&d=mm&r=g\",\"caption\":\"Helena Amiley\"},\"description\":\"Jag skriver mest om sk\\u00f6nhet men bjuder \\u00e4ven p\\u00e5 glimtar fr\\u00e5n entrepren\\u00f6rlivet och bygget av v\\u00e5r egen camper van. Vanlife here we come!\",\"sameAs\":[\"https:\/\/www.facebook.com\/imakeyousmile.se\",\"https:\/\/www.instagram.com\/helenaamiley\",\"https:\/\/www.youtube.com\/channel\/UCR5iB6rvpV6Yr8ZjpQfr5mg?view_as=subscriber\"]}]}<\/script>\n<!-- \/ Yoast SEO Premium plugin. -->","_links":{"self":[{"href":"https:\/\/www.imakeyousmile.se\/en\/wp-json\/wp\/v2\/posts\/21802"}],"collection":[{"href":"https:\/\/www.imakeyousmile.se\/en\/wp-json\/wp\/v2\/posts"}],"about":[{"href":"https:\/\/www.imakeyousmile.se\/en\/wp-json\/wp\/v2\/types\/post"}],"author":[{"embeddable":true,"href":"https:\/\/www.imakeyousmile.se\/en\/wp-json\/wp\/v2\/users\/30"}],"replies":[{"embeddable":true,"href":"https:\/\/www.imakeyousmile.se\/en\/wp-json\/wp\/v2\/comments?post=21802"}],"version-history":[{"count":4,"href":"https:\/\/www.imakeyousmile.se\/en\/wp-json\/wp\/v2\/posts\/21802\/revisions"}],"predecessor-version":[{"id":38279,"href":"https:\/\/www.imakeyousmile.se\/en\/wp-json\/wp\/v2\/posts\/21802\/revisions\/38279"}],"wp:featuredmedia":[{"embeddable":true,"href":"https:\/\/www.imakeyousmile.se\/en\/wp-json\/wp\/v2\/media\/21810"}],"wp:attachment":[{"href":"https:\/\/www.imakeyousmile.se\/en\/wp-json\/wp\/v2\/media?parent=21802"}],"wp:term":[{"taxonomy":"category","embeddable":true,"href":"https:\/\/www.imakeyousmile.se\/en\/wp-json\/wp\/v2\/categories?post=21802"},{"taxonomy":"post_tag","embeddable":true,"href":"https:\/\/www.imakeyousmile.se\/en\/wp-json\/wp\/v2\/tags?post=21802"}],"curies":[{"name":"wp","href":"https:\/\/api.w.org\/{rel}","templated":true}]}}