{"id":21869,"date":"2015-09-03T06:00:33","date_gmt":"2015-09-03T04:00:33","guid":{"rendered":"http:\/\/www.imakeyousmile.se\/?p=21869"},"modified":"2015-09-02T23:26:15","modified_gmt":"2015-09-02T21:26:15","slug":"tbt-min-forsta-sminkkonsultation","status":"publish","type":"post","link":"https:\/\/www.imakeyousmile.se\/en\/tbt-my-understand-makeup-consultation\/","title":{"rendered":"Tbt - My first make-up consultation!"},"content":{"rendered":"<p>I love that I love my job, do you understand the feeling?<a href=\"http:\/\/www.imakeyousmile.se\/wp-content\/uploads\/2015\/09\/IMG_9040.jpg\"><br \/>\n<\/a><\/p>\n<p>I often get a intoxication through my whole body, even incredibly small things can make me really happy. And then Miska often laughs at me (in a heartfelt way) because I get so red-flamed on the chest, so there as some get when we are hot, stressed, nervous or the like. \u201d<em>Are you warm?<\/em>&#8221; &#8221;<em>no I just get so eager and happy!<\/em>&quot; Lol. And it can be as little as trying a new makeup brand or so :)<\/p>\n<p>Today I got that feeling of intoxication, because all the make-up I have done at Creative Make Up lately has been consultations - and then I have always only used gloMinerals which are sold at the salon now, because products are included in the price so I only show things that can be traded. But today I have two test make-ups booked (I have bridal make-up two weekends in a row now) and then I can choose any brand!<\/p>\n<p>So now I have packed the make-up bag, and it is basically only products from Byher.se :) And then it also struck me that in just one month, all consultations will also be done with them, it will be so much fun!<\/p>\n<p><a href=\"http:\/\/www.imakeyousmile.se\/wp-content\/uploads\/2015\/09\/IMG_9040.jpg\"><img loading=\"lazy\" decoding=\"async\" class=\"alignnone size-full wp-image-21870\" src=\"http:\/\/www.imakeyousmile.se\/wp-content\/uploads\/2015\/09\/IMG_9040.jpg\" alt=\"IMG_9040\" width=\"800\" height=\"533\" srcset=\"https:\/\/www.imakeyousmile.se\/wp-content\/uploads\/2015\/09\/IMG_9040.jpg 800w, https:\/\/www.imakeyousmile.se\/wp-content\/uploads\/2015\/09\/IMG_9040-300x200.jpg 300w, https:\/\/www.imakeyousmile.se\/wp-content\/uploads\/2015\/09\/IMG_9040-696x464.jpg 696w, https:\/\/www.imakeyousmile.se\/wp-content\/uploads\/2015\/09\/IMG_9040-630x420.jpg 630w\" sizes=\"(max-width: 800px) 100vw, 800px\" \/><\/a><\/p>\n<p>Therefore, a little fittingly offers a picture from my very first make-up consultation I held at Creative Make Up! It was my classmate who had bought it as a Christmas present for his mother, I was still in high school and I remember how professional I felt being in the salon all alone when it was the weekend.<\/p>\n<p>Oh what fun it would have been if it was on film, so I could have listened today :)<\/p>\n<p>On February 4, 2012, these photos were taken!<\/p>\n<p><a href=\"http:\/\/www.imakeyousmile.se\/wp-content\/uploads\/2015\/09\/IMG_9042.jpg\"><img loading=\"lazy\" decoding=\"async\" class=\"alignnone size-full wp-image-21871\" src=\"http:\/\/www.imakeyousmile.se\/wp-content\/uploads\/2015\/09\/IMG_9042.jpg\" alt=\"IMG_9042\" width=\"800\" height=\"533\" srcset=\"https:\/\/www.imakeyousmile.se\/wp-content\/uploads\/2015\/09\/IMG_9042.jpg 800w, https:\/\/www.imakeyousmile.se\/wp-content\/uploads\/2015\/09\/IMG_9042-300x200.jpg 300w, https:\/\/www.imakeyousmile.se\/wp-content\/uploads\/2015\/09\/IMG_9042-696x464.jpg 696w, https:\/\/www.imakeyousmile.se\/wp-content\/uploads\/2015\/09\/IMG_9042-630x420.jpg 630w\" sizes=\"(max-width: 800px) 100vw, 800px\" \/><\/a><\/p>\n<p>I have had time to cut my hair and let it grow long again at this time :)<\/p>\n<p>Now I have to run to the bus, hug you \u2665<\/p>","protected":false},"excerpt":{"rendered":"<p>Jag \u00e4lskar att jag \u00e4lskar mitt jobb,\u00a0f\u00f6rst\u00e5r ni k\u00e4nslan? Jag f\u00e5r j\u00e4tteofta ett rus genom hela kroppen, \u00e4ven otroligt sm\u00e5 grejer kan g\u00f6ra mig riktigt lycklig. Och d\u00e5 brukar ofta Miska skratta \u00e5t mig (p\u00e5 ett hj\u00e4rtligt s\u00e4tt) f\u00f6r att jag blir s\u00e5 r\u00f6dflammig p\u00e5 br\u00f6stkorgen, s\u00e5 d\u00e4r som vissa f\u00e5r n\u00e4r vi \u00e4r varma, [&hellip;]<\/p>\n","protected":false},"author":30,"featured_media":21870,"comment_status":"open","ping_status":"closed","sticky":false,"template":"","format":"standard","meta":{"footnotes":""},"categories":[3],"tags":[],"class_list":["post-21869","post","type-post","status-publish","format-standard","has-post-thumbnail","hentry","category-allmant"],"yoast_head":"<!-- This site is optimized with the Yoast SEO Premium plugin v14.9 - https:\/\/yoast.com\/wordpress\/plugins\/seo\/ -->\n<meta name=\"description\" content=\"Tbt - Min f\u00f6rsta sminkkonsultation! | Helena Amiley - H\u00e4r hittar du senaste infromation om sk\u00f6nhet, livsstil, entrepren\u00f6rskap, makeup &amp; tips.\" \/>\n<meta name=\"robots\" content=\"index, follow, max-snippet:-1, max-image-preview:large, max-video-preview:-1\" \/>\n<link rel=\"canonical\" href=\"https:\/\/www.imakeyousmile.se\/en\/tbt-min-forsta-sminkkonsultation\/\" \/>\n<meta property=\"og:locale\" content=\"en_US\" \/>\n<meta property=\"og:type\" content=\"article\" \/>\n<meta property=\"og:title\" content=\"Tbt - Min f\u00f6rsta sminkkonsultation! | Imakeyousmile.se\" \/>\n<meta property=\"og:description\" content=\"Tbt - Min f\u00f6rsta sminkkonsultation! | Helena Amiley - H\u00e4r hittar du senaste infromation om sk\u00f6nhet, livsstil, entrepren\u00f6rskap, makeup &amp; tips.\" \/>\n<meta property=\"og:url\" content=\"https:\/\/www.imakeyousmile.se\/en\/tbt-min-forsta-sminkkonsultation\/\" \/>\n<meta property=\"og:site_name\" content=\"Imakeyousmile.se\" \/>\n<meta property=\"article:author\" content=\"https:\/\/www.facebook.com\/imakeyousmile.se\" \/>\n<meta property=\"article:published_time\" content=\"2015-09-03T04:00:33+00:00\" \/>\n<meta property=\"article:modified_time\" content=\"2015-09-02T21:26:15+00:00\" \/>\n<meta property=\"og:image\" content=\"https:\/\/www.imakeyousmile.se\/wp-content\/uploads\/2015\/09\/IMG_9040.jpg\" \/>\n\t<meta property=\"og:image:width\" content=\"800\" \/>\n\t<meta property=\"og:image:height\" content=\"533\" \/>\n<meta name=\"twitter:card\" content=\"summary_large_image\" \/>\n<script type=\"application\/ld+json\" class=\"yoast-schema-graph\">{\"@context\":\"https:\/\/schema.org\",\"@graph\":[{\"@type\":\"Organization\",\"@id\":\"https:\/\/www.imakeyousmile.se\/en\/#organization\",\"name\":\"Imakeyousmile\",\"url\":\"https:\/\/www.imakeyousmile.se\/en\/\",\"sameAs\":[],\"logo\":{\"@type\":\"ImageObject\",\"@id\":\"https:\/\/www.imakeyousmile.se\/en\/#logo\",\"inLanguage\":\"en-US\",\"url\":\"https:\/\/www.imakeyousmile.se\/wp-content\/uploads\/2020\/10\/HELENA-AMILEY_SVART-1-e1603367975324.png\",\"width\":280,\"height\":93,\"caption\":\"Imakeyousmile\"},\"image\":{\"@id\":\"https:\/\/www.imakeyousmile.se\/en\/#logo\"}},{\"@type\":\"WebSite\",\"@id\":\"https:\/\/www.imakeyousmile.se\/en\/#website\",\"url\":\"https:\/\/www.imakeyousmile.se\/en\/\",\"name\":\"Imakeyousmile.se\",\"description\":\"Helena Amiley - Beauty, Entrepreneur, Lifestyle\",\"publisher\":{\"@id\":\"https:\/\/www.imakeyousmile.se\/en\/#organization\"},\"potentialAction\":[{\"@type\":\"SearchAction\",\"target\":\"https:\/\/www.imakeyousmile.se\/en\/?s={search_term_string}\",\"query-input\":\"required name=search_term_string\"}],\"inLanguage\":\"en-US\"},{\"@type\":\"ImageObject\",\"@id\":\"https:\/\/www.imakeyousmile.se\/tbt-min-forsta-sminkkonsultation\/#primaryimage\",\"inLanguage\":\"en-US\",\"url\":\"https:\/\/www.imakeyousmile.se\/wp-content\/uploads\/2015\/09\/IMG_9040.jpg\",\"width\":800,\"height\":533},{\"@type\":\"WebPage\",\"@id\":\"https:\/\/www.imakeyousmile.se\/tbt-min-forsta-sminkkonsultation\/#webpage\",\"url\":\"https:\/\/www.imakeyousmile.se\/tbt-min-forsta-sminkkonsultation\/\",\"name\":\"Tbt - Min f\\u00f6rsta sminkkonsultation! | Imakeyousmile.se\",\"isPartOf\":{\"@id\":\"https:\/\/www.imakeyousmile.se\/en\/#website\"},\"primaryImageOfPage\":{\"@id\":\"https:\/\/www.imakeyousmile.se\/tbt-min-forsta-sminkkonsultation\/#primaryimage\"},\"datePublished\":\"2015-09-03T04:00:33+00:00\",\"dateModified\":\"2015-09-02T21:26:15+00:00\",\"description\":\"Tbt - Min f\\u00f6rsta sminkkonsultation! | Helena Amiley - H\\u00e4r hittar du senaste infromation om sk\\u00f6nhet, livsstil, entrepren\\u00f6rskap, makeup & tips.\",\"inLanguage\":\"en-US\",\"potentialAction\":[{\"@type\":\"ReadAction\",\"target\":[\"https:\/\/www.imakeyousmile.se\/tbt-min-forsta-sminkkonsultation\/\"]}]},{\"@type\":\"Article\",\"@id\":\"https:\/\/www.imakeyousmile.se\/tbt-min-forsta-sminkkonsultation\/#article\",\"isPartOf\":{\"@id\":\"https:\/\/www.imakeyousmile.se\/tbt-min-forsta-sminkkonsultation\/#webpage\"},\"author\":{\"@id\":\"https:\/\/www.imakeyousmile.se\/en\/#\/schema\/person\/b0fd43b1c6bb1c60cfd68bff9b4a10fb\"},\"headline\":\"Tbt &#8211; Min f\\u00f6rsta sminkkonsultation!\",\"datePublished\":\"2015-09-03T04:00:33+00:00\",\"dateModified\":\"2015-09-02T21:26:15+00:00\",\"mainEntityOfPage\":{\"@id\":\"https:\/\/www.imakeyousmile.se\/tbt-min-forsta-sminkkonsultation\/#webpage\"},\"commentCount\":0,\"publisher\":{\"@id\":\"https:\/\/www.imakeyousmile.se\/en\/#organization\"},\"image\":{\"@id\":\"https:\/\/www.imakeyousmile.se\/tbt-min-forsta-sminkkonsultation\/#primaryimage\"},\"articleSection\":\"\\u00d6vrigt\",\"inLanguage\":\"en-US\",\"potentialAction\":[{\"@type\":\"CommentAction\",\"name\":\"Comment\",\"target\":[\"https:\/\/www.imakeyousmile.se\/tbt-min-forsta-sminkkonsultation\/#respond\"]}]},{\"@type\":\"Person\",\"@id\":\"https:\/\/www.imakeyousmile.se\/en\/#\/schema\/person\/b0fd43b1c6bb1c60cfd68bff9b4a10fb\",\"name\":\"Helena Amiley\",\"image\":{\"@type\":\"ImageObject\",\"@id\":\"https:\/\/www.imakeyousmile.se\/en\/#personlogo\",\"inLanguage\":\"en-US\",\"url\":\"https:\/\/secure.gravatar.com\/avatar\/5645558e1e355457a23368d7e1b4c904?s=96&d=mm&r=g\",\"caption\":\"Helena Amiley\"},\"description\":\"Jag skriver mest om sk\\u00f6nhet men bjuder \\u00e4ven p\\u00e5 glimtar fr\\u00e5n entrepren\\u00f6rlivet och bygget av v\\u00e5r egen camper van. Vanlife here we come!\",\"sameAs\":[\"https:\/\/www.facebook.com\/imakeyousmile.se\",\"https:\/\/www.instagram.com\/helenaamiley\",\"https:\/\/www.youtube.com\/channel\/UCR5iB6rvpV6Yr8ZjpQfr5mg?view_as=subscriber\"]}]}<\/script>\n<!-- \/ Yoast SEO Premium plugin. -->","_links":{"self":[{"href":"https:\/\/www.imakeyousmile.se\/en\/wp-json\/wp\/v2\/posts\/21869"}],"collection":[{"href":"https:\/\/www.imakeyousmile.se\/en\/wp-json\/wp\/v2\/posts"}],"about":[{"href":"https:\/\/www.imakeyousmile.se\/en\/wp-json\/wp\/v2\/types\/post"}],"author":[{"embeddable":true,"href":"https:\/\/www.imakeyousmile.se\/en\/wp-json\/wp\/v2\/users\/30"}],"replies":[{"embeddable":true,"href":"https:\/\/www.imakeyousmile.se\/en\/wp-json\/wp\/v2\/comments?post=21869"}],"version-history":[{"count":3,"href":"https:\/\/www.imakeyousmile.se\/en\/wp-json\/wp\/v2\/posts\/21869\/revisions"}],"predecessor-version":[{"id":21874,"href":"https:\/\/www.imakeyousmile.se\/en\/wp-json\/wp\/v2\/posts\/21869\/revisions\/21874"}],"wp:featuredmedia":[{"embeddable":true,"href":"https:\/\/www.imakeyousmile.se\/en\/wp-json\/wp\/v2\/media\/21870"}],"wp:attachment":[{"href":"https:\/\/www.imakeyousmile.se\/en\/wp-json\/wp\/v2\/media?parent=21869"}],"wp:term":[{"taxonomy":"category","embeddable":true,"href":"https:\/\/www.imakeyousmile.se\/en\/wp-json\/wp\/v2\/categories?post=21869"},{"taxonomy":"post_tag","embeddable":true,"href":"https:\/\/www.imakeyousmile.se\/en\/wp-json\/wp\/v2\/tags?post=21869"}],"curies":[{"name":"wp","href":"https:\/\/api.w.org\/{rel}","templated":true}]}}