{"id":22075,"date":"2015-09-21T05:28:47","date_gmt":"2015-09-21T03:28:47","guid":{"rendered":"http:\/\/www.imakeyousmile.se\/?p=22075"},"modified":"2015-09-20T11:47:49","modified_gmt":"2015-09-20T09:47:49","slug":"kom-pa-premiaren-av-creative-makeup-by-her","status":"publish","type":"post","link":"https:\/\/www.imakeyousmile.se\/en\/come-to-the-premiere-of-creative-makeup-by-here\/","title":{"rendered":"Come to the premiere of Creative Makeup By Her!"},"content":{"rendered":"<p>Now it&#039;s finally Monday, our makeup artist Sandra starts today and also Zahra who has just attended a makeup training and will have an internship with us two days a week :)<\/p>\n<p>And on Friday we open !!! We will celebrate it with an open house (if you can call it that when it is a shop, it is probably always an open house hihi) and lots of opening offers!<\/p>\n<p><a href=\"http:\/\/www.imakeyousmile.se\/wp-content\/uploads\/2015\/09\/facebook-event.jpg\"><img loading=\"lazy\" decoding=\"async\" class=\"alignnone size-full wp-image-22076\" src=\"http:\/\/www.imakeyousmile.se\/wp-content\/uploads\/2015\/09\/facebook-event.jpg\" alt=\"facebook event\" width=\"1920\" height=\"1018\" srcset=\"https:\/\/www.imakeyousmile.se\/wp-content\/uploads\/2015\/09\/facebook-event.jpg 1920w, https:\/\/www.imakeyousmile.se\/wp-content\/uploads\/2015\/09\/facebook-event-300x159.jpg 300w, https:\/\/www.imakeyousmile.se\/wp-content\/uploads\/2015\/09\/facebook-event-1024x543.jpg 1024w, https:\/\/www.imakeyousmile.se\/wp-content\/uploads\/2015\/09\/facebook-event-696x369.jpg 696w, https:\/\/www.imakeyousmile.se\/wp-content\/uploads\/2015\/09\/facebook-event-1068x566.jpg 1068w, https:\/\/www.imakeyousmile.se\/wp-content\/uploads\/2015\/09\/facebook-event-792x420.jpg 792w\" sizes=\"(max-width: 1920px) 100vw, 1920px\" \/><\/a><\/p>\n<p><strong>\u2665 The first 50 who trade get a highlighter palette from gloMinerals<\/strong> (you can see a make-up with it in <strong><a href=\"http:\/\/www.imakeyousmile.se\/en\/naturlig-ogonmakeup-med-lyster\/\" target=\"_blank\">this post<\/a>)<\/strong><br \/>\n<strong>\u2665 20% discount on the entire gloMinerals range<\/strong><br \/>\n<strong>\u2665 Buy two products from Pixi and get the Tinted Brilliance Balm (Pretty Pink) lipstick for free<\/strong><br \/>\n<strong>\u2665 Super nice eye shadow from Paese on the purchase, when buying Paese products for SEK 300<\/strong><br \/>\n<strong>\u2665 15% discount on all bookings made <span style=\"text-decoration: underline;\">in the store<\/span> these two days (applies to makeup, makeup consultation, lashes and eyebrows)<\/strong><\/p>\n<p>It can be filled with more offers before the big day as well, and these apply during the weekend (September 25th and 26th). So I hope that you who live nearby peek past when you have time \u2665<\/p>\n<p><a href=\"http:\/\/www.imakeyousmile.se\/wp-content\/uploads\/2015\/09\/cmubyherlogo-rosa.png\"><img loading=\"lazy\" decoding=\"async\" class=\"alignnone size-full wp-image-22077\" src=\"http:\/\/www.imakeyousmile.se\/wp-content\/uploads\/2015\/09\/cmubyherlogo-rosa.png\" alt=\"cmubyherlogo-rosa\" width=\"1931\" height=\"783\" srcset=\"https:\/\/www.imakeyousmile.se\/wp-content\/uploads\/2015\/09\/cmubyherlogo-rosa.png 1931w, https:\/\/www.imakeyousmile.se\/wp-content\/uploads\/2015\/09\/cmubyherlogo-rosa-300x122.png 300w, https:\/\/www.imakeyousmile.se\/wp-content\/uploads\/2015\/09\/cmubyherlogo-rosa-1024x415.png 1024w, https:\/\/www.imakeyousmile.se\/wp-content\/uploads\/2015\/09\/cmubyherlogo-rosa-696x282.png 696w, https:\/\/www.imakeyousmile.se\/wp-content\/uploads\/2015\/09\/cmubyherlogo-rosa-1068x433.png 1068w, https:\/\/www.imakeyousmile.se\/wp-content\/uploads\/2015\/09\/cmubyherlogo-rosa-1036x420.png 1036w\" sizes=\"(max-width: 1931px) 100vw, 1931px\" \/><\/a>More pictures and info about the opening, opening hours, etc. I thought I would blog about soon :)<\/p>\n<p>Hugs are! \u2665<\/p>","protected":false},"excerpt":{"rendered":"<p>Nu \u00e4r det \u00e4ntligen m\u00e5ndag, v\u00e5r makeupartist Sandra b\u00f6rjar idag och \u00e4ven Zahra som precis har g\u00e5tt en makeuputbildning och kommer ha praktik hos oss tv\u00e5 dagar i veckan :) Och p\u00e5 fredag \u00f6ppnar vi!!! Vi kommer fira det med \u00f6ppet hus (om man kan kalla det s\u00e5 n\u00e4r det \u00e4r en butik, det \u00e4r [&hellip;]<\/p>\n","protected":false},"author":30,"featured_media":22076,"comment_status":"open","ping_status":"closed","sticky":false,"template":"","format":"standard","meta":{"footnotes":""},"categories":[4032],"tags":[],"class_list":["post-22075","post","type-post","status-publish","format-standard","has-post-thumbnail","hentry","category-creative-makeup-by-her"],"yoast_head":"<!-- This site is optimized with the Yoast SEO Premium plugin v14.9 - https:\/\/yoast.com\/wordpress\/plugins\/seo\/ -->\n<meta name=\"description\" content=\"Kom p\u00e5 premi\u00e4ren av Creative Makeup By Her! | Helena Amiley - H\u00e4r hittar du senaste infromation om sk\u00f6nhet, livsstil, entrepren\u00f6rskap, makeup &amp; tips.\" \/>\n<meta name=\"robots\" content=\"index, follow, max-snippet:-1, max-image-preview:large, max-video-preview:-1\" \/>\n<link rel=\"canonical\" href=\"https:\/\/www.imakeyousmile.se\/en\/kom-pa-premiaren-av-creative-makeup-by-her\/\" \/>\n<meta property=\"og:locale\" content=\"en_US\" \/>\n<meta property=\"og:type\" content=\"article\" \/>\n<meta property=\"og:title\" content=\"Kom p\u00e5 premi\u00e4ren av Creative Makeup By Her! | Imakeyousmile.se\" \/>\n<meta property=\"og:description\" content=\"Kom p\u00e5 premi\u00e4ren av Creative Makeup By Her! | Helena Amiley - H\u00e4r hittar du senaste infromation om sk\u00f6nhet, livsstil, entrepren\u00f6rskap, makeup &amp; tips.\" \/>\n<meta property=\"og:url\" content=\"https:\/\/www.imakeyousmile.se\/en\/kom-pa-premiaren-av-creative-makeup-by-her\/\" \/>\n<meta property=\"og:site_name\" content=\"Imakeyousmile.se\" \/>\n<meta property=\"article:author\" content=\"https:\/\/www.facebook.com\/imakeyousmile.se\" \/>\n<meta property=\"article:published_time\" content=\"2015-09-21T03:28:47+00:00\" \/>\n<meta property=\"article:modified_time\" content=\"2015-09-20T09:47:49+00:00\" \/>\n<meta property=\"og:image\" content=\"https:\/\/www.imakeyousmile.se\/wp-content\/uploads\/2015\/09\/facebook-event.jpg\" \/>\n\t<meta property=\"og:image:width\" content=\"1920\" \/>\n\t<meta property=\"og:image:height\" content=\"1018\" \/>\n<meta name=\"twitter:card\" content=\"summary_large_image\" \/>\n<script type=\"application\/ld+json\" class=\"yoast-schema-graph\">{\"@context\":\"https:\/\/schema.org\",\"@graph\":[{\"@type\":\"Organization\",\"@id\":\"https:\/\/www.imakeyousmile.se\/en\/#organization\",\"name\":\"Imakeyousmile\",\"url\":\"https:\/\/www.imakeyousmile.se\/en\/\",\"sameAs\":[],\"logo\":{\"@type\":\"ImageObject\",\"@id\":\"https:\/\/www.imakeyousmile.se\/en\/#logo\",\"inLanguage\":\"en-US\",\"url\":\"https:\/\/www.imakeyousmile.se\/wp-content\/uploads\/2020\/10\/HELENA-AMILEY_SVART-1-e1603367975324.png\",\"width\":280,\"height\":93,\"caption\":\"Imakeyousmile\"},\"image\":{\"@id\":\"https:\/\/www.imakeyousmile.se\/en\/#logo\"}},{\"@type\":\"WebSite\",\"@id\":\"https:\/\/www.imakeyousmile.se\/en\/#website\",\"url\":\"https:\/\/www.imakeyousmile.se\/en\/\",\"name\":\"Imakeyousmile.se\",\"description\":\"Helena Amiley - Beauty, Entrepreneur, Lifestyle\",\"publisher\":{\"@id\":\"https:\/\/www.imakeyousmile.se\/en\/#organization\"},\"potentialAction\":[{\"@type\":\"SearchAction\",\"target\":\"https:\/\/www.imakeyousmile.se\/en\/?s={search_term_string}\",\"query-input\":\"required name=search_term_string\"}],\"inLanguage\":\"en-US\"},{\"@type\":\"ImageObject\",\"@id\":\"https:\/\/www.imakeyousmile.se\/kom-pa-premiaren-av-creative-makeup-by-her\/#primaryimage\",\"inLanguage\":\"en-US\",\"url\":\"https:\/\/www.imakeyousmile.se\/wp-content\/uploads\/2015\/09\/facebook-event.jpg\",\"width\":1920,\"height\":1018},{\"@type\":\"WebPage\",\"@id\":\"https:\/\/www.imakeyousmile.se\/kom-pa-premiaren-av-creative-makeup-by-her\/#webpage\",\"url\":\"https:\/\/www.imakeyousmile.se\/kom-pa-premiaren-av-creative-makeup-by-her\/\",\"name\":\"Kom p\\u00e5 premi\\u00e4ren av Creative Makeup By Her! | Imakeyousmile.se\",\"isPartOf\":{\"@id\":\"https:\/\/www.imakeyousmile.se\/en\/#website\"},\"primaryImageOfPage\":{\"@id\":\"https:\/\/www.imakeyousmile.se\/kom-pa-premiaren-av-creative-makeup-by-her\/#primaryimage\"},\"datePublished\":\"2015-09-21T03:28:47+00:00\",\"dateModified\":\"2015-09-20T09:47:49+00:00\",\"description\":\"Kom p\\u00e5 premi\\u00e4ren av Creative Makeup By Her! | Helena Amiley - H\\u00e4r hittar du senaste infromation om sk\\u00f6nhet, livsstil, entrepren\\u00f6rskap, makeup & tips.\",\"inLanguage\":\"en-US\",\"potentialAction\":[{\"@type\":\"ReadAction\",\"target\":[\"https:\/\/www.imakeyousmile.se\/kom-pa-premiaren-av-creative-makeup-by-her\/\"]}]},{\"@type\":\"Article\",\"@id\":\"https:\/\/www.imakeyousmile.se\/kom-pa-premiaren-av-creative-makeup-by-her\/#article\",\"isPartOf\":{\"@id\":\"https:\/\/www.imakeyousmile.se\/kom-pa-premiaren-av-creative-makeup-by-her\/#webpage\"},\"author\":{\"@id\":\"https:\/\/www.imakeyousmile.se\/en\/#\/schema\/person\/b0fd43b1c6bb1c60cfd68bff9b4a10fb\"},\"headline\":\"Kom p\\u00e5 premi\\u00e4ren av Creative Makeup By Her!\",\"datePublished\":\"2015-09-21T03:28:47+00:00\",\"dateModified\":\"2015-09-20T09:47:49+00:00\",\"mainEntityOfPage\":{\"@id\":\"https:\/\/www.imakeyousmile.se\/kom-pa-premiaren-av-creative-makeup-by-her\/#webpage\"},\"commentCount\":4,\"publisher\":{\"@id\":\"https:\/\/www.imakeyousmile.se\/en\/#organization\"},\"image\":{\"@id\":\"https:\/\/www.imakeyousmile.se\/kom-pa-premiaren-av-creative-makeup-by-her\/#primaryimage\"},\"articleSection\":\"Creative Makeup\",\"inLanguage\":\"en-US\",\"potentialAction\":[{\"@type\":\"CommentAction\",\"name\":\"Comment\",\"target\":[\"https:\/\/www.imakeyousmile.se\/kom-pa-premiaren-av-creative-makeup-by-her\/#respond\"]}]},{\"@type\":\"Person\",\"@id\":\"https:\/\/www.imakeyousmile.se\/en\/#\/schema\/person\/b0fd43b1c6bb1c60cfd68bff9b4a10fb\",\"name\":\"Helena Amiley\",\"image\":{\"@type\":\"ImageObject\",\"@id\":\"https:\/\/www.imakeyousmile.se\/en\/#personlogo\",\"inLanguage\":\"en-US\",\"url\":\"https:\/\/secure.gravatar.com\/avatar\/5645558e1e355457a23368d7e1b4c904?s=96&d=mm&r=g\",\"caption\":\"Helena Amiley\"},\"description\":\"Jag skriver mest om sk\\u00f6nhet men bjuder \\u00e4ven p\\u00e5 glimtar fr\\u00e5n entrepren\\u00f6rlivet och bygget av v\\u00e5r egen camper van. Vanlife here we come!\",\"sameAs\":[\"https:\/\/www.facebook.com\/imakeyousmile.se\",\"https:\/\/www.instagram.com\/helenaamiley\",\"https:\/\/www.youtube.com\/channel\/UCR5iB6rvpV6Yr8ZjpQfr5mg?view_as=subscriber\"]}]}<\/script>\n<!-- \/ Yoast SEO Premium plugin. -->","_links":{"self":[{"href":"https:\/\/www.imakeyousmile.se\/en\/wp-json\/wp\/v2\/posts\/22075"}],"collection":[{"href":"https:\/\/www.imakeyousmile.se\/en\/wp-json\/wp\/v2\/posts"}],"about":[{"href":"https:\/\/www.imakeyousmile.se\/en\/wp-json\/wp\/v2\/types\/post"}],"author":[{"embeddable":true,"href":"https:\/\/www.imakeyousmile.se\/en\/wp-json\/wp\/v2\/users\/30"}],"replies":[{"embeddable":true,"href":"https:\/\/www.imakeyousmile.se\/en\/wp-json\/wp\/v2\/comments?post=22075"}],"version-history":[{"count":3,"href":"https:\/\/www.imakeyousmile.se\/en\/wp-json\/wp\/v2\/posts\/22075\/revisions"}],"predecessor-version":[{"id":22080,"href":"https:\/\/www.imakeyousmile.se\/en\/wp-json\/wp\/v2\/posts\/22075\/revisions\/22080"}],"wp:featuredmedia":[{"embeddable":true,"href":"https:\/\/www.imakeyousmile.se\/en\/wp-json\/wp\/v2\/media\/22076"}],"wp:attachment":[{"href":"https:\/\/www.imakeyousmile.se\/en\/wp-json\/wp\/v2\/media?parent=22075"}],"wp:term":[{"taxonomy":"category","embeddable":true,"href":"https:\/\/www.imakeyousmile.se\/en\/wp-json\/wp\/v2\/categories?post=22075"},{"taxonomy":"post_tag","embeddable":true,"href":"https:\/\/www.imakeyousmile.se\/en\/wp-json\/wp\/v2\/tags?post=22075"}],"curies":[{"name":"wp","href":"https:\/\/api.w.org\/{rel}","templated":true}]}}