{"id":22163,"date":"2015-10-01T17:47:52","date_gmt":"2015-10-01T15:47:52","guid":{"rendered":"http:\/\/www.imakeyousmile.se\/?p=22163"},"modified":"2015-10-01T17:47:52","modified_gmt":"2015-10-01T15:47:52","slug":"colorful-neon-makeup","status":"publish","type":"post","link":"https:\/\/www.imakeyousmile.se\/en\/colorful-neon-makeup\/","title":{"rendered":"Colorful neon makeup"},"content":{"rendered":"<p>Today I got home a kit with a press sample on Yves Rocher&#039;s new eyeliner pens that are incredibly pigment-rich, and I was so happy that I did not have time to put on make-up yet because then I could put them to the test immediately :)<\/p>\n<p>I blog now right after I put on make-up so I can not determine the durability and such details yet, but I love to paint with them!<\/p>\n<p>Here is today&#039;s colorful look where I used these pencils in the shades Lemon, Blue Agave and Rose fuchsia:<\/p>\n<p><a href=\"http:\/\/www.imakeyousmile.se\/wp-content\/uploads\/2015\/10\/IMG_5763_111.jpg\"><img loading=\"lazy\" decoding=\"async\" class=\"alignnone size-full wp-image-22166\" src=\"http:\/\/www.imakeyousmile.se\/wp-content\/uploads\/2015\/10\/IMG_5763_111.jpg\" alt=\"IMG_5763_111\" width=\"2000\" height=\"1761\" srcset=\"https:\/\/www.imakeyousmile.se\/wp-content\/uploads\/2015\/10\/IMG_5763_111.jpg 2000w, https:\/\/www.imakeyousmile.se\/wp-content\/uploads\/2015\/10\/IMG_5763_111-300x264.jpg 300w, https:\/\/www.imakeyousmile.se\/wp-content\/uploads\/2015\/10\/IMG_5763_111-1024x902.jpg 1024w, https:\/\/www.imakeyousmile.se\/wp-content\/uploads\/2015\/10\/IMG_5763_111-696x613.jpg 696w, https:\/\/www.imakeyousmile.se\/wp-content\/uploads\/2015\/10\/IMG_5763_111-1068x940.jpg 1068w, https:\/\/www.imakeyousmile.se\/wp-content\/uploads\/2015\/10\/IMG_5763_111-477x420.jpg 477w\" sizes=\"(max-width: 2000px) 100vw, 2000px\" \/><\/a><\/p>\n<p>You need color in life now that the autumn darkness and the cold are starting to creep in \u2665<\/p>\n<p>Do you think your lips look good? I have used the same pink eyeliner pen as on the eyes also on the lips! Works no matter how good, as I said can not determine durability and the like but I started with lip balm and then the eyeliner and it feels just fine, creamy but at the same time firm :)<\/p>\n<p><a href=\"http:\/\/www.imakeyousmile.se\/wp-content\/uploads\/2015\/10\/IMG_5818_111.jpg\"><img loading=\"lazy\" decoding=\"async\" class=\"alignnone size-full wp-image-22167\" src=\"http:\/\/www.imakeyousmile.se\/wp-content\/uploads\/2015\/10\/IMG_5818_111.jpg\" alt=\"IMG_5818_111\" width=\"1788\" height=\"1230\" srcset=\"https:\/\/www.imakeyousmile.se\/wp-content\/uploads\/2015\/10\/IMG_5818_111.jpg 1788w, https:\/\/www.imakeyousmile.se\/wp-content\/uploads\/2015\/10\/IMG_5818_111-300x206.jpg 300w, https:\/\/www.imakeyousmile.se\/wp-content\/uploads\/2015\/10\/IMG_5818_111-1024x704.jpg 1024w, https:\/\/www.imakeyousmile.se\/wp-content\/uploads\/2015\/10\/IMG_5818_111-100x70.jpg 100w, https:\/\/www.imakeyousmile.se\/wp-content\/uploads\/2015\/10\/IMG_5818_111-218x150.jpg 218w, https:\/\/www.imakeyousmile.se\/wp-content\/uploads\/2015\/10\/IMG_5818_111-696x479.jpg 696w, https:\/\/www.imakeyousmile.se\/wp-content\/uploads\/2015\/10\/IMG_5818_111-1068x735.jpg 1068w, https:\/\/www.imakeyousmile.se\/wp-content\/uploads\/2015\/10\/IMG_5818_111-611x420.jpg 611w\" sizes=\"(max-width: 1788px) 100vw, 1788px\" \/><\/a><\/p>\n<p><strong><span style=\"color: #ffcc99;\">Eyeshadow primer<\/span><\/strong> on the entire eyelid and lower lash line, <a href=\"https:\/\/ion.lyko.com\/t\/t?a=1117786221&#038;as=1548102449&#038;t=2&#038;tk=1&#038;epi=search-replace-pixiprimer&#038;url=https:\/\/lyko.com\/sv\/sok?q=pixi+primer\" target=\"_blank\">Pixi Eye Bright Primer<\/a>.<br \/>\n<strong><span style=\"color: #ffcc00;\">Yellow eye shadow<\/span><\/strong> In the corner of the eye, <a href=\"http:\/\/creativemakeup.se\/produkt\/paese-neo-eyeshadow\/\" target=\"_blank\">Paese Neo Eyeshadow (662)<\/a><br \/>\n<span style=\"color: #33cccc;\"><strong>Turquoise eye shadow<\/strong><\/span> in the middle of the eyelid,<a href=\"http:\/\/creativemakeup.se\/produkt\/paese-neo-eyeshadow\/\" target=\"_blank\">\u00a0Paese Neo Eyeshadow (687)<\/a><br \/>\n<strong><span style=\"color: #800080;\">Purple eye shadow<\/span> <\/strong>at the end of the eyelid and a little along the globe line,\u00a0<a href=\"http:\/\/creativemakeup.se\/produkt\/paese-neo-eyeshadow\/\" target=\"_blank\">Paese Neo Eyeshadow (650)<\/a><br \/>\n<strong><span style=\"color: #000000;\">Black eye shadow<\/span> <\/strong>a little on the purple shade, to get a more sooty and dark shade,\u00a0<a href=\"http:\/\/creativemakeup.se\/produkt\/paese-kasmir-matte-black-eyeshadow\/\" target=\"_blank\">Paese Kashmir Eyeshadow (602)<\/a><br \/>\n<strong><span style=\"color: #808080;\">White matte eye shadow<\/span><\/strong> in the corner of the eye, at the bottom of the lower lash line, under the eyeliner wing, under the brow and in the transition between the yellow and the turquoise shade, <a href=\"http:\/\/creativemakeup.se\/produkt\/paese-kasmir-matte-black-eyeshadow\/\" target=\"_blank\">Paese Kashmir Eyeshadow (601)<br \/>\n<\/a>A little white shimmery shadow in the transition between the yellow and the turquoise shadow as well, <a href=\"http:\/\/creativemakeup.se\/produkt\/paese-diamond-eyeshadow\/\" target=\"_blank\">Paese Diamond Eyeshadow (7)<\/a><a href=\"http:\/\/creativemakeup.se\/produkt\/paese-kasmir-matte-black-eyeshadow\/\" target=\"_blank\"><br \/>\n<\/a><br \/>\n<strong><span style=\"color: #ffcc00;\">Yellow eyeliner<\/span><\/strong> at the bottom of the waterline, <a href=\"https:\/\/dot.yves-rocher.se\/t\/t?a=138068268&#038;as=1548102449&#038;t=2&#038;tk=1&#038;epi=search-replace-yves-penna&#038;url=https:\/\/www.yves-rocher.se\/smink\/ogon\/ogonpenna-och-eyeliner\/c\/23200\/makeup\/ogon\/ogonpenna-citron\/?cmSrc=Category)\" target=\"_blank\">Yves Rocher Botanical Color Eye Pencil (Lemon)<\/a>*<br \/>\n<strong><span style=\"color: #33cccc;\">Turquoise eyeliner<\/span><\/strong> in the middle of the waterline,\u00a0<a href=\"https:\/\/dot.yves-rocher.se\/t\/t?a=138068268&#038;as=1548102449&#038;t=2&#038;tk=1&#038;epi=search-replace-yves-penna&#038;url=https:\/\/www.yves-rocher.se\/smink\/ogon\/ogonpenna-och-eyeliner\/c\/23200\/makeup\/ogon\/ogonpenna-bleu-agave\/?cmSrc=Category)\" target=\"_blank\">Yves Rocher Botanical Color Eye Pencil (Blue Agave)<\/a>*<br \/>\n<strong><span style=\"color: #ff00ff;\">Pink eyeliner<\/span><\/strong> outer part of the eyelid and lower lash line,\u00a0<a href=\"https:\/\/dot.yves-rocher.se\/t\/t?a=138068268&#038;as=1548102449&#038;t=2&#038;tk=1&#038;epi=search-replace-yves-penna&#038;url=https:\/\/www.yves-rocher.se\/smink\/ogon\/ogonpenna-och-eyeliner\/c\/23200\/makeup\/ogon\/ogonpenna-rose-fuchsia\/?cmSrc=Category)\" target=\"_blank\">Yves Rocher Botanical Color Eye Pencil (Rose Fuchsia)<\/a>*<\/p>\n<p><strong><span style=\"color: #000000;\">Black eyeliner<\/span> <\/strong>with wing, <a href=\"http:\/\/creativemakeup.se\/produkt\/paese-penliner\/\" target=\"_blank\">Paese penliner<\/a><br \/>\n<strong><span style=\"color: #000000;\">Black mascara<\/span><\/strong> on all lashes, ShowOff Mascara<\/p>\n<p><a href=\"http:\/\/www.imakeyousmile.se\/wp-content\/uploads\/2015\/10\/IMG_5748_111.jpg\"><img loading=\"lazy\" decoding=\"async\" class=\"alignnone size-full wp-image-22164\" src=\"http:\/\/www.imakeyousmile.se\/wp-content\/uploads\/2015\/10\/IMG_5748_111.jpg\" alt=\"IMG_5748_111\" width=\"2000\" height=\"1563\" srcset=\"https:\/\/www.imakeyousmile.se\/wp-content\/uploads\/2015\/10\/IMG_5748_111.jpg 2000w, https:\/\/www.imakeyousmile.se\/wp-content\/uploads\/2015\/10\/IMG_5748_111-300x234.jpg 300w, https:\/\/www.imakeyousmile.se\/wp-content\/uploads\/2015\/10\/IMG_5748_111-1024x800.jpg 1024w, https:\/\/www.imakeyousmile.se\/wp-content\/uploads\/2015\/10\/IMG_5748_111-696x544.jpg 696w, https:\/\/www.imakeyousmile.se\/wp-content\/uploads\/2015\/10\/IMG_5748_111-1068x835.jpg 1068w, https:\/\/www.imakeyousmile.se\/wp-content\/uploads\/2015\/10\/IMG_5748_111-537x420.jpg 537w\" sizes=\"(max-width: 2000px) 100vw, 2000px\" \/><\/a><\/p>\n<p>Foundation - <a href=\"https:\/\/ion.lyko.com\/t\/t?a=1117786221&#038;as=1548102449&#038;t=2&#038;tk=1&#038;epi=search-replace-skintint&#038;url=https:\/\/lyko.com\/sv\/pixi\/pixi-h2o-skintint-2nude\" target=\"_blank\">Pixi H2O Skintint (Nude)<\/a><\/p>\n<p><a href=\"http:\/\/www.imakeyousmile.se\/wp-content\/uploads\/2015\/10\/IMG_5754_111.jpg\"><img loading=\"lazy\" decoding=\"async\" class=\"alignnone size-full wp-image-22165\" src=\"http:\/\/www.imakeyousmile.se\/wp-content\/uploads\/2015\/10\/IMG_5754_111.jpg\" alt=\"IMG_5754_111\" width=\"2000\" height=\"1801\" srcset=\"https:\/\/www.imakeyousmile.se\/wp-content\/uploads\/2015\/10\/IMG_5754_111.jpg 2000w, https:\/\/www.imakeyousmile.se\/wp-content\/uploads\/2015\/10\/IMG_5754_111-300x270.jpg 300w, https:\/\/www.imakeyousmile.se\/wp-content\/uploads\/2015\/10\/IMG_5754_111-1024x922.jpg 1024w, https:\/\/www.imakeyousmile.se\/wp-content\/uploads\/2015\/10\/IMG_5754_111-696x627.jpg 696w, https:\/\/www.imakeyousmile.se\/wp-content\/uploads\/2015\/10\/IMG_5754_111-1068x962.jpg 1068w, https:\/\/www.imakeyousmile.se\/wp-content\/uploads\/2015\/10\/IMG_5754_111-466x420.jpg 466w\" sizes=\"(max-width: 2000px) 100vw, 2000px\" \/><\/a><\/p>\n<p>Hope you liked the look! A more detailed review of the pens will come as soon as I have had time to test them a little more.<\/p>\n<p>And by the way, what do you think about my pictures now in the new place, now I have brought the background here as well so that it is not the wall you see behind me but a photo screen. Did not think it made more difference than being there behind but see that the light seems to bounce differently and the colors are much warmer with the background than without. If you compare with the pictures of the makeup I showed in <a href=\"http:\/\/www.imakeyousmile.se\/en\/plum-glam-makeup\/\" target=\"_blank\">this post<\/a> the day before yesterday. Which do you prefer the most? :)<\/p>\n<p>Hugs are! \u2665<\/p>","protected":false},"excerpt":{"rendered":"<p>Idag fick jag hem ett kit med pressprov p\u00e5 Yves Rochers nya kajalpennor som \u00e4r otroligt pigmentrika, och jag var s\u00e5 glad att jag inte hunnit sminka mig \u00e4n f\u00f6r d\u00e5 kunde jag s\u00e4tta dom p\u00e5 prov direkt :) Jag bloggar nu direkt efter att jag sminkade mig s\u00e5 jag kan inte avg\u00f6ra h\u00e5llbarheten och [&hellip;]<\/p>\n","protected":false},"author":30,"featured_media":22167,"comment_status":"open","ping_status":"closed","sticky":false,"template":"","format":"standard","meta":{"footnotes":""},"categories":[2828],"tags":[3423,1604,3747,2579,3420,979,4048],"class_list":["post-22163","post","type-post","status-publish","format-standard","has-post-thumbnail","hentry","category-fargstarka-sminkningar","tag-colourful-makeup","tag-fargstark-sminkning","tag-neon-makeup","tag-paese-kashmir","tag-paese-neo","tag-yves-rocher","tag-yves-rocher-botanical-color-eye-pencil"],"yoast_head":"<!-- This site is optimized with the Yoast SEO Premium plugin v14.9 - https:\/\/yoast.com\/wordpress\/plugins\/seo\/ -->\n<meta name=\"description\" content=\"Colorful neon makeup | Helena Amiley - H\u00e4r hittar du senaste infromation om sk\u00f6nhet, livsstil, entrepren\u00f6rskap, makeup &amp; tips.\" \/>\n<meta name=\"robots\" content=\"index, follow, max-snippet:-1, max-image-preview:large, max-video-preview:-1\" \/>\n<link rel=\"canonical\" href=\"https:\/\/www.imakeyousmile.se\/en\/colorful-neon-makeup\/\" \/>\n<meta property=\"og:locale\" content=\"en_US\" \/>\n<meta property=\"og:type\" content=\"article\" \/>\n<meta property=\"og:title\" content=\"Colorful neon makeup | Imakeyousmile.se\" \/>\n<meta property=\"og:description\" content=\"Colorful neon makeup | Helena Amiley - H\u00e4r hittar du senaste infromation om sk\u00f6nhet, livsstil, entrepren\u00f6rskap, makeup &amp; tips.\" \/>\n<meta property=\"og:url\" content=\"https:\/\/www.imakeyousmile.se\/en\/colorful-neon-makeup\/\" \/>\n<meta property=\"og:site_name\" content=\"Imakeyousmile.se\" \/>\n<meta property=\"article:author\" content=\"https:\/\/www.facebook.com\/imakeyousmile.se\" \/>\n<meta property=\"article:published_time\" content=\"2015-10-01T15:47:52+00:00\" \/>\n<meta property=\"og:image\" content=\"https:\/\/www.imakeyousmile.se\/wp-content\/uploads\/2015\/10\/IMG_5818_111.jpg\" \/>\n\t<meta property=\"og:image:width\" content=\"1788\" \/>\n\t<meta property=\"og:image:height\" content=\"1230\" \/>\n<meta name=\"twitter:card\" content=\"summary_large_image\" \/>\n<script type=\"application\/ld+json\" class=\"yoast-schema-graph\">{\"@context\":\"https:\/\/schema.org\",\"@graph\":[{\"@type\":\"Organization\",\"@id\":\"https:\/\/www.imakeyousmile.se\/en\/#organization\",\"name\":\"Imakeyousmile\",\"url\":\"https:\/\/www.imakeyousmile.se\/en\/\",\"sameAs\":[],\"logo\":{\"@type\":\"ImageObject\",\"@id\":\"https:\/\/www.imakeyousmile.se\/en\/#logo\",\"inLanguage\":\"en-US\",\"url\":\"https:\/\/www.imakeyousmile.se\/wp-content\/uploads\/2020\/10\/HELENA-AMILEY_SVART-1-e1603367975324.png\",\"width\":280,\"height\":93,\"caption\":\"Imakeyousmile\"},\"image\":{\"@id\":\"https:\/\/www.imakeyousmile.se\/en\/#logo\"}},{\"@type\":\"WebSite\",\"@id\":\"https:\/\/www.imakeyousmile.se\/en\/#website\",\"url\":\"https:\/\/www.imakeyousmile.se\/en\/\",\"name\":\"Imakeyousmile.se\",\"description\":\"Helena Amiley - Beauty, Entrepreneur, Lifestyle\",\"publisher\":{\"@id\":\"https:\/\/www.imakeyousmile.se\/en\/#organization\"},\"potentialAction\":[{\"@type\":\"SearchAction\",\"target\":\"https:\/\/www.imakeyousmile.se\/en\/?s={search_term_string}\",\"query-input\":\"required name=search_term_string\"}],\"inLanguage\":\"en-US\"},{\"@type\":\"ImageObject\",\"@id\":\"https:\/\/www.imakeyousmile.se\/colorful-neon-makeup\/#primaryimage\",\"inLanguage\":\"en-US\",\"url\":\"https:\/\/www.imakeyousmile.se\/wp-content\/uploads\/2015\/10\/IMG_5818_111.jpg\",\"width\":1788,\"height\":1230},{\"@type\":\"WebPage\",\"@id\":\"https:\/\/www.imakeyousmile.se\/colorful-neon-makeup\/#webpage\",\"url\":\"https:\/\/www.imakeyousmile.se\/colorful-neon-makeup\/\",\"name\":\"Colorful neon makeup | Imakeyousmile.se\",\"isPartOf\":{\"@id\":\"https:\/\/www.imakeyousmile.se\/en\/#website\"},\"primaryImageOfPage\":{\"@id\":\"https:\/\/www.imakeyousmile.se\/colorful-neon-makeup\/#primaryimage\"},\"datePublished\":\"2015-10-01T15:47:52+00:00\",\"dateModified\":\"2015-10-01T15:47:52+00:00\",\"description\":\"Colorful neon makeup | Helena Amiley - H\\u00e4r hittar du senaste infromation om sk\\u00f6nhet, livsstil, entrepren\\u00f6rskap, makeup & tips.\",\"inLanguage\":\"en-US\",\"potentialAction\":[{\"@type\":\"ReadAction\",\"target\":[\"https:\/\/www.imakeyousmile.se\/colorful-neon-makeup\/\"]}]},{\"@type\":\"Article\",\"@id\":\"https:\/\/www.imakeyousmile.se\/colorful-neon-makeup\/#article\",\"isPartOf\":{\"@id\":\"https:\/\/www.imakeyousmile.se\/colorful-neon-makeup\/#webpage\"},\"author\":{\"@id\":\"https:\/\/www.imakeyousmile.se\/en\/#\/schema\/person\/b0fd43b1c6bb1c60cfd68bff9b4a10fb\"},\"headline\":\"Colorful neon makeup\",\"datePublished\":\"2015-10-01T15:47:52+00:00\",\"dateModified\":\"2015-10-01T15:47:52+00:00\",\"mainEntityOfPage\":{\"@id\":\"https:\/\/www.imakeyousmile.se\/colorful-neon-makeup\/#webpage\"},\"commentCount\":6,\"publisher\":{\"@id\":\"https:\/\/www.imakeyousmile.se\/en\/#organization\"},\"image\":{\"@id\":\"https:\/\/www.imakeyousmile.se\/colorful-neon-makeup\/#primaryimage\"},\"keywords\":\"colourful makeup,f\\u00e4rgstark sminkning,neon makeup,paese kashmir,paese neo,yves rocher,yves rocher Botanical Color eye pencil\",\"articleSection\":\"F\\u00e4rgstarka sminkningar\",\"inLanguage\":\"en-US\",\"potentialAction\":[{\"@type\":\"CommentAction\",\"name\":\"Comment\",\"target\":[\"https:\/\/www.imakeyousmile.se\/colorful-neon-makeup\/#respond\"]}]},{\"@type\":\"Person\",\"@id\":\"https:\/\/www.imakeyousmile.se\/en\/#\/schema\/person\/b0fd43b1c6bb1c60cfd68bff9b4a10fb\",\"name\":\"Helena Amiley\",\"image\":{\"@type\":\"ImageObject\",\"@id\":\"https:\/\/www.imakeyousmile.se\/en\/#personlogo\",\"inLanguage\":\"en-US\",\"url\":\"https:\/\/secure.gravatar.com\/avatar\/5645558e1e355457a23368d7e1b4c904?s=96&d=mm&r=g\",\"caption\":\"Helena Amiley\"},\"description\":\"Jag skriver mest om sk\\u00f6nhet men bjuder \\u00e4ven p\\u00e5 glimtar fr\\u00e5n entrepren\\u00f6rlivet och bygget av v\\u00e5r egen camper van. Vanlife here we come!\",\"sameAs\":[\"https:\/\/www.facebook.com\/imakeyousmile.se\",\"https:\/\/www.instagram.com\/helenaamiley\",\"https:\/\/www.youtube.com\/channel\/UCR5iB6rvpV6Yr8ZjpQfr5mg?view_as=subscriber\"]}]}<\/script>\n<!-- \/ Yoast SEO Premium plugin. -->","_links":{"self":[{"href":"https:\/\/www.imakeyousmile.se\/en\/wp-json\/wp\/v2\/posts\/22163"}],"collection":[{"href":"https:\/\/www.imakeyousmile.se\/en\/wp-json\/wp\/v2\/posts"}],"about":[{"href":"https:\/\/www.imakeyousmile.se\/en\/wp-json\/wp\/v2\/types\/post"}],"author":[{"embeddable":true,"href":"https:\/\/www.imakeyousmile.se\/en\/wp-json\/wp\/v2\/users\/30"}],"replies":[{"embeddable":true,"href":"https:\/\/www.imakeyousmile.se\/en\/wp-json\/wp\/v2\/comments?post=22163"}],"version-history":[{"count":3,"href":"https:\/\/www.imakeyousmile.se\/en\/wp-json\/wp\/v2\/posts\/22163\/revisions"}],"predecessor-version":[{"id":22170,"href":"https:\/\/www.imakeyousmile.se\/en\/wp-json\/wp\/v2\/posts\/22163\/revisions\/22170"}],"wp:featuredmedia":[{"embeddable":true,"href":"https:\/\/www.imakeyousmile.se\/en\/wp-json\/wp\/v2\/media\/22167"}],"wp:attachment":[{"href":"https:\/\/www.imakeyousmile.se\/en\/wp-json\/wp\/v2\/media?parent=22163"}],"wp:term":[{"taxonomy":"category","embeddable":true,"href":"https:\/\/www.imakeyousmile.se\/en\/wp-json\/wp\/v2\/categories?post=22163"},{"taxonomy":"post_tag","embeddable":true,"href":"https:\/\/www.imakeyousmile.se\/en\/wp-json\/wp\/v2\/tags?post=22163"}],"curies":[{"name":"wp","href":"https:\/\/api.w.org\/{rel}","templated":true}]}}