{"id":22171,"date":"2015-10-02T11:00:20","date_gmt":"2015-10-02T09:00:20","guid":{"rendered":"http:\/\/www.imakeyousmile.se\/?p=22171"},"modified":"2015-10-02T11:00:20","modified_gmt":"2015-10-02T09:00:20","slug":"creative-makeup-by-her-firar-en-vecka","status":"publish","type":"post","link":"https:\/\/www.imakeyousmile.se\/en\/creative-makeup-by-her-celebrates-a-week\/","title":{"rendered":"Creative Makeup By Her celebrates a week!"},"content":{"rendered":"<p>Last Friday we opened the doors to our new store and salon Creative Makeup By Her, which means we are celebrating a week today, yeey! :)<\/p>\n<p>We have been open for a whole week and yet it was only this morning that I got my desk ready in the blog room haha. We were so focused on prioritizing everything that was needed before the opening that I have the world&#039;s longest list on my after-opening to-do list, but I&#039;m starting to get more and more pli on everything.<\/p>\n<p>But look how nice my little work table is now!<\/p>\n<p><a href=\"http:\/\/www.imakeyousmile.se\/wp-content\/uploads\/2015\/10\/IMG_5830_111.jpg\"><img loading=\"lazy\" decoding=\"async\" class=\"alignnone size-full wp-image-22172\" src=\"http:\/\/www.imakeyousmile.se\/wp-content\/uploads\/2015\/10\/IMG_5830_111.jpg\" alt=\"IMG_5830_111\" width=\"2000\" height=\"1197\" srcset=\"https:\/\/www.imakeyousmile.se\/wp-content\/uploads\/2015\/10\/IMG_5830_111.jpg 2000w, https:\/\/www.imakeyousmile.se\/wp-content\/uploads\/2015\/10\/IMG_5830_111-300x180.jpg 300w, https:\/\/www.imakeyousmile.se\/wp-content\/uploads\/2015\/10\/IMG_5830_111-1024x613.jpg 1024w, https:\/\/www.imakeyousmile.se\/wp-content\/uploads\/2015\/10\/IMG_5830_111-696x417.jpg 696w, https:\/\/www.imakeyousmile.se\/wp-content\/uploads\/2015\/10\/IMG_5830_111-1068x639.jpg 1068w, https:\/\/www.imakeyousmile.se\/wp-content\/uploads\/2015\/10\/IMG_5830_111-702x420.jpg 702w\" sizes=\"(max-width: 2000px) 100vw, 2000px\" \/><\/a><\/p>\n<p>Stylish but colorful\u00a0<span style=\"color: #ff00ff;\">\u2665<\/span><\/p>\n<p>A little difference if you compare with a month ago, when kitchen tables, dressing tables and offices were the same place but at different times of the day :)<\/p>\n<p><a href=\"http:\/\/www.imakeyousmile.se\/wp-content\/uploads\/2015\/10\/IMG_5832_111.jpg\"><img loading=\"lazy\" decoding=\"async\" class=\"alignnone size-full wp-image-22173\" src=\"http:\/\/www.imakeyousmile.se\/wp-content\/uploads\/2015\/10\/IMG_5832_111.jpg\" alt=\"IMG_5832_111\" width=\"2000\" height=\"1826\" srcset=\"https:\/\/www.imakeyousmile.se\/wp-content\/uploads\/2015\/10\/IMG_5832_111.jpg 2000w, https:\/\/www.imakeyousmile.se\/wp-content\/uploads\/2015\/10\/IMG_5832_111-300x274.jpg 300w, https:\/\/www.imakeyousmile.se\/wp-content\/uploads\/2015\/10\/IMG_5832_111-1024x935.jpg 1024w, https:\/\/www.imakeyousmile.se\/wp-content\/uploads\/2015\/10\/IMG_5832_111-696x635.jpg 696w, https:\/\/www.imakeyousmile.se\/wp-content\/uploads\/2015\/10\/IMG_5832_111-1068x975.jpg 1068w, https:\/\/www.imakeyousmile.se\/wp-content\/uploads\/2015\/10\/IMG_5832_111-460x420.jpg 460w\" sizes=\"(max-width: 2000px) 100vw, 2000px\" \/><\/a><\/p>\n<p>Gifts that I received as congratulations to the new store, could not be so much more &quot;I&quot; :) The nice rose-golden owl I got from Monica (my friend and hairdresser) and the lipstick is actually a pencil that I received in the mail yesterday from my sister sister from Finlans who wrote &quot;you need a nice pen at work&quot;, so cute! :)<\/p>\n<p><a href=\"http:\/\/www.imakeyousmile.se\/wp-content\/uploads\/2015\/10\/IMG_5836_111.jpg\"><img loading=\"lazy\" decoding=\"async\" class=\"alignnone size-full wp-image-22174\" src=\"http:\/\/www.imakeyousmile.se\/wp-content\/uploads\/2015\/10\/IMG_5836_111.jpg\" alt=\"IMG_5836_111\" width=\"2000\" height=\"1692\" srcset=\"https:\/\/www.imakeyousmile.se\/wp-content\/uploads\/2015\/10\/IMG_5836_111.jpg 2000w, https:\/\/www.imakeyousmile.se\/wp-content\/uploads\/2015\/10\/IMG_5836_111-300x254.jpg 300w, https:\/\/www.imakeyousmile.se\/wp-content\/uploads\/2015\/10\/IMG_5836_111-1024x866.jpg 1024w, https:\/\/www.imakeyousmile.se\/wp-content\/uploads\/2015\/10\/IMG_5836_111-696x589.jpg 696w, https:\/\/www.imakeyousmile.se\/wp-content\/uploads\/2015\/10\/IMG_5836_111-1068x904.jpg 1068w, https:\/\/www.imakeyousmile.se\/wp-content\/uploads\/2015\/10\/IMG_5836_111-496x420.jpg 496w\" sizes=\"(max-width: 2000px) 100vw, 2000px\" \/><\/a><\/p>\n<p>And a pink bag in the trash, of course;)<\/p>\n<p>However, is unreasonably eager to buy a new MAC computer now, must have a rose gold, right?<\/p>\n<p>There is a lot left to fix, my makeup collection is complete chaos among other things, and generally in the shop and salon there is a lot to do as well.<\/p>\n<p>But it works out and everything feels so heavenly good I must say! Got a comment in the blog yesterday from a person who wrote that she was happy that I am back (with make-up, etc. in the blog, that is) and I am really happy! You are so sweet, no complaints when I have not had time, just lots of good luck wishes, and now you are happy that I am back :) \u2665<\/p>\n<p>Although I am not completely back, still a bit bad with updates but it gets better and better and soon I will be back as usual again, promise!<\/p>\n<p>Now I will put on make-up so I have time to finish it before my make-up consultation in two hours :)<\/p>\n<p>Hugs are!<\/p>","protected":false},"excerpt":{"rendered":"<p>F\u00f6rra fredagen \u00f6ppnade vi upp portarna f\u00f6r v\u00e5r nya butik och salong Creative Makeup By Her, vilket betyder att vi firar en vecka idag, yeey! :) Vi har haft \u00f6ppet i en hel vecka och \u00e4nd\u00e5 var det f\u00f6rst i morse som jag fick i ordning mitt arbetsbord i bloggrummet haha. Vi var s\u00e5 fokuserade [&hellip;]<\/p>\n","protected":false},"author":30,"featured_media":22174,"comment_status":"open","ping_status":"closed","sticky":false,"template":"","format":"standard","meta":{"footnotes":""},"categories":[4032,3],"tags":[4001,3936,3935],"class_list":["post-22171","post","type-post","status-publish","format-standard","has-post-thumbnail","hentry","category-creative-makeup-by-her","category-allmant","tag-creative-makeup-by-her","tag-makeupartist-uppsala","tag-smink-uppsala"],"yoast_head":"<!-- This site is optimized with the Yoast SEO Premium plugin v14.9 - https:\/\/yoast.com\/wordpress\/plugins\/seo\/ -->\n<meta name=\"description\" content=\"Creative Makeup By Her firar en vecka! | Helena Amiley - H\u00e4r hittar du senaste infromation om sk\u00f6nhet, livsstil, entrepren\u00f6rskap, makeup &amp; tips.\" \/>\n<meta name=\"robots\" content=\"index, follow, max-snippet:-1, max-image-preview:large, max-video-preview:-1\" \/>\n<link rel=\"canonical\" href=\"https:\/\/www.imakeyousmile.se\/en\/creative-makeup-by-her-firar-en-vecka\/\" \/>\n<meta property=\"og:locale\" content=\"en_US\" \/>\n<meta property=\"og:type\" content=\"article\" \/>\n<meta property=\"og:title\" content=\"Creative Makeup By Her firar en vecka! | Imakeyousmile.se\" \/>\n<meta property=\"og:description\" content=\"Creative Makeup By Her firar en vecka! | Helena Amiley - H\u00e4r hittar du senaste infromation om sk\u00f6nhet, livsstil, entrepren\u00f6rskap, makeup &amp; tips.\" \/>\n<meta property=\"og:url\" content=\"https:\/\/www.imakeyousmile.se\/en\/creative-makeup-by-her-firar-en-vecka\/\" \/>\n<meta property=\"og:site_name\" content=\"Imakeyousmile.se\" \/>\n<meta property=\"article:author\" content=\"https:\/\/www.facebook.com\/imakeyousmile.se\" \/>\n<meta property=\"article:published_time\" content=\"2015-10-02T09:00:20+00:00\" \/>\n<meta property=\"og:image\" content=\"https:\/\/www.imakeyousmile.se\/wp-content\/uploads\/2015\/10\/IMG_5836_111.jpg\" \/>\n\t<meta property=\"og:image:width\" content=\"2000\" \/>\n\t<meta property=\"og:image:height\" content=\"1692\" \/>\n<meta name=\"twitter:card\" content=\"summary_large_image\" \/>\n<script type=\"application\/ld+json\" class=\"yoast-schema-graph\">{\"@context\":\"https:\/\/schema.org\",\"@graph\":[{\"@type\":\"Organization\",\"@id\":\"https:\/\/www.imakeyousmile.se\/en\/#organization\",\"name\":\"Imakeyousmile\",\"url\":\"https:\/\/www.imakeyousmile.se\/en\/\",\"sameAs\":[],\"logo\":{\"@type\":\"ImageObject\",\"@id\":\"https:\/\/www.imakeyousmile.se\/en\/#logo\",\"inLanguage\":\"en-US\",\"url\":\"https:\/\/www.imakeyousmile.se\/wp-content\/uploads\/2020\/10\/HELENA-AMILEY_SVART-1-e1603367975324.png\",\"width\":280,\"height\":93,\"caption\":\"Imakeyousmile\"},\"image\":{\"@id\":\"https:\/\/www.imakeyousmile.se\/en\/#logo\"}},{\"@type\":\"WebSite\",\"@id\":\"https:\/\/www.imakeyousmile.se\/en\/#website\",\"url\":\"https:\/\/www.imakeyousmile.se\/en\/\",\"name\":\"Imakeyousmile.se\",\"description\":\"Helena Amiley - Beauty, Entrepreneur, Lifestyle\",\"publisher\":{\"@id\":\"https:\/\/www.imakeyousmile.se\/en\/#organization\"},\"potentialAction\":[{\"@type\":\"SearchAction\",\"target\":\"https:\/\/www.imakeyousmile.se\/en\/?s={search_term_string}\",\"query-input\":\"required name=search_term_string\"}],\"inLanguage\":\"en-US\"},{\"@type\":\"ImageObject\",\"@id\":\"https:\/\/www.imakeyousmile.se\/creative-makeup-by-her-firar-en-vecka\/#primaryimage\",\"inLanguage\":\"en-US\",\"url\":\"https:\/\/www.imakeyousmile.se\/wp-content\/uploads\/2015\/10\/IMG_5836_111.jpg\",\"width\":2000,\"height\":1692},{\"@type\":\"WebPage\",\"@id\":\"https:\/\/www.imakeyousmile.se\/creative-makeup-by-her-firar-en-vecka\/#webpage\",\"url\":\"https:\/\/www.imakeyousmile.se\/creative-makeup-by-her-firar-en-vecka\/\",\"name\":\"Creative Makeup By Her firar en vecka! | Imakeyousmile.se\",\"isPartOf\":{\"@id\":\"https:\/\/www.imakeyousmile.se\/en\/#website\"},\"primaryImageOfPage\":{\"@id\":\"https:\/\/www.imakeyousmile.se\/creative-makeup-by-her-firar-en-vecka\/#primaryimage\"},\"datePublished\":\"2015-10-02T09:00:20+00:00\",\"dateModified\":\"2015-10-02T09:00:20+00:00\",\"description\":\"Creative Makeup By Her firar en vecka! | Helena Amiley - H\\u00e4r hittar du senaste infromation om sk\\u00f6nhet, livsstil, entrepren\\u00f6rskap, makeup & tips.\",\"inLanguage\":\"en-US\",\"potentialAction\":[{\"@type\":\"ReadAction\",\"target\":[\"https:\/\/www.imakeyousmile.se\/creative-makeup-by-her-firar-en-vecka\/\"]}]},{\"@type\":\"Article\",\"@id\":\"https:\/\/www.imakeyousmile.se\/creative-makeup-by-her-firar-en-vecka\/#article\",\"isPartOf\":{\"@id\":\"https:\/\/www.imakeyousmile.se\/creative-makeup-by-her-firar-en-vecka\/#webpage\"},\"author\":{\"@id\":\"https:\/\/www.imakeyousmile.se\/en\/#\/schema\/person\/b0fd43b1c6bb1c60cfd68bff9b4a10fb\"},\"headline\":\"Creative Makeup By Her firar en vecka!\",\"datePublished\":\"2015-10-02T09:00:20+00:00\",\"dateModified\":\"2015-10-02T09:00:20+00:00\",\"mainEntityOfPage\":{\"@id\":\"https:\/\/www.imakeyousmile.se\/creative-makeup-by-her-firar-en-vecka\/#webpage\"},\"commentCount\":3,\"publisher\":{\"@id\":\"https:\/\/www.imakeyousmile.se\/en\/#organization\"},\"image\":{\"@id\":\"https:\/\/www.imakeyousmile.se\/creative-makeup-by-her-firar-en-vecka\/#primaryimage\"},\"keywords\":\"creative makeup by her,makeupartist uppsala,smink uppsala\",\"articleSection\":\"Creative Makeup,\\u00d6vrigt\",\"inLanguage\":\"en-US\",\"potentialAction\":[{\"@type\":\"CommentAction\",\"name\":\"Comment\",\"target\":[\"https:\/\/www.imakeyousmile.se\/creative-makeup-by-her-firar-en-vecka\/#respond\"]}]},{\"@type\":\"Person\",\"@id\":\"https:\/\/www.imakeyousmile.se\/en\/#\/schema\/person\/b0fd43b1c6bb1c60cfd68bff9b4a10fb\",\"name\":\"Helena Amiley\",\"image\":{\"@type\":\"ImageObject\",\"@id\":\"https:\/\/www.imakeyousmile.se\/en\/#personlogo\",\"inLanguage\":\"en-US\",\"url\":\"https:\/\/secure.gravatar.com\/avatar\/5645558e1e355457a23368d7e1b4c904?s=96&d=mm&r=g\",\"caption\":\"Helena Amiley\"},\"description\":\"Jag skriver mest om sk\\u00f6nhet men bjuder \\u00e4ven p\\u00e5 glimtar fr\\u00e5n entrepren\\u00f6rlivet och bygget av v\\u00e5r egen camper van. Vanlife here we come!\",\"sameAs\":[\"https:\/\/www.facebook.com\/imakeyousmile.se\",\"https:\/\/www.instagram.com\/helenaamiley\",\"https:\/\/www.youtube.com\/channel\/UCR5iB6rvpV6Yr8ZjpQfr5mg?view_as=subscriber\"]}]}<\/script>\n<!-- \/ Yoast SEO Premium plugin. -->","_links":{"self":[{"href":"https:\/\/www.imakeyousmile.se\/en\/wp-json\/wp\/v2\/posts\/22171"}],"collection":[{"href":"https:\/\/www.imakeyousmile.se\/en\/wp-json\/wp\/v2\/posts"}],"about":[{"href":"https:\/\/www.imakeyousmile.se\/en\/wp-json\/wp\/v2\/types\/post"}],"author":[{"embeddable":true,"href":"https:\/\/www.imakeyousmile.se\/en\/wp-json\/wp\/v2\/users\/30"}],"replies":[{"embeddable":true,"href":"https:\/\/www.imakeyousmile.se\/en\/wp-json\/wp\/v2\/comments?post=22171"}],"version-history":[{"count":2,"href":"https:\/\/www.imakeyousmile.se\/en\/wp-json\/wp\/v2\/posts\/22171\/revisions"}],"predecessor-version":[{"id":22176,"href":"https:\/\/www.imakeyousmile.se\/en\/wp-json\/wp\/v2\/posts\/22171\/revisions\/22176"}],"wp:featuredmedia":[{"embeddable":true,"href":"https:\/\/www.imakeyousmile.se\/en\/wp-json\/wp\/v2\/media\/22174"}],"wp:attachment":[{"href":"https:\/\/www.imakeyousmile.se\/en\/wp-json\/wp\/v2\/media?parent=22171"}],"wp:term":[{"taxonomy":"category","embeddable":true,"href":"https:\/\/www.imakeyousmile.se\/en\/wp-json\/wp\/v2\/categories?post=22171"},{"taxonomy":"post_tag","embeddable":true,"href":"https:\/\/www.imakeyousmile.se\/en\/wp-json\/wp\/v2\/tags?post=22171"}],"curies":[{"name":"wp","href":"https:\/\/api.w.org\/{rel}","templated":true}]}}