{"id":22367,"date":"2015-10-21T19:38:56","date_gmt":"2015-10-21T17:38:56","guid":{"rendered":"http:\/\/www.imakeyousmile.se\/?p=22367"},"modified":"2015-10-21T19:38:56","modified_gmt":"2015-10-21T17:38:56","slug":"harfager-hos-monica-werner","status":"publish","type":"post","link":"https:\/\/www.imakeyousmile.se\/en\/harfager-hos-monica-werner\/","title":{"rendered":"Hairdresser at Monica Werner"},"content":{"rendered":"<p>A supplier (who I last met 2 weeks ago) was by the salon today:<br \/>\n<strong>I<\/strong> &#8211; <em>Heeej! Are you okay?<\/em><br \/>\n<strong>He<\/strong> &#8211;<em> Hey! Eh yeah, I&#039;m looking for Helena is she here?<\/em><br \/>\n<strong>I<\/strong> &#8211; <em>You mean Annika? No, she&#039;s not here today, unfortunately.<\/em><br \/>\n<strong>He<\/strong> &#8211; <em>No, Helena, is she not here?<\/em><br \/>\n<strong>I<\/strong> &#8211; <em>But it&#039;s me!<\/em><\/p>\n<p>I have been and fixed the frill at Monica today, and of course there is a difference but not such a big difference haha, he did not recognize me with the new hair color he said and looked very confused before I estimated - then he recognized the smile haha :)<\/p>\n<p>In other words, I&#039;ve been to <a href=\"http:\/\/monicawerner.se\" target=\"_blank\">Monica Werner<\/a> again (which has a new super nice salon!) and as usual when you say &quot;I want the old usual&quot; her creative vein comes up and suggests something more fun, and you always leave with a smile on your face and feel great!<\/p>\n<p>This is how it is with hair, you do not always have to make a huge change or run the old usual, there are lots of small changes you can make to liven up life without making any major decisions. As long as you have an energetic hairdresser who thinks it&#039;s fun to try something new, it&#039;s super fun, a tiny shade difference can make a big difference for you :)<\/p>\n<p><a href=\"http:\/\/www.imakeyousmile.se\/wp-content\/uploads\/2015\/10\/IMG_7633_111.jpg\"><img loading=\"lazy\" decoding=\"async\" class=\"alignnone size-full wp-image-22370\" src=\"http:\/\/www.imakeyousmile.se\/wp-content\/uploads\/2015\/10\/IMG_7633_111.jpg\" alt=\"IMG_7633_111\" width=\"2500\" height=\"2179\" srcset=\"https:\/\/www.imakeyousmile.se\/wp-content\/uploads\/2015\/10\/IMG_7633_111.jpg 2500w, https:\/\/www.imakeyousmile.se\/wp-content\/uploads\/2015\/10\/IMG_7633_111-300x261.jpg 300w, https:\/\/www.imakeyousmile.se\/wp-content\/uploads\/2015\/10\/IMG_7633_111-1024x893.jpg 1024w, https:\/\/www.imakeyousmile.se\/wp-content\/uploads\/2015\/10\/IMG_7633_111-696x607.jpg 696w, https:\/\/www.imakeyousmile.se\/wp-content\/uploads\/2015\/10\/IMG_7633_111-1068x931.jpg 1068w, https:\/\/www.imakeyousmile.se\/wp-content\/uploads\/2015\/10\/IMG_7633_111-482x420.jpg 482w\" sizes=\"(max-width: 2500px) 100vw, 2500px\" \/><\/a><\/p>\n<p>So now my hair looks like this - even more pink!<\/p>\n<p>She had about the same color in the scalp as usual, but tested another brand that is a little more environmentally friendly - me like! And then she had in a colored wrap in the lengths instead of color or toning that we usually have otherwise, a wrap that I also brought home and can improve the color with in the shower, so heavenly nice!<\/p>\n<p>The wrap is a brand with colors that she mixes herself at the salon, so you get a shade that is perfect for your own hair. If you buy e.g. Revlon or Maria Nila (which I also like) so there are only finished shades.<\/p>\n<p>And this packaging I can say straight away that it is incredibly much more effective than the ones I have tested before! Monica applied a bright pink shade in dry hair throughout the lengths (it is more effective in dry hair, but it takes a lot more) and it gave more color than when she has used real color or toning, super fun :)<\/p>\n<p>So now I feel really bang-looking in my hair, love that it is even more ros\u00e9 than usual! \u2665<\/p>\n<p><a href=\"http:\/\/www.imakeyousmile.se\/wp-content\/uploads\/2015\/10\/IMG_7613_11111.jpg\"><img loading=\"lazy\" decoding=\"async\" class=\"alignnone size-full wp-image-22374\" src=\"http:\/\/www.imakeyousmile.se\/wp-content\/uploads\/2015\/10\/IMG_7613_11111.jpg\" alt=\"IMG_7613_1111\" width=\"2500\" height=\"2490\" srcset=\"https:\/\/www.imakeyousmile.se\/wp-content\/uploads\/2015\/10\/IMG_7613_11111.jpg 2500w, https:\/\/www.imakeyousmile.se\/wp-content\/uploads\/2015\/10\/IMG_7613_11111-150x150.jpg 150w, https:\/\/www.imakeyousmile.se\/wp-content\/uploads\/2015\/10\/IMG_7613_11111-300x300.jpg 300w, https:\/\/www.imakeyousmile.se\/wp-content\/uploads\/2015\/10\/IMG_7613_11111-1024x1020.jpg 1024w, https:\/\/www.imakeyousmile.se\/wp-content\/uploads\/2015\/10\/IMG_7613_11111-696x693.jpg 696w, https:\/\/www.imakeyousmile.se\/wp-content\/uploads\/2015\/10\/IMG_7613_11111-1068x1064.jpg 1068w, https:\/\/www.imakeyousmile.se\/wp-content\/uploads\/2015\/10\/IMG_7613_11111-422x420.jpg 422w\" sizes=\"(max-width: 2500px) 100vw, 2500px\" \/><\/a><\/p>\n<p>Can really recommend Monica to you who want to make a fun change!<\/p>\n<p><a href=\"http:\/\/www.imakeyousmile.se\/wp-content\/uploads\/2015\/10\/IMG_7626_111.jpg\"><img loading=\"lazy\" decoding=\"async\" class=\"alignnone size-full wp-image-22369\" src=\"http:\/\/www.imakeyousmile.se\/wp-content\/uploads\/2015\/10\/IMG_7626_111.jpg\" alt=\"IMG_7626_111\" width=\"2500\" height=\"2319\" srcset=\"https:\/\/www.imakeyousmile.se\/wp-content\/uploads\/2015\/10\/IMG_7626_111.jpg 2500w, https:\/\/www.imakeyousmile.se\/wp-content\/uploads\/2015\/10\/IMG_7626_111-300x278.jpg 300w, https:\/\/www.imakeyousmile.se\/wp-content\/uploads\/2015\/10\/IMG_7626_111-1024x950.jpg 1024w, https:\/\/www.imakeyousmile.se\/wp-content\/uploads\/2015\/10\/IMG_7626_111-696x646.jpg 696w, https:\/\/www.imakeyousmile.se\/wp-content\/uploads\/2015\/10\/IMG_7626_111-1068x991.jpg 1068w, https:\/\/www.imakeyousmile.se\/wp-content\/uploads\/2015\/10\/IMG_7626_111-453x420.jpg 453w\" sizes=\"(max-width: 2500px) 100vw, 2500px\" \/><\/a><\/p>\n<p>What do you think? :)<\/p>","protected":false},"excerpt":{"rendered":"<p>En leverant\u00f6r (som jag tr\u00e4ffade senast f\u00f6r 2 veckor sen) var f\u00f6rbi salongen idag: Jag &#8211; Heeej! \u00c4r det bra med dig? Han &#8211; Hej! Eh jaa, jag s\u00f6ker Helena \u00e4r hon h\u00e4r? Jag &#8211; Du menar Annika? Nej hon \u00e4r inte h\u00e4r idag tyv\u00e4rr. Han &#8211; Nej, Helena, \u00e4r hon inte h\u00e4r? Jag &#8211; [&hellip;]<\/p>\n","protected":false},"author":30,"featured_media":22370,"comment_status":"open","ping_status":"closed","sticky":false,"template":"","format":"standard","meta":{"footnotes":""},"categories":[2862],"tags":[4100,4102,1255,2797,3910,4099,3817,4101],"class_list":["post-22367","post","type-post","status-publish","format-standard","has-post-thumbnail","hentry","category-har","tag-bra-frisor-i-uppsala","tag-fargad-harinpackning","tag-frisor-uppsala","tag-monica-werner","tag-rosa-har","tag-rose-hair","tag-rose-harfarg","tag-rose-inpackning"],"yoast_head":"<!-- This site is optimized with the Yoast SEO Premium plugin v14.9 - https:\/\/yoast.com\/wordpress\/plugins\/seo\/ -->\n<meta name=\"description\" content=\"H\u00e5rfager hos Monica Werner | Helena Amiley - H\u00e4r hittar du senaste infromation om sk\u00f6nhet, livsstil, entrepren\u00f6rskap, makeup &amp; tips.\" \/>\n<meta name=\"robots\" content=\"index, follow, max-snippet:-1, max-image-preview:large, max-video-preview:-1\" \/>\n<link rel=\"canonical\" href=\"https:\/\/www.imakeyousmile.se\/en\/harfager-hos-monica-werner\/\" \/>\n<meta property=\"og:locale\" content=\"en_US\" \/>\n<meta property=\"og:type\" content=\"article\" \/>\n<meta property=\"og:title\" content=\"H\u00e5rfager hos Monica Werner | Imakeyousmile.se\" \/>\n<meta property=\"og:description\" content=\"H\u00e5rfager hos Monica Werner | Helena Amiley - H\u00e4r hittar du senaste infromation om sk\u00f6nhet, livsstil, entrepren\u00f6rskap, makeup &amp; tips.\" \/>\n<meta property=\"og:url\" content=\"https:\/\/www.imakeyousmile.se\/en\/harfager-hos-monica-werner\/\" \/>\n<meta property=\"og:site_name\" content=\"Imakeyousmile.se\" \/>\n<meta property=\"article:author\" content=\"https:\/\/www.facebook.com\/imakeyousmile.se\" \/>\n<meta property=\"article:published_time\" content=\"2015-10-21T17:38:56+00:00\" \/>\n<meta property=\"og:image\" content=\"https:\/\/www.imakeyousmile.se\/wp-content\/uploads\/2015\/10\/IMG_7633_111.jpg\" \/>\n\t<meta property=\"og:image:width\" content=\"2500\" \/>\n\t<meta property=\"og:image:height\" content=\"2179\" \/>\n<meta name=\"twitter:card\" content=\"summary_large_image\" \/>\n<script type=\"application\/ld+json\" class=\"yoast-schema-graph\">{\"@context\":\"https:\/\/schema.org\",\"@graph\":[{\"@type\":\"Organization\",\"@id\":\"https:\/\/www.imakeyousmile.se\/en\/#organization\",\"name\":\"Imakeyousmile\",\"url\":\"https:\/\/www.imakeyousmile.se\/en\/\",\"sameAs\":[],\"logo\":{\"@type\":\"ImageObject\",\"@id\":\"https:\/\/www.imakeyousmile.se\/en\/#logo\",\"inLanguage\":\"en-US\",\"url\":\"https:\/\/www.imakeyousmile.se\/wp-content\/uploads\/2020\/10\/HELENA-AMILEY_SVART-1-e1603367975324.png\",\"width\":280,\"height\":93,\"caption\":\"Imakeyousmile\"},\"image\":{\"@id\":\"https:\/\/www.imakeyousmile.se\/en\/#logo\"}},{\"@type\":\"WebSite\",\"@id\":\"https:\/\/www.imakeyousmile.se\/en\/#website\",\"url\":\"https:\/\/www.imakeyousmile.se\/en\/\",\"name\":\"Imakeyousmile.se\",\"description\":\"Helena Amiley - Beauty, Entrepreneur, Lifestyle\",\"publisher\":{\"@id\":\"https:\/\/www.imakeyousmile.se\/en\/#organization\"},\"potentialAction\":[{\"@type\":\"SearchAction\",\"target\":\"https:\/\/www.imakeyousmile.se\/en\/?s={search_term_string}\",\"query-input\":\"required name=search_term_string\"}],\"inLanguage\":\"en-US\"},{\"@type\":\"ImageObject\",\"@id\":\"https:\/\/www.imakeyousmile.se\/harfager-hos-monica-werner\/#primaryimage\",\"inLanguage\":\"en-US\",\"url\":\"https:\/\/www.imakeyousmile.se\/wp-content\/uploads\/2015\/10\/IMG_7633_111.jpg\",\"width\":2500,\"height\":2179},{\"@type\":\"WebPage\",\"@id\":\"https:\/\/www.imakeyousmile.se\/harfager-hos-monica-werner\/#webpage\",\"url\":\"https:\/\/www.imakeyousmile.se\/harfager-hos-monica-werner\/\",\"name\":\"H\\u00e5rfager hos Monica Werner | Imakeyousmile.se\",\"isPartOf\":{\"@id\":\"https:\/\/www.imakeyousmile.se\/en\/#website\"},\"primaryImageOfPage\":{\"@id\":\"https:\/\/www.imakeyousmile.se\/harfager-hos-monica-werner\/#primaryimage\"},\"datePublished\":\"2015-10-21T17:38:56+00:00\",\"dateModified\":\"2015-10-21T17:38:56+00:00\",\"description\":\"H\\u00e5rfager hos Monica Werner | Helena Amiley - H\\u00e4r hittar du senaste infromation om sk\\u00f6nhet, livsstil, entrepren\\u00f6rskap, makeup & tips.\",\"inLanguage\":\"en-US\",\"potentialAction\":[{\"@type\":\"ReadAction\",\"target\":[\"https:\/\/www.imakeyousmile.se\/harfager-hos-monica-werner\/\"]}]},{\"@type\":\"Article\",\"@id\":\"https:\/\/www.imakeyousmile.se\/harfager-hos-monica-werner\/#article\",\"isPartOf\":{\"@id\":\"https:\/\/www.imakeyousmile.se\/harfager-hos-monica-werner\/#webpage\"},\"author\":{\"@id\":\"https:\/\/www.imakeyousmile.se\/en\/#\/schema\/person\/b0fd43b1c6bb1c60cfd68bff9b4a10fb\"},\"headline\":\"H\\u00e5rfager hos Monica Werner\",\"datePublished\":\"2015-10-21T17:38:56+00:00\",\"dateModified\":\"2015-10-21T17:38:56+00:00\",\"mainEntityOfPage\":{\"@id\":\"https:\/\/www.imakeyousmile.se\/harfager-hos-monica-werner\/#webpage\"},\"commentCount\":9,\"publisher\":{\"@id\":\"https:\/\/www.imakeyousmile.se\/en\/#organization\"},\"image\":{\"@id\":\"https:\/\/www.imakeyousmile.se\/harfager-hos-monica-werner\/#primaryimage\"},\"keywords\":\"bra fris\\u00f6r i uppsala,f\\u00e4rgad h\\u00e5rinpackning,fris\\u00f6r uppsala,monica werner,rosa h\\u00e5r,ros\\u00e9 hair,ros\\u00e9 h\\u00e5rf\\u00e4rg,ros\\u00e9 inpackning\",\"articleSection\":\"H\\u00e5r\",\"inLanguage\":\"en-US\",\"potentialAction\":[{\"@type\":\"CommentAction\",\"name\":\"Comment\",\"target\":[\"https:\/\/www.imakeyousmile.se\/harfager-hos-monica-werner\/#respond\"]}]},{\"@type\":\"Person\",\"@id\":\"https:\/\/www.imakeyousmile.se\/en\/#\/schema\/person\/b0fd43b1c6bb1c60cfd68bff9b4a10fb\",\"name\":\"Helena Amiley\",\"image\":{\"@type\":\"ImageObject\",\"@id\":\"https:\/\/www.imakeyousmile.se\/en\/#personlogo\",\"inLanguage\":\"en-US\",\"url\":\"https:\/\/secure.gravatar.com\/avatar\/5645558e1e355457a23368d7e1b4c904?s=96&d=mm&r=g\",\"caption\":\"Helena Amiley\"},\"description\":\"Jag skriver mest om sk\\u00f6nhet men bjuder \\u00e4ven p\\u00e5 glimtar fr\\u00e5n entrepren\\u00f6rlivet och bygget av v\\u00e5r egen camper van. Vanlife here we come!\",\"sameAs\":[\"https:\/\/www.facebook.com\/imakeyousmile.se\",\"https:\/\/www.instagram.com\/helenaamiley\",\"https:\/\/www.youtube.com\/channel\/UCR5iB6rvpV6Yr8ZjpQfr5mg?view_as=subscriber\"]}]}<\/script>\n<!-- \/ Yoast SEO Premium plugin. -->","_links":{"self":[{"href":"https:\/\/www.imakeyousmile.se\/en\/wp-json\/wp\/v2\/posts\/22367"}],"collection":[{"href":"https:\/\/www.imakeyousmile.se\/en\/wp-json\/wp\/v2\/posts"}],"about":[{"href":"https:\/\/www.imakeyousmile.se\/en\/wp-json\/wp\/v2\/types\/post"}],"author":[{"embeddable":true,"href":"https:\/\/www.imakeyousmile.se\/en\/wp-json\/wp\/v2\/users\/30"}],"replies":[{"embeddable":true,"href":"https:\/\/www.imakeyousmile.se\/en\/wp-json\/wp\/v2\/comments?post=22367"}],"version-history":[{"count":3,"href":"https:\/\/www.imakeyousmile.se\/en\/wp-json\/wp\/v2\/posts\/22367\/revisions"}],"predecessor-version":[{"id":22375,"href":"https:\/\/www.imakeyousmile.se\/en\/wp-json\/wp\/v2\/posts\/22367\/revisions\/22375"}],"wp:featuredmedia":[{"embeddable":true,"href":"https:\/\/www.imakeyousmile.se\/en\/wp-json\/wp\/v2\/media\/22370"}],"wp:attachment":[{"href":"https:\/\/www.imakeyousmile.se\/en\/wp-json\/wp\/v2\/media?parent=22367"}],"wp:term":[{"taxonomy":"category","embeddable":true,"href":"https:\/\/www.imakeyousmile.se\/en\/wp-json\/wp\/v2\/categories?post=22367"},{"taxonomy":"post_tag","embeddable":true,"href":"https:\/\/www.imakeyousmile.se\/en\/wp-json\/wp\/v2\/tags?post=22367"}],"curies":[{"name":"wp","href":"https:\/\/api.w.org\/{rel}","templated":true}]}}